{"id":66516,"date":"2025-08-10T12:44:57","date_gmt":"2025-08-10T12:44:57","guid":{"rendered":"https:\/\/ikimisli.tr\/?p=66516"},"modified":"2025-08-10T12:44:57","modified_gmt":"2025-08-10T12:44:57","slug":"istanbulun-bir-ilcesi-de-listede-iste-denize-girmenin-yasaklandigi-yerler","status":"publish","type":"post","link":"https:\/\/ikimisli.tr\/index.php\/2025\/08\/10\/istanbulun-bir-ilcesi-de-listede-iste-denize-girmenin-yasaklandigi-yerler\/","title":{"rendered":"\u0130stanbul&#8217;un bir il\u00e7esi de listede! \u0130\u015fte denize girmenin yasakland\u0131\u011f\u0131 yerler"},"content":{"rendered":"<p>Karadeniz b\u00f6lgesinde tesirli olan mak\u00fbs hava ko\u015fullar\u0131 ve y\u00fcksek dalgalar, bir\u00e7ok vilayet ve il\u00e7ede denize girilmesini engelledi. Meteoroloji Genel M\u00fcd\u00fcrl\u00fc\u011f\u00fc datalar\u0131na nazaran, dalga uzunluklar\u0131n\u0131n yer yer 3 metreye kadar ula\u015fmas\u0131 ve kuvvetli r\u00fczgarlar\u0131n tesirini s\u00fcrd\u00fcrmesi bekleniyor. Bu nedenle Artvin, Trabzon, Rize, \u0130stanbul\u2019un birtak\u0131m b\u00f6lgeleri ve K\u0131rklareli\u2019ndeki yetkililer, vatanda\u015flar\u0131n can g\u00fcvenli\u011fini sa\u011flamak gayesiyle k\u0131y\u0131larda y\u00fczme yasa\u011f\u0131 getirdi.<\/p>\n<p><b>ARTV\u0130N<\/b><\/p>\n<p>Artvin Valili\u011fi, meteorolojik datalara dayanarak 9-10 A\u011fustos tarihlerinde olumsuz hava ve deniz kaideleri nedeniyle vilayet genelinde denize girmenin yasakland\u0131\u011f\u0131n\u0131 duyurdu. Dalga y\u00fcksekli\u011fi yer yer 3 metreye ula\u015f\u0131rken, kuvvetli r\u00fczgar\u0131n da tesirli olaca\u011f\u0131 belirtildi.<\/p>\n<p><b>TRABZON<\/b><\/p>\n<p>Trabzon Valili\u011fi ise toplumsal medya hesab\u0131ndan yapt\u0131\u011f\u0131 a\u00e7\u0131klamada, dalga y\u00fcksekli\u011finin 1 metreyi bulmas\u0131 nedeniyle beklenen bo\u011fulma riskine kar\u015f\u0131 vilayet genelinde denize giri\u015f yasa\u011f\u0131 getirildi\u011fini a\u00e7\u0131klad\u0131.<\/p>\n<p><b>R\u0130ZE<\/b><\/p>\n<p>Rize\u2019de ise 9-10 A\u011fustos tarihlerinde dalga y\u00fcksekli\u011finin 1,5 ila 2 metre ortas\u0131nda, kimi yerlerde ise 3 metreye kadar \u00e7\u0131kaca\u011f\u0131, r\u00fczgar\u0131n kuvvetli ve vakit zaman \u00e7ok kuvvetli esece\u011fi bildirildi. Bu tarihler ortas\u0131nda vatanda\u015flar\u0131n denize girmemesi istendi.<\/p>\n<p><b>\u0130STANBUL&#8217;UN B\u0130R \u0130L\u00c7ES\u0130NDE YASAK<\/b><\/p>\n<p>\u0130stanbul Beykoz il\u00e7esi genelinde ve Sar\u0131yer\u2019in K\u0131s\u0131rkaya Plaj\u0131\u2019nda 10 A\u011fustos\u2019a kadar denize giri\u015fler yasakland\u0131.<\/p>\n<p><b>KIRKLAREL\u0130<\/b><\/p>\n<p>K\u0131rklareli\u2019nin Vize il\u00e7esinde de 6-9 A\u011fustos tarihleri ortas\u0131nda beklenen \u015fiddetli r\u00fczgarlar nedeniyle t\u00fcm plajlarda denize girilmesi yasakland\u0131. Vize Kaymakaml\u0131\u011f\u0131 taraf\u0131ndan yap\u0131lan a\u00e7\u0131klamada, vatanda\u015flar\u0131n can ve mal g\u00fcvenli\u011fi a\u00e7\u0131s\u0131ndan al\u0131nan bu tedbirlere uymas\u0131 gerekti\u011fi vurguland\u0131.<\/p>\n","protected":false},"excerpt":{"rendered":"<p>Karadeniz k\u0131y\u0131lar\u0131nda tesirli olan olumsuz hava ve deniz \u015fartlar\u0131 nedeniyle Artvin, Trabzon, Rize, \u0130stanbul\u2019un birtak\u0131m il\u00e7eleri ve K\u0131rklareli\u2019nde denize giri\u015fler can g\u00fcvenli\u011fi gerek\u00e7esiyle yasakland\u0131.<\/p>\n","protected":false},"author":1,"featured_media":66517,"comment_status":"open","ping_status":"open","sticky":false,"template":"","format":"standard","meta":{"footnotes":""},"categories":[25],"tags":[3536,7093,3504],"class_list":["post-66516","post","type-post","status-publish","format-standard","has-post-thumbnail","hentry","category-gundem","tag-dalga","tag-denize","tag-metre"],"_links":{"self":[{"href":"https:\/\/ikimisli.tr\/index.php\/wp-json\/wp\/v2\/posts\/66516","targetHints":{"allow":["GET"]}}],"collection":[{"href":"https:\/\/ikimisli.tr\/index.php\/wp-json\/wp\/v2\/posts"}],"about":[{"href":"https:\/\/ikimisli.tr\/index.php\/wp-json\/wp\/v2\/types\/post"}],"author":[{"embeddable":true,"href":"https:\/\/ikimisli.tr\/index.php\/wp-json\/wp\/v2\/users\/1"}],"replies":[{"embeddable":true,"href":"https:\/\/ikimisli.tr\/index.php\/wp-json\/wp\/v2\/comments?post=66516"}],"version-history":[{"count":1,"href":"https:\/\/ikimisli.tr\/index.php\/wp-json\/wp\/v2\/posts\/66516\/revisions"}],"predecessor-version":[{"id":66518,"href":"https:\/\/ikimisli.tr\/index.php\/wp-json\/wp\/v2\/posts\/66516\/revisions\/66518"}],"wp:featuredmedia":[{"embeddable":true,"href":"https:\/\/ikimisli.tr\/index.php\/wp-json\/wp\/v2\/media\/66517"}],"wp:attachment":[{"href":"https:\/\/ikimisli.tr\/index.php\/wp-json\/wp\/v2\/media?parent=66516"}],"wp:term":[{"taxonomy":"category","embeddable":true,"href":"https:\/\/ikimisli.tr\/index.php\/wp-json\/wp\/v2\/categories?post=66516"},{"taxonomy":"post_tag","embeddable":true,"href":"https:\/\/ikimisli.tr\/index.php\/wp-json\/wp\/v2\/tags?post=66516"}],"curies":[{"name":"wp","href":"https:\/\/api.w.org\/{rel}","templated":true}]}}