{"id":66519,"date":"2025-08-10T12:56:59","date_gmt":"2025-08-10T12:56:59","guid":{"rendered":"https:\/\/ikimisli.tr\/?p=66519"},"modified":"2025-08-10T12:56:59","modified_gmt":"2025-08-10T12:56:59","slug":"sapancada-hayatini-kaybeden-dalgicla-ilgili-kahreden-detay","status":"publish","type":"post","link":"https:\/\/ikimisli.tr\/index.php\/2025\/08\/10\/sapancada-hayatini-kaybeden-dalgicla-ilgili-kahreden-detay\/","title":{"rendered":"Sapanca\u2019da hayat\u0131n\u0131 kaybeden dalg\u0131\u00e7la ilgili kahreden detay"},"content":{"rendered":"<p>Sakarya&#8217;n\u0131n Sapanca il\u00e7esinde Sapanca G\u00f6l\u00fc&#8217;nde yap\u0131lan pakl\u0131k s\u0131ras\u0131nda hayat\u0131n\u0131 kaybeden Sakarya Su ve Kanalizasyon Y\u00f6netimi&#8217;nde (SASK\u0130) misyonlu dalg\u0131\u00e7 Melikcan Yeni\u015fen (31), Kocaeli&#8217;nin Kartepe il\u00e7esinde topra\u011fa verildi. Yeni\u015fen&#8217;in 21 g\u00fcn evvel evlendi\u011fi \u00f6\u011frenildi.\u00a0<\/p>\n<p>Sapanca G\u00f6l\u00fc&#8217;nde yakla\u015f\u0131k 1 ay evvel \u00f6zel bir firma ile g\u00f6ldeki toplam 2 bin 500 metrelik \u00e7izginin temizlenmesi i\u00e7in mutabakat yap\u0131ld\u0131. 15 ki\u015filik dalg\u0131\u00e7 grubu, muhakkak aral\u0131klarla g\u00f6ldeki pakl\u0131k i\u015fini yapmaya ba\u015flad\u0131. 3 ki\u015filik dalg\u0131\u00e7 grubu, d\u00fcn \u00f6\u011flen saatlerinde g\u00f6lde \u00e7al\u0131\u015fma yapt\u0131. Bu s\u0131rada SASK\u0130&#8217;de misyonlu dalg\u0131\u00e7lardan Melikcan Yeni\u015fen, 25 metre derinli\u011finden su y\u00fczeyine \u00e7\u0131kmad\u0131. Ba\u015fka dalg\u0131\u00e7lar, g\u00f6le dal\u0131\u015f yap\u0131p, Yeni\u015fen&#8217;i hareketsiz halde buldu. G\u00f6lden \u00e7\u0131kart\u0131lan Yeni\u015fen, ambulansla Sakarya E\u011fitim ve Ara\u015ft\u0131rma Hastanesi&#8217;ne kald\u0131r\u0131ld\u0131. Burada tedaviye al\u0131nan Yeni\u015fen, \u00f6mr\u00fcn\u00fc yitirdi. 21 g\u00fcn evvel evlendi\u011fi \u00f6\u011frenilen Melikcan Yeni\u015fen&#8217;in, 25 metrelik derinlikte vurgun yedikten sonra bo\u011fuldu\u011fu d\u00fc\u015f\u00fcn\u00fcl\u00fcyor.<\/p>\n<p><b>YAKINLARI TESL\u0130M ALDI<\/b><\/p>\n<p>Otopsi s\u00fcre\u00e7lerin tamamlanmas\u0131n\u0131n akabinde ailesi taraf\u0131ndan teslim al\u0131nan Yeni\u015fen&#8217;in cenazesi, memleketi Kocaeli&#8217;nin Kartepe il\u00e7esi Uzuntarla Mahallesi&#8217;ndeki evine getirildi. AK Parti Kocaeli Milletvekili Sami \u00c7ak\u0131r, CHP Kocaeli Milletvekili M\u00fchip Kanko, Kocaeli Vilayet Emniyet M\u00fcd\u00fcr\u00fc Faruk Karaduman, Kartepe Belediye Lideri Mustafa Kocaman ve Yeni\u015fen&#8217;in yak\u0131nlar\u0131, aileye taziyede bulundu. Uzuntarla Merkez Mezarl\u0131\u011f\u0131&#8217;na g\u00f6t\u00fcr\u00fclen Yeni\u015fen&#8217;in cenazesi, \u00f6\u011flen namaz\u0131 sonras\u0131 k\u0131l\u0131nan namaz\u0131n akabinde topra\u011fa verildi.<\/p>\n","protected":false},"excerpt":{"rendered":"<p>Sapanca G\u00f6l\u00fc pakl\u0131\u011f\u0131nda \u00f6mr\u00fcn\u00fc yitiren 31 ya\u015f\u0131ndaki Melikcan Yeni\u015fen&#8217;le ilgili kahreden bir ayr\u0131nt\u0131 ortaya \u00e7\u0131kt\u0131. Yeni\u015fen daha 21 g\u00fcnl\u00fck evliymi\u015f&#8230;<\/p>\n","protected":false},"author":1,"featured_media":66520,"comment_status":"open","ping_status":"open","sticky":false,"template":"","format":"standard","meta":{"footnotes":""},"categories":[25],"tags":[8251,1723],"class_list":["post-66519","post","type-post","status-publish","format-standard","has-post-thumbnail","hentry","category-gundem","tag-dalgic","tag-kocaeli"],"_links":{"self":[{"href":"https:\/\/ikimisli.tr\/index.php\/wp-json\/wp\/v2\/posts\/66519","targetHints":{"allow":["GET"]}}],"collection":[{"href":"https:\/\/ikimisli.tr\/index.php\/wp-json\/wp\/v2\/posts"}],"about":[{"href":"https:\/\/ikimisli.tr\/index.php\/wp-json\/wp\/v2\/types\/post"}],"author":[{"embeddable":true,"href":"https:\/\/ikimisli.tr\/index.php\/wp-json\/wp\/v2\/users\/1"}],"replies":[{"embeddable":true,"href":"https:\/\/ikimisli.tr\/index.php\/wp-json\/wp\/v2\/comments?post=66519"}],"version-history":[{"count":1,"href":"https:\/\/ikimisli.tr\/index.php\/wp-json\/wp\/v2\/posts\/66519\/revisions"}],"predecessor-version":[{"id":66521,"href":"https:\/\/ikimisli.tr\/index.php\/wp-json\/wp\/v2\/posts\/66519\/revisions\/66521"}],"wp:featuredmedia":[{"embeddable":true,"href":"https:\/\/ikimisli.tr\/index.php\/wp-json\/wp\/v2\/media\/66520"}],"wp:attachment":[{"href":"https:\/\/ikimisli.tr\/index.php\/wp-json\/wp\/v2\/media?parent=66519"}],"wp:term":[{"taxonomy":"category","embeddable":true,"href":"https:\/\/ikimisli.tr\/index.php\/wp-json\/wp\/v2\/categories?post=66519"},{"taxonomy":"post_tag","embeddable":true,"href":"https:\/\/ikimisli.tr\/index.php\/wp-json\/wp\/v2\/tags?post=66519"}],"curies":[{"name":"wp","href":"https:\/\/api.w.org\/{rel}","templated":true}]}}