{"id":66619,"date":"2025-08-10T18:32:58","date_gmt":"2025-08-10T18:32:58","guid":{"rendered":"https:\/\/ikimisli.tr\/?p=66619"},"modified":"2025-08-10T18:32:58","modified_gmt":"2025-08-10T18:32:58","slug":"samsunspor-iki-golle-guldu","status":"publish","type":"post","link":"https:\/\/ikimisli.tr\/index.php\/2025\/08\/10\/samsunspor-iki-golle-guldu\/","title":{"rendered":"Samsunspor iki golle g\u00fcld\u00fc"},"content":{"rendered":"<p>S\u00fcper Lig\u2019in birinci haftas\u0131nda Samsunspor, kendi alan\u0131nda a\u011f\u0131rlad\u0131\u011f\u0131 Gen\u00e7lerbirli\u011fi\u2019ni 2-1 ma\u011flup etti. Ma\u00e7 \u00f6ncesi Samsunspor Futbol Y\u00f6neticisi Fuat \u00c7apa, bir devir Samsunspor\u2019u \u00e7al\u0131\u015ft\u0131ran Gen\u00e7lerbirli\u011fi Teknik Y\u00f6neticisi H\u00fcseyin Ero\u011flu\u2019na \u00e7i\u00e7ek takdim etti.<\/p>\n<p>38\u2019inci dakikada Tomasson\u2019un ceza alan\u0131na yapt\u0131\u011f\u0131 ortada Kyabou\u2019nun eline \u00e7arpan topta hakem penalt\u0131 noktas\u0131n\u0131 g\u00f6sterdi. Moundilmadji\u2019nin kulland\u0131\u011f\u0131 penalt\u0131da me\u015fin yuvarlak a\u011flarla bulu\u015ftu: 1-0. M\u00fcsabakan\u0131n birinci yar\u0131s\u0131 Samsunspor&#8217;un 1-0&#8217;l\u0131k \u00fcst\u00fcnl\u00fc\u011f\u00fcyle sonu\u00e7land\u0131.<\/p>\n<p><b>\u0130K\u0130NC\u0130 YARI \u0130K\u0130 GOL \u00c7IKTI<\/b><\/p>\n<p>67\u2019nci dakikada Emre K\u0131l\u0131n\u00e7\u2019\u0131n pas\u0131yla bulu\u015fan Holse&#8217;nin ceza alan\u0131 d\u0131\u015f\u0131ndan kaleye \u00e7ekti\u011fi sert \u015fut a\u011flarla bulu\u015ftu: 2-0.<\/p>\n<p>88\u2019inci dakikada Samsunspor defans\u0131n\u0131n uzakla\u015ft\u0131ramad\u0131\u011f\u0131 topla bulu\u015fan Metehan\u2019\u0131n vuru\u015funda me\u015fin yuvarlak a\u011flara gitti: 2-1.<\/p>\n<p>Kar\u015f\u0131la\u015fma Samsunspor&#8217;un 2-1 \u00fcst\u00fcnl\u00fc\u011f\u00fcyle tamamland\u0131.<\/p>\n<p>\u00a0<\/p>\n","protected":false},"excerpt":{"rendered":"<p>\u00dcst\u00fcn Lig\u2019in 2025-2026 d\u00f6neminin 1. haftas\u0131nda Samsunspor konuk etti\u011fi Gen\u00e7lerbirli\u011fi\u2019ni 2-1 ma\u011flup etti.<\/p>\n","protected":false},"author":1,"featured_media":66620,"comment_status":"open","ping_status":"open","sticky":false,"template":"","format":"standard","meta":{"footnotes":""},"categories":[30],"tags":[2620],"class_list":["post-66619","post","type-post","status-publish","format-standard","has-post-thumbnail","hentry","category-spor","tag-samsunspor"],"_links":{"self":[{"href":"https:\/\/ikimisli.tr\/index.php\/wp-json\/wp\/v2\/posts\/66619","targetHints":{"allow":["GET"]}}],"collection":[{"href":"https:\/\/ikimisli.tr\/index.php\/wp-json\/wp\/v2\/posts"}],"about":[{"href":"https:\/\/ikimisli.tr\/index.php\/wp-json\/wp\/v2\/types\/post"}],"author":[{"embeddable":true,"href":"https:\/\/ikimisli.tr\/index.php\/wp-json\/wp\/v2\/users\/1"}],"replies":[{"embeddable":true,"href":"https:\/\/ikimisli.tr\/index.php\/wp-json\/wp\/v2\/comments?post=66619"}],"version-history":[{"count":1,"href":"https:\/\/ikimisli.tr\/index.php\/wp-json\/wp\/v2\/posts\/66619\/revisions"}],"predecessor-version":[{"id":66621,"href":"https:\/\/ikimisli.tr\/index.php\/wp-json\/wp\/v2\/posts\/66619\/revisions\/66621"}],"wp:featuredmedia":[{"embeddable":true,"href":"https:\/\/ikimisli.tr\/index.php\/wp-json\/wp\/v2\/media\/66620"}],"wp:attachment":[{"href":"https:\/\/ikimisli.tr\/index.php\/wp-json\/wp\/v2\/media?parent=66619"}],"wp:term":[{"taxonomy":"category","embeddable":true,"href":"https:\/\/ikimisli.tr\/index.php\/wp-json\/wp\/v2\/categories?post=66619"},{"taxonomy":"post_tag","embeddable":true,"href":"https:\/\/ikimisli.tr\/index.php\/wp-json\/wp\/v2\/tags?post=66619"}],"curies":[{"name":"wp","href":"https:\/\/api.w.org\/{rel}","templated":true}]}}