{"id":66994,"date":"2025-08-11T15:44:54","date_gmt":"2025-08-11T15:44:54","guid":{"rendered":"https:\/\/ikimisli.tr\/?p=66994"},"modified":"2025-08-11T15:44:54","modified_gmt":"2025-08-11T15:44:54","slug":"ibb-anketi-yayimladi-soz-istanbullularda","status":"publish","type":"post","link":"https:\/\/ikimisli.tr\/index.php\/2025\/08\/11\/ibb-anketi-yayimladi-soz-istanbullularda\/","title":{"rendered":"\u0130BB anketi yay\u0131mlad\u0131: S\u00f6z \u0130stanbullularda"},"content":{"rendered":"<p>\u0130BB Etraf Muhafaza ve Denetim Dairesi Ba\u015fkanl\u0131\u011f\u0131 \u00c7evre Koruma \u015eube M\u00fcd\u00fcrl\u00fc\u011f\u00fc uyumunda 2024 y\u0131l\u0131nda Etraf, \u015eehircilik ve \u0130klim De\u011fi\u015fikli\u011fi Bakanl\u0131\u011f\u0131nca onaylanan \u201cStratejik G\u00fcr\u00fclt\u00fc Haritalar\u0131\u201d sonu\u00e7lar\u0131na nazaran, dinamik bir kent yap\u0131s\u0131na uygun G\u00fcr\u00fclt\u00fc Hareket Plan\u0131 i\u00e7in devam eden \u00e7al\u0131\u015fmalarda sona yakla\u015f\u0131ld\u0131.<\/p>\n<p>Stratejik G\u00fcr\u00fclt\u00fc Haritalar\u0131 kapsam\u0131nda, karayolu, demiryolu, c\u00fcmb\u00fc\u015f ve sanayi tesisleri \u00fczere esas g\u00fcr\u00fclt\u00fc kaynaklar\u0131n\u0131n neden oldu\u011fu g\u00fcr\u00fclt\u00fcn\u00fcn yo\u011funlukta oldu\u011fu s\u0131cak noktalar belirlendi. Y\u00fcr\u00fct\u00fclen \u00e7al\u0131\u015fmalarda, alanda pratik olarak uygulanabilirli\u011fi ve maliyeti bedellendirilen 38 unsurdan olu\u015fan g\u00fcr\u00fclt\u00fc azalt\u0131m \u00f6nlemi \u00f6nerisi geli\u015ftirildi. Teklifler, ilgili \u00fcnite ve kurumlar\u0131n da i\u015ftirakiyle \u0130stanbul&#8217;un daima de\u011fi\u015fen dinamik yap\u0131s\u0131 g\u00f6z \u00f6n\u00fcne al\u0131narak ayr\u0131nt\u0131l\u0131 bir k\u0131ymetlendirme s\u00fcrecinden ge\u00e7erek haz\u0131rland\u0131.<\/p>\n<p><b>G\u00dcR\u00dcLT\u00dc AZALTIM \u00d6NLEMLER\u0130 \u0130STANBULLULARIN G\u00d6R\u00dc\u015e\u00dcNE SUNULDU<\/b><\/p>\n<p>\u0130BB, geli\u015ftirilen tekliflerin \u0130stanbullular\u0131n g\u00f6r\u00fc\u015f ve gereksinimleri do\u011frultusunda uygulanmas\u0131 i\u00e7in \u2018\u0130stanbul G\u00fcr\u00fclt\u00fc Aksiyon Plan\u0131 Anket\u2019 \u00e7al\u0131\u015fmas\u0131 ba\u015flatt\u0131. Haz\u0131rlanan anket ile \u0130stanbullular planlama s\u00fcrecine dahil olacak, daha sa\u011fl\u0131kl\u0131 ve huzurlu bir \u0130stanbul i\u00e7in at\u0131lacak ad\u0131mlar\u0131n tesirli olmas\u0131na katk\u0131 sa\u011flayacak. G\u00f6rselli sorularla desteklenen anket, i\u015ftirak\u00e7ilerin senaryolar \u00fczerinden direkt fikir beyan edebilmesini sa\u011fl\u0131yor.<\/p>\n<p>Daha ya\u015fanabilir bir kent olu\u015fturmak ismine planlama s\u00fcrecine katk\u0131 sunmak i\u00e7in haz\u0131rlanan G\u00fcr\u00fclt\u00fc Aksiyon Plan\u0131 Anketine https:\/\/forms.gle\/SXvBFCYhjfoJZtNW6 adresinden kat\u0131labilirsiniz.<\/p>\n<p><strong>Stratejik G\u00fcr\u00fclt\u00fc Haritalar\u0131 Hakk\u0131nda;<\/strong><\/p>\n<p>30 Kas\u0131m 2022 tarihli ve 32029 say\u0131l\u0131 Resmi Gazete\u2019de yay\u0131mlanan \u00c7evresel G\u00fcr\u00fclt\u00fc Denetim Y\u00f6netmeli\u011fi (\u00c7GKY) kapsam\u0131nda, \u00e7evresel g\u00fcr\u00fclt\u00fcn\u00fcn insan ve etraf s\u0131hhati \u00fczerindeki olumsuz tesirlerinin \u00f6nlenmesi hedefleniyor. Y\u00f6netmelik; g\u00fcr\u00fclt\u00fc haritalar\u0131n\u0131n ve aksiyon planlar\u0131n\u0131n haz\u0131rlanmas\u0131, azalt\u0131m \u00f6nlemlerinin uygulanmas\u0131 ve bu bahiste kamuoyunun bilgilendirilmesini i\u00e7eriyor. Bu do\u011frultuda \u0130stanbul B\u00fcy\u00fck\u015fehir Belediyesi, \u0130stanbul geneli i\u00e7in haz\u0131rlad\u0131\u011f\u0131 Stratejik G\u00fcr\u00fclt\u00fc Haritalar\u0131n\u0131 2024 y\u0131l\u0131nda yay\u0131mlad\u0131. \u0130stanbul Stratejik G\u00fcr\u00fclt\u00fc Haritalar\u0131 https:\/\/cevre.ibb.istanbul\/cevre-koruma-sube-mudurlugu\/#toggle-id-5 adresinde yer al\u0131yor.<\/p>\n","protected":false},"excerpt":{"rendered":"<p>\u0130stanbul B\u00fcy\u00fck\u015fehir Belediyesi, \u00e7evresel g\u00fcr\u00fclt\u00fcyle gayrette k\u0131ymetli bir etaba geldi. G\u00fcr\u00fclt\u00fc Aksiyon Plan\u0131 kapsam\u0131nda kentteki g\u00fcr\u00fclt\u00fc kaynaklar\u0131n\u0131 tahlil ederek 38 unsurdan olu\u015fan uygulanabilir ve tesirli g\u00fcr\u00fclt\u00fc azalt\u0131m \u00f6nlemi \u00f6nerisi haz\u0131rland\u0131.<\/p>\n","protected":false},"author":1,"featured_media":66995,"comment_status":"open","ping_status":"open","sticky":false,"template":"","format":"standard","meta":{"footnotes":""},"categories":[25],"tags":[1577,8271,380],"class_list":["post-66994","post","type-post","status-publish","format-standard","has-post-thumbnail","hentry","category-gundem","tag-cevre","tag-gurultu","tag-istanbul"],"_links":{"self":[{"href":"https:\/\/ikimisli.tr\/index.php\/wp-json\/wp\/v2\/posts\/66994","targetHints":{"allow":["GET"]}}],"collection":[{"href":"https:\/\/ikimisli.tr\/index.php\/wp-json\/wp\/v2\/posts"}],"about":[{"href":"https:\/\/ikimisli.tr\/index.php\/wp-json\/wp\/v2\/types\/post"}],"author":[{"embeddable":true,"href":"https:\/\/ikimisli.tr\/index.php\/wp-json\/wp\/v2\/users\/1"}],"replies":[{"embeddable":true,"href":"https:\/\/ikimisli.tr\/index.php\/wp-json\/wp\/v2\/comments?post=66994"}],"version-history":[{"count":1,"href":"https:\/\/ikimisli.tr\/index.php\/wp-json\/wp\/v2\/posts\/66994\/revisions"}],"predecessor-version":[{"id":66996,"href":"https:\/\/ikimisli.tr\/index.php\/wp-json\/wp\/v2\/posts\/66994\/revisions\/66996"}],"wp:featuredmedia":[{"embeddable":true,"href":"https:\/\/ikimisli.tr\/index.php\/wp-json\/wp\/v2\/media\/66995"}],"wp:attachment":[{"href":"https:\/\/ikimisli.tr\/index.php\/wp-json\/wp\/v2\/media?parent=66994"}],"wp:term":[{"taxonomy":"category","embeddable":true,"href":"https:\/\/ikimisli.tr\/index.php\/wp-json\/wp\/v2\/categories?post=66994"},{"taxonomy":"post_tag","embeddable":true,"href":"https:\/\/ikimisli.tr\/index.php\/wp-json\/wp\/v2\/tags?post=66994"}],"curies":[{"name":"wp","href":"https:\/\/api.w.org\/{rel}","templated":true}]}}