{"id":67167,"date":"2025-08-12T00:32:53","date_gmt":"2025-08-12T00:32:53","guid":{"rendered":"https:\/\/ikimisli.tr\/?p=67167"},"modified":"2025-08-12T00:32:53","modified_gmt":"2025-08-12T00:32:53","slug":"yagmur-colakin-bursunu-da-caldirlar","status":"publish","type":"post","link":"https:\/\/ikimisli.tr\/index.php\/2025\/08\/12\/yagmur-colakin-bursunu-da-caldirlar\/","title":{"rendered":"Ya\u011fmur \u00c7olak&#8217;\u0131n bursunu da \u00e7ald\u0131rlar"},"content":{"rendered":"<p>Okul birincisi ilan edip plaket verdi\u011fi, okul k\u00fct\u00fc\u011f\u00fcne ismini \u00e7akt\u0131\u011f\u0131 \u00f6\u011frenci yerine \u00f6b\u00fcr bir \u00f6\u011frencinin ismini \u2018birinci\u2019 diye \u00d6SYM\u2019ye g\u00f6nderen \u00f6zel okulun burslu \u00f6\u011frencilerden haks\u0131z para ald\u0131\u011f\u0131 tez edildi.<\/p>\n<p><strong>OKUL PARA ALDI<\/strong><\/p>\n<p>Birincilik hakk\u0131n\u0131n gasp edildi\u011fi \u015fikayetiyle C\u0130MER ile MEB\u2019e ba\u015fvuran \u00d6zel Ankara Ayy\u0131ld\u0131z Mesleksel ve Teknik Anadolu Lisesi birincisi Ya\u011fmur \u00c7olak, paras\u0131z e\u011fitim hakk\u0131n\u0131n da yendi\u011fini s\u00f6yledi. S\u00d6ZC\u00dc\u2019ye konu\u015fan \u00c7olak, 10\u2019uncu s\u0131n\u0131fta nakil yoluyla kayd\u0131n\u0131 yapt\u0131rd\u0131\u011f\u0131n\u0131, muvaffakiyet puan\u0131 nedeniyle okulun kendisini burslu kabul etti\u011fini, lakin okul fiyat\u0131n\u0131n her y\u0131l tahsil edildi\u011fini s\u00f6yledi. MEB\u2019in kay\u0131tlarda da \u2018\u00fccretsiz \u00f6\u011frenci\u2019 g\u00f6r\u00fcnen Ya\u011fmur \u00c7olak, \u201cBenden her y\u0131l e\u011fitim paras\u0131 al\u0131nd\u0131\u201d dedi. Ba\u015far\u0131l\u0131 \u00f6\u011frenci \u015f\u00f6yle devam etti:<\/p>\n<p><strong>\u015e\u0130KAYET ETT\u0130<\/strong><\/p>\n<p>\u201cDevlete \u2018\u00fccretsiz \u00f6\u011frenci\u2019 diye beyan edilirken bu benden gizlenmi\u015f. Birincilik hakk\u0131mla birlikte fiyats\u0131z bursluluk hakk\u0131m\u0131n da yenildi\u011fini \u00f6\u011frendim. B\u00fcy\u00fck \u0131st\u0131rap, itimat kayb\u0131 ve hayal k\u0131r\u0131kl\u0131\u011f\u0131 ya\u015f\u0131yorum.\u201d  <\/p>\n<p>\u00c7olak, C\u0130MER ve MEB\u2019e verdi\u011fi \u015fikayet dilek\u00e7esinde, birincilik ve bursluluk hakk\u0131n\u0131n gasp\u0131na ait soru\u015fturma ve inceleme yap\u0131larak ma\u011fduriyetinin giderilmesini istedi. <\/p>\n<p><img decoding=\"async\" src=\"https:\/\/ikimisli.tr\/wp-content\/uploads\/2025\/08\/yagmur-colakin-bursunu-da-caldirlar-0-aBVc5sEC.jpg\"\/><\/p>\n<p><b><span>MEB m\u00fcfetti\u015f g\u00f6revlendirdi<\/span><\/b><\/p>\n<p>Okul birincili\u011fi arg\u00fcmanlar\u0131yla ilgili g\u00f6r\u00fc\u015flerini sordu\u011fumuz MEB yetkilileri, d\u00fcn haberimiz \u00fczerine g\u00fcnlerden Pazar olmas\u0131na kar\u015f\u0131n m\u00fcfetti\u015f g\u00f6revlendirdi ve soru\u015fturma ba\u015flat\u0131ld\u0131. Olay\u0131n \u00fczerine titizlikle gidilece\u011fini, okulun bilgisayar kay\u0131tlar\u0131 incelendi\u011finde durumun ortaya \u00e7\u0131kaca\u011f\u0131n\u0131 s\u00f6z ettiler. Ya\u011fmur \u00c7olak, mezuniyet merasiminin akabinde not giri\u015flerinin devam etti\u011fi bilgisinin \u00f6\u011fretmenler taraf\u0131ndan kendisine verildi\u011fini s\u00f6yledi. <\/p>\n","protected":false},"excerpt":{"rendered":"<p>Liseyi birincilikle bitiren Ya\u011fmur \u00c7olak, sistemde ikinci oldu\u011funu g\u00f6r\u00fcnce y\u0131k\u0131ld\u0131. \u00dcst\u00fcne \u00fcstl\u00fck, paras\u0131n\u0131 \u00f6dedi\u011fi \u00f6zel okul, gen\u00e7 k\u0131z\u0131 \u201cburslu, fiyats\u0131z \u00f6\u011frenci\u201d olarak g\u00f6stermi\u015f.<\/p>\n","protected":false},"author":1,"featured_media":67168,"comment_status":"open","ping_status":"open","sticky":false,"template":"","format":"standard","meta":{"footnotes":""},"categories":[25],"tags":[8285,606,8284,658,1061],"class_list":["post-67167","post","type-post","status-publish","format-standard","has-post-thumbnail","hentry","category-gundem","tag-colak","tag-etti","tag-meb","tag-ogrenci","tag-okul"],"_links":{"self":[{"href":"https:\/\/ikimisli.tr\/index.php\/wp-json\/wp\/v2\/posts\/67167","targetHints":{"allow":["GET"]}}],"collection":[{"href":"https:\/\/ikimisli.tr\/index.php\/wp-json\/wp\/v2\/posts"}],"about":[{"href":"https:\/\/ikimisli.tr\/index.php\/wp-json\/wp\/v2\/types\/post"}],"author":[{"embeddable":true,"href":"https:\/\/ikimisli.tr\/index.php\/wp-json\/wp\/v2\/users\/1"}],"replies":[{"embeddable":true,"href":"https:\/\/ikimisli.tr\/index.php\/wp-json\/wp\/v2\/comments?post=67167"}],"version-history":[{"count":1,"href":"https:\/\/ikimisli.tr\/index.php\/wp-json\/wp\/v2\/posts\/67167\/revisions"}],"predecessor-version":[{"id":67170,"href":"https:\/\/ikimisli.tr\/index.php\/wp-json\/wp\/v2\/posts\/67167\/revisions\/67170"}],"wp:featuredmedia":[{"embeddable":true,"href":"https:\/\/ikimisli.tr\/index.php\/wp-json\/wp\/v2\/media\/67168"}],"wp:attachment":[{"href":"https:\/\/ikimisli.tr\/index.php\/wp-json\/wp\/v2\/media?parent=67167"}],"wp:term":[{"taxonomy":"category","embeddable":true,"href":"https:\/\/ikimisli.tr\/index.php\/wp-json\/wp\/v2\/categories?post=67167"},{"taxonomy":"post_tag","embeddable":true,"href":"https:\/\/ikimisli.tr\/index.php\/wp-json\/wp\/v2\/tags?post=67167"}],"curies":[{"name":"wp","href":"https:\/\/api.w.org\/{rel}","templated":true}]}}