{"id":67178,"date":"2025-08-12T00:56:52","date_gmt":"2025-08-12T00:56:52","guid":{"rendered":"https:\/\/ikimisli.tr\/?p=67178"},"modified":"2025-08-12T00:56:52","modified_gmt":"2025-08-12T00:56:52","slug":"otomotivde-alarm-zilleri","status":"publish","type":"post","link":"https:\/\/ikimisli.tr\/index.php\/2025\/08\/12\/otomotivde-alarm-zilleri\/","title":{"rendered":"Otomotivde alarm zilleri"},"content":{"rendered":"<p><em><strong>Ali Can POLAT<\/strong><\/em><\/p>\n<p>T\u00fcrkiye\u2019de en ucuz ara\u00e7 olarak bilinen yerli \u00fcretim ara\u00e7lar\u0131n pazar hissesi tarihi bir gerileme ile y\u00fczde 30\u2019un alt\u0131na d\u00fc\u015fm\u00fc\u015fken art\u0131k de araba \u00fcretimi gerilemeye ba\u015flad\u0131. Otomotiv Sanayii Derne\u011fi (OSD) bilgilerine nazaran 2025 y\u0131l\u0131n\u0131n birinci 7 ayl\u0131k devrinde trakt\u00f6r ve a\u011f\u0131r ticari ara\u00e7lar\u0131n tesiriyle toplam otomotiv \u00fcretimi y\u00fczde 1 art\u0131\u015fla \u00a0834 bin 838 adede ula\u015ft\u0131.<\/p>\n<p><strong>ZENG\u0130NLER ALDI<\/strong><\/p>\n<p>Ancak araba \u00fcretimi y\u00fczde 3.8 d\u00fc\u015f\u00fc\u015fle 521 bin 444 adede geriledi. Otomotiv ihracat\u0131 da y\u00fczde 5 d\u00fc\u015ft\u00fc. \u00a02025 y\u0131l\u0131 Ocak-Temmuz devrinde araba pazar\u0131nda ithal ara\u00e7lar\u0131n hissesi y\u00fczde 70 oldu ve sat\u0131\u015flar\u0131 y\u00fczde 7 oran\u0131nda artt\u0131. Yani arabas\u0131 de yaln\u0131zca zenginler ald\u0131. Hafif ticari ara\u00e7larda da yerli hissesi d\u00fc\u015ferken ithal hissesi artt\u0131. Y\u0131l\u0131n birinci 7 ay\u0131nda ge\u00e7en y\u0131l\u0131n t\u0131pk\u0131 periyoduna nazaran toplam hafif ticari ara\u00e7 sat\u0131\u015flar\u0131 y\u00fczde 6 ve ithal hafif ticari ara\u00e7 y\u00fczde 23 artarken, yerli ticari ara\u00e7 sat\u0131\u015flar\u0131 y\u00fczde 33 oran\u0131nda azald\u0131.<\/p>\n<p><b><span>\u0130hracat dolar baz\u0131nda artt\u0131<\/span><\/b><\/p>\n<p>2025 y\u0131l\u0131 Ocak-Temmuz periyodunda bir evvelki y\u0131l\u0131n t\u0131pk\u0131 ay\u0131na nazaran, toplam otomotiv ihracat\u0131 adet baz\u0131nda y\u00fczde 9, dolar baz\u0131nda y\u00fczde 14 artt\u0131. Uluda\u011f Otomotiv End\u00fcstrisi \u0130hracat\u00e7\u0131lar\u0131 Birli\u011fi bilgilerine nazaran toplam otomotiv ihracat\u0131 23.5 milyar dolar oldu.<\/p>\n","protected":false},"excerpt":{"rendered":"<p>D\u00fc\u015fen al\u0131m g\u00fcc\u00fc ve artan hayat pahal\u0131l\u0131\u011f\u0131na bir de devletin fahi\u015f vergi y\u00fck\u00fc binince vatanda\u015flar i\u00e7in araba almak hayal oldu. Bu durum kesimin \u00fcretim bilgilerine de yans\u0131d\u0131.<\/p>\n","protected":false},"author":1,"featured_media":67179,"comment_status":"open","ping_status":"open","sticky":false,"template":"","format":"standard","meta":{"footnotes":""},"categories":[24],"tags":[359,1100,1727,383],"class_list":["post-67178","post","type-post","status-publish","format-standard","has-post-thumbnail","hentry","category-ekonomi","tag-ihracat","tag-otomotiv","tag-ticari-arac","tag-yili"],"_links":{"self":[{"href":"https:\/\/ikimisli.tr\/index.php\/wp-json\/wp\/v2\/posts\/67178","targetHints":{"allow":["GET"]}}],"collection":[{"href":"https:\/\/ikimisli.tr\/index.php\/wp-json\/wp\/v2\/posts"}],"about":[{"href":"https:\/\/ikimisli.tr\/index.php\/wp-json\/wp\/v2\/types\/post"}],"author":[{"embeddable":true,"href":"https:\/\/ikimisli.tr\/index.php\/wp-json\/wp\/v2\/users\/1"}],"replies":[{"embeddable":true,"href":"https:\/\/ikimisli.tr\/index.php\/wp-json\/wp\/v2\/comments?post=67178"}],"version-history":[{"count":1,"href":"https:\/\/ikimisli.tr\/index.php\/wp-json\/wp\/v2\/posts\/67178\/revisions"}],"predecessor-version":[{"id":67180,"href":"https:\/\/ikimisli.tr\/index.php\/wp-json\/wp\/v2\/posts\/67178\/revisions\/67180"}],"wp:featuredmedia":[{"embeddable":true,"href":"https:\/\/ikimisli.tr\/index.php\/wp-json\/wp\/v2\/media\/67179"}],"wp:attachment":[{"href":"https:\/\/ikimisli.tr\/index.php\/wp-json\/wp\/v2\/media?parent=67178"}],"wp:term":[{"taxonomy":"category","embeddable":true,"href":"https:\/\/ikimisli.tr\/index.php\/wp-json\/wp\/v2\/categories?post=67178"},{"taxonomy":"post_tag","embeddable":true,"href":"https:\/\/ikimisli.tr\/index.php\/wp-json\/wp\/v2\/tags?post=67178"}],"curies":[{"name":"wp","href":"https:\/\/api.w.org\/{rel}","templated":true}]}}