{"id":67317,"date":"2025-08-12T09:08:52","date_gmt":"2025-08-12T09:08:52","guid":{"rendered":"https:\/\/ikimisli.tr\/?p=67317"},"modified":"2025-08-12T09:08:52","modified_gmt":"2025-08-12T09:08:52","slug":"prof-dr-sener-usumezsoy-depreme-iliskin-ova-cokuyor-dedi-6-5-uyarisi-yapti","status":"publish","type":"post","link":"https:\/\/ikimisli.tr\/index.php\/2025\/08\/12\/prof-dr-sener-usumezsoy-depreme-iliskin-ova-cokuyor-dedi-6-5-uyarisi-yapti\/","title":{"rendered":"Prof. Dr. \u015eener \u00dc\u015f\u00fcmezsoy depreme ili\u015fkin &#8220;Ova \u00e7\u00f6k\u00fcyor&#8221; dedi: 6.5 uyar\u0131s\u0131 yapt\u0131"},"content":{"rendered":"<p>Bal\u0131kesir\u2019in S\u0131nd\u0131rg\u0131 il\u00e7esinde d\u00fcn meydana gelen 6,1 b\u00fcy\u00fckl\u00fc\u011f\u00fcndeki zelzele, \u0130stanbul ba\u015fta olmak \u00fczere Marmara B\u00f6lgesi\u2019nin b\u00fcy\u00fck k\u0131sm\u0131nda hissedildi. Sars\u0131nt\u0131da 1 ki\u015fi hayat\u0131n\u0131 kaybederken 29 ki\u015finin de yaraland\u0131\u011f\u0131 bildirildi.<\/p>\n<p>AFAD, ana sars\u0131nt\u0131n\u0131n akabinde b\u00f6lgede 100\u2019\u00fcn \u00fczerinde art\u00e7\u0131 zelzele kaydedildi\u011fini duyurdu.<\/p>\n<p><b>\u00dc\u015e\u00dcMEZSOY&#8217;DAN A\u00c7IKLAMA GELD\u0130<\/b><\/p>\n<p>Deprem Uzman\u0131 Prof. Dr. \u015eener \u00dc\u015f\u00fcmezsoy S\u0131nd\u0131rg\u0131 sars\u0131nt\u0131s\u0131 ile ilgili S\u00f6zc\u00fc TV&#8217;ye a\u00e7\u0131klamalarda bulundu. Hasret G\u00fcrses&#8217;in Para Siyaset program\u0131na telefonla ba\u011flanan \u00dc\u015f\u00fcmezsoy, sars\u0131nt\u0131n\u0131n Simav Fay Zonu \u00fczerinde meydana geldi\u011fini belirterek, bunun beklenen bir durum oldu\u011funu s\u00f6yledi.\u00a0<\/p>\n<p>\u00dc\u015f\u00fcmezsoy, Simav da\u011f\u0131n\u0131n y\u00fckseldi\u011fini ve \u00f6n\u00fcndeki Simav ovas\u0131n\u0131n \u00e7\u00f6kt\u00fc\u011f\u00fcn\u00fc bunun sonucunda zelzele oldu\u011funu lisana getirdi.<\/p>\n<p><b>&#8220;6.5&#8217;TEN B\u00dcY\u00dcK OLMAZ&#8221;<\/b><\/p>\n<p>Ya\u015fanan sars\u0131nt\u0131n\u0131n ola\u011fan bir fay k\u0131r\u0131lmas\u0131 oldu\u011funu vurgulayan \u00dc\u015f\u00fcmezsoy, zelzelesi ger\u00e7ekle\u015fti\u011fi b\u00f6lgede <strong>&#8220;20-25 kilometrelik bir fay k\u0131r\u0131lm\u0131\u015ft\u0131r.&#8221;<\/strong> dedi. Bu faylarda 6.4, 6.5&#8217;ten daha b\u00fcy\u00fck bir sars\u0131nt\u0131 olamayaca\u011f\u0131n\u0131 s\u00f6yleyen \u00dc\u015f\u00fcmezsoy, b\u00fcy\u00fck bir zelzelenin olmas\u0131 i\u00e7in 80 km \u00fcst\u00fc \u00fczere b\u00fcy\u00fck bir fay\u0131n k\u0131r\u0131lmas\u0131 gerekti\u011fini s\u00f6yledi.\u00a0<\/p>\n","protected":false},"excerpt":{"rendered":"<p>Bal\u0131kesir S\u0131nd\u0131rg\u0131&#8217;da meydana gelen zelzeleye ait a\u00e7\u0131klama yapan Prof. Dr. \u015eener \u00dc\u015f\u00fcmezsoy, hem nedeni hem de zelzelenin ger\u00e7ekle\u015fti\u011fi fay\u0131n en fazla \u00fcretece\u011fi b\u00fcy\u00fckl\u00fc\u011f\u00fc a\u00e7\u0131klad\u0131.<\/p>\n","protected":false},"author":1,"featured_media":67318,"comment_status":"open","ping_status":"open","sticky":false,"template":"","format":"standard","meta":{"footnotes":""},"categories":[25],"tags":[285,1693,7535],"class_list":["post-67317","post","type-post","status-publish","format-standard","has-post-thumbnail","hentry","category-gundem","tag-deprem","tag-fay","tag-usumezsoy"],"_links":{"self":[{"href":"https:\/\/ikimisli.tr\/index.php\/wp-json\/wp\/v2\/posts\/67317","targetHints":{"allow":["GET"]}}],"collection":[{"href":"https:\/\/ikimisli.tr\/index.php\/wp-json\/wp\/v2\/posts"}],"about":[{"href":"https:\/\/ikimisli.tr\/index.php\/wp-json\/wp\/v2\/types\/post"}],"author":[{"embeddable":true,"href":"https:\/\/ikimisli.tr\/index.php\/wp-json\/wp\/v2\/users\/1"}],"replies":[{"embeddable":true,"href":"https:\/\/ikimisli.tr\/index.php\/wp-json\/wp\/v2\/comments?post=67317"}],"version-history":[{"count":1,"href":"https:\/\/ikimisli.tr\/index.php\/wp-json\/wp\/v2\/posts\/67317\/revisions"}],"predecessor-version":[{"id":67319,"href":"https:\/\/ikimisli.tr\/index.php\/wp-json\/wp\/v2\/posts\/67317\/revisions\/67319"}],"wp:featuredmedia":[{"embeddable":true,"href":"https:\/\/ikimisli.tr\/index.php\/wp-json\/wp\/v2\/media\/67318"}],"wp:attachment":[{"href":"https:\/\/ikimisli.tr\/index.php\/wp-json\/wp\/v2\/media?parent=67317"}],"wp:term":[{"taxonomy":"category","embeddable":true,"href":"https:\/\/ikimisli.tr\/index.php\/wp-json\/wp\/v2\/categories?post=67317"},{"taxonomy":"post_tag","embeddable":true,"href":"https:\/\/ikimisli.tr\/index.php\/wp-json\/wp\/v2\/tags?post=67317"}],"curies":[{"name":"wp","href":"https:\/\/api.w.org\/{rel}","templated":true}]}}