{"id":67405,"date":"2025-08-12T14:08:51","date_gmt":"2025-08-12T14:08:51","guid":{"rendered":"https:\/\/ikimisli.tr\/?p=67405"},"modified":"2025-08-12T14:08:51","modified_gmt":"2025-08-12T14:08:51","slug":"jose-mourinho-galatasaray-macinin-1-dakikasini-izledim","status":"publish","type":"post","link":"https:\/\/ikimisli.tr\/index.php\/2025\/08\/12\/jose-mourinho-galatasaray-macinin-1-dakikasini-izledim\/","title":{"rendered":"Jose Mourinho: Galatasaray ma\u00e7\u0131n\u0131n 1 dakikas\u0131n\u0131 izledim"},"content":{"rendered":"<p>UEFA \u015eampiyonlar Ligi 3. eleme \u00e7e\u015fidi r\u00f6van\u015f ma\u00e7\u0131nda yar\u0131n Hollanda&#8217;n\u0131n Feyenoord tak\u0131m\u0131n\u0131 konuk edecek Fenerbah\u00e7e&#8217;de teknik y\u00f6netici Jose Mourinho, m\u00fcsabaka \u00f6ncesinde Fenerbah\u00e7e Can Bartu Tesisleri&#8217;nde d\u00fczenlenen bas\u0131n toplant\u0131s\u0131nda a\u00e7\u0131klamalarda bulundu.<\/p>\n<p>Mourinho, soru \u00fczerine Galatasaray&#8217;\u0131n ligin birinci haftas\u0131ndaki ma\u00e7\u0131n\u0131n 1 dakikas\u0131n\u0131 izledi\u011fini belirtti. Ligde kar\u015f\u0131la\u015facaklar\u0131 G\u00f6ztepe kar\u015f\u0131la\u015fmas\u0131n\u0131 takip etti\u011fini aktaran Mourinho, &#8220;Buras\u0131 i\u00e7in cehennem demi\u015ftim. Biliyorum ki taraftarlar\u0131m\u0131z istedikleri vakit rakipler i\u00e7in s\u0131k\u0131nt\u0131 bir atmosfer yaratabiliyor. Biz de s\u0131k\u0131nt\u0131 bir atmosferde oynad\u0131k. Ho\u015f bir ortam vard\u0131. Yar\u0131nki atmosfer taraftarlar\u0131m\u0131z\u0131n elinde. Ben t\u0131p talihimizin y\u00fczde 50 oldu\u011funu d\u00fc\u015f\u00fcn\u00fcyorum. \u00d6n\u00fcm\u00fczde oynayaca\u011f\u0131m\u0131z 90 tahminen de 90+30 dakika var. 2-1&#8217;lik sonu\u00e7la t\u0131bb\u0131n y\u00fczde 50-50 oldu\u011funu d\u00fc\u015f\u00fcn\u00fcyorum.&#8221; dedi.<\/p>\n<p>Tedavileri tamamlanan Talisca ve \u0130smail Y\u00fcksek&#8217;in yar\u0131nki ma\u00e7\u0131n tak\u0131m\u0131nda yer alaca\u011f\u0131n\u0131 tabir eden Mourinho, 2 oyuncunun kendilerine g\u00fc\u00e7 kataca\u011f\u0131n\u0131 lisana getirdi.<\/p>\n<p><b>&#8220;Ge\u00e7i\u015f herkes i\u00e7in \u00f6nemlidir&#8221;<\/b><\/p>\n<p>Oyundaki ge\u00e7i\u015flerin d\u00fcnyadaki her teknik adam i\u00e7in de\u011ferli oldu\u011funu anlatan Mourinho, &#8220;Ge\u00e7i\u015fler, oyun i\u00e7inde daima olu\u015fuyor, yar\u0131nki ma\u00e7ta da \u00e7ok fazla olacakt\u0131r. Elinizde s\u00fcratli oyuncular varsa buna nazaran oynars\u0131n\u0131z, yava\u015f oyuncular varsa farkl\u0131 oynars\u0131n\u0131z. Ge\u00e7i\u015f herkes i\u00e7in k\u0131ymetlidir.&#8221; diye konu\u015ftu.<\/p>\n<p>Feyenoord&#8217;un lig ma\u00e7\u0131 oynamas\u0131n\u0131n onlar i\u00e7in dezavantaj olu\u015fturmayaca\u011f\u0131n\u0131 belirten Mourinho, \u015f\u00f6yle devam etti:<\/p>\n<p>&#8220;Ba\u015flang\u0131\u00e7 i\u00e7in maksad\u0131m\u0131z play-off&#8217;a kalabilmek. Oraya kal\u0131rsak \u015eampiyonlar Ligi&#8217;ne kalmak. Ma\u00e7 ma\u00e7 bakmam\u0131z gerekiyor. Ge\u00e7en seneye bak\u0131nca elenmi\u015ftik ve Avrupa Ligi&#8217;nde devam etmi\u015ftik. Oras\u0131 diye isimlendirdi\u011fim yere \u00e7ok yak\u0131nd\u0131k. Deplasmanda m\u00fckemmel oynayarak penalt\u0131larla \u00e7e\u015fidi kaybettik, \u00e7eyrek finale gitmeye \u00e7ok yakla\u015fm\u0131\u015ft\u0131k. \u00c7eyrek finale gidince her \u015feyin m\u00fcmk\u00fcn oldu\u011funu d\u00fc\u015f\u00fcn\u00fcyorum. \u015eu anki tek amac\u0131m\u0131z yar\u0131nki ma\u00e7.&#8221;<\/p>\n<p>Mourinho, transferi g\u00fcndemde olan Kerem Akt\u00fcrko\u011flu&#8217;nu tan\u0131d\u0131\u011f\u0131n\u0131 lakin futbolcunun Benfica&#8217;n\u0131n oyuncusu oldu\u011funu kelamlar\u0131na ekledi.<\/p>\n<p><b>Skriniar: T\u0131bb\u0131n ortada oldu\u011funu d\u00fc\u015f\u00fcn\u00fcyorum<\/b><\/p>\n<p>Sar\u0131-lacivertli oyuncu Milan Skriniar, &#8220;turun ortada&#8221; oldu\u011funu lisana getirdi.<\/p>\n<p>\u0130lk ma\u00e7ta ma\u011flup olduklar\u0131n\u0131 hat\u0131rlatan Skriniar, &#8220;Yar\u0131nki ma\u00e7ta bizleri nelerin bekledi\u011fini biliyoruz. S\u0131k\u0131nt\u0131 ma\u00e7 olacak. \u00c7e\u015fidin ortada oldu\u011funu d\u00fc\u015f\u00fcn\u00fcyorum taraftarlar\u0131m\u0131z\u0131n dayana\u011f\u0131yla bunu ba\u015farabiliriz.&#8221; diye konu\u015ftu.<\/p>\n<p>Transfer periyodu boyunca teknik y\u00f6netici Jose Mourinho ile g\u00f6r\u00fc\u015ft\u00fc\u011f\u00fcn\u00fc s\u00f6z eden Skrinar, \u015funlar\u0131 s\u00f6yledi:<\/p>\n<p>&#8220;Kul\u00fcb\u00fcm\u00fcz, liderimiz, sportif y\u00f6neticimiz ve ben, herkes bu transferin bir an evvel sonu\u00e7lanmas\u0131 i\u00e7in elinden geleni yapt\u0131. Elbette daha evvel sonu\u00e7lanmas\u0131n\u0131 isterdim. Ben bu m\u00fcddette \u00e7al\u0131\u015fmalar\u0131m\u0131 s\u00fcrd\u00fcrd\u00fcm. K\u0131ymetli ve kuvvetli ma\u00e7lara ba\u015flayaca\u011f\u0131m\u0131z bir s\u00fcrece giriyoruz. Kendimi haz\u0131r tutmaya \u00e7al\u0131\u015ft\u0131m. Herkesin bu s\u00fcre\u00e7te yapt\u0131\u011f\u0131 \u015feylerin benim i\u00e7in manas\u0131 b\u00fcy\u00fck. Bu ekibin kaptanlar\u0131ndan oldu\u011fum i\u00e7in gurur duyuyorum. Kadronun ba\u015far\u0131l\u0131 olmas\u0131 i\u00e7in elinden geleni yapmak de\u011ferlidir, ben de bunu yapmaya \u00e7al\u0131\u015f\u0131yorum.&#8221;<\/p>\n<p>Mourinho&#8217;nun kendisiyle kaptanl\u0131k konusunda \u00f6zel bir g\u00f6r\u00fc\u015fmesinin olmad\u0131\u011f\u0131n\u0131 aktaran Skriniar, &#8220;Kaptanlar olarak d\u00f6rd\u00fcm\u00fcz\u00fc yan\u0131na \u00e7a\u011f\u0131rd\u0131. Hocam\u0131z Mert alanda olmad\u0131\u011f\u0131 vakitler i\u00e7in bu tercihi yapt\u0131. Pazubendi takmak de\u011fil, k\u0131ymetli olan o liderli\u011fi g\u00f6stermek. Hocam\u0131z\u0131n belirtmi\u015f oldu\u011fu \u00fczere &#8216;cehenneme g\u00fczel geldiniz&#8217; diyoruz hi\u00e7 ku\u015fkum yok taraftarlar\u0131m\u0131z yar\u0131n \u00f6nemli bir atmosfer olu\u015fturacak.&#8221; halinde g\u00f6r\u00fc\u015f belirtti.<\/p>\n<p>Skriniar, &#8220;Kimin oynad\u0131\u011f\u0131 ya da d\u00f6rtl\u00fc be\u015fli sistemle oynamak k\u0131ymetli de\u011fil. Bizim i\u00e7in k\u0131ymetli olan ekip olarak kazanmak ve geli\u015fmek. \u0130dmanlarda bunlar\u0131 geli\u015ftirmeye \u00e7al\u0131\u015f\u0131yoruz. Bizim i\u00e7in en de\u011ferli \u015fey kazanmak ve \u00fcst cinse \u00e7\u0131kmak.&#8221; diyerek kelamlar\u0131n\u0131 tamamlad\u0131.<\/p>\n","protected":false},"excerpt":{"rendered":"<p>Fenerbah\u00e7e Teknik Y\u00f6neticisi Jose Mourinho, Feyenoord ma\u00e7\u0131 \u00f6ncesi d\u00fczenlenen bas\u0131n toplant\u0131s\u0131nda Galatasaray&#8217;\u0131n Gaziantep FK ile oynad\u0131\u011f\u0131 d\u00f6nemin a\u00e7\u0131l\u0131\u015f m\u00fcsabakas\u0131n\u0131n 1 dakikas\u0131n\u0131 izledi\u011fini s\u00f6yledi.<\/p>\n","protected":false},"author":1,"featured_media":67406,"comment_status":"open","ping_status":"open","sticky":false,"template":"","format":"standard","meta":{"footnotes":""},"categories":[30],"tags":[484,229,1298,744,1225],"class_list":["post-67405","post","type-post","status-publish","format-standard","has-post-thumbnail","hentry","category-spor","tag-lig","tag-mac","tag-mourinho","tag-onemli","tag-oyun"],"_links":{"self":[{"href":"https:\/\/ikimisli.tr\/index.php\/wp-json\/wp\/v2\/posts\/67405","targetHints":{"allow":["GET"]}}],"collection":[{"href":"https:\/\/ikimisli.tr\/index.php\/wp-json\/wp\/v2\/posts"}],"about":[{"href":"https:\/\/ikimisli.tr\/index.php\/wp-json\/wp\/v2\/types\/post"}],"author":[{"embeddable":true,"href":"https:\/\/ikimisli.tr\/index.php\/wp-json\/wp\/v2\/users\/1"}],"replies":[{"embeddable":true,"href":"https:\/\/ikimisli.tr\/index.php\/wp-json\/wp\/v2\/comments?post=67405"}],"version-history":[{"count":1,"href":"https:\/\/ikimisli.tr\/index.php\/wp-json\/wp\/v2\/posts\/67405\/revisions"}],"predecessor-version":[{"id":67407,"href":"https:\/\/ikimisli.tr\/index.php\/wp-json\/wp\/v2\/posts\/67405\/revisions\/67407"}],"wp:featuredmedia":[{"embeddable":true,"href":"https:\/\/ikimisli.tr\/index.php\/wp-json\/wp\/v2\/media\/67406"}],"wp:attachment":[{"href":"https:\/\/ikimisli.tr\/index.php\/wp-json\/wp\/v2\/media?parent=67405"}],"wp:term":[{"taxonomy":"category","embeddable":true,"href":"https:\/\/ikimisli.tr\/index.php\/wp-json\/wp\/v2\/categories?post=67405"},{"taxonomy":"post_tag","embeddable":true,"href":"https:\/\/ikimisli.tr\/index.php\/wp-json\/wp\/v2\/tags?post=67405"}],"curies":[{"name":"wp","href":"https:\/\/api.w.org\/{rel}","templated":true}]}}