{"id":67408,"date":"2025-08-12T14:20:52","date_gmt":"2025-08-12T14:20:52","guid":{"rendered":"https:\/\/ikimisli.tr\/?p=67408"},"modified":"2025-08-12T14:20:52","modified_gmt":"2025-08-12T14:20:52","slug":"kupa-galatasaraydan-alindi-fenerbahceye-verildi","status":"publish","type":"post","link":"https:\/\/ikimisli.tr\/index.php\/2025\/08\/12\/kupa-galatasaraydan-alindi-fenerbahceye-verildi\/","title":{"rendered":"Kupa Galatasaray&#8217;dan al\u0131nd\u0131 Fenerbah\u00e7e&#8217;ye verildi"},"content":{"rendered":"<p>Fenerbah\u00e7e Kul\u00fcb\u00fc, 2023 T\u00fcrkiye Arena Kul\u00fcpleraras\u0131 Y\u00fczme \u015eampiyonas\u0131&#8217;nda Galatasaray&#8217;\u0131n lisanss\u0131z atlet yar\u0131\u015ft\u0131rd\u0131\u011f\u0131 gerek\u00e7esiyle Tahkim \u015euras\u0131&#8217;na yapt\u0131klar\u0131 itiraz\u0131n sonu\u00e7land\u0131\u011f\u0131n\u0131 ve kupan\u0131n kendilerine verildi\u011fini duyurdu.<\/p>\n<p>S-lacivertlilerden yap\u0131lan a\u00e7\u0131klamada &#8220;Kupa, eme\u011fi ve u\u011fra\u015f\u0131yla hak edenindir&#8221; denildi ve \u015fampiyonluk kupas\u0131n\u0131n Galatasaray&#8217;dan al\u0131n\u0131p Fenerbah\u00e7e&#8217;ye verildi\u011fi bildirildi.<\/p>\n<p>Konuyla ilgili Fenerbah\u00e7e&#8217;den yap\u0131lan a\u00e7\u0131klamada \u015f\u00f6yle:<\/p>\n<p>&#8220;Kupa, eme\u011fi ve \u00e7abas\u0131yla hak edenin m\u00fczesinde: 2023 A\u00e7\u0131k Ya\u015f Erkekler Y\u00fczme Kupas\u0131 Kul\u00fcb\u00fcm\u00fcze teslim edildi.<\/p>\n<p>2023 T\u00fcrkiye Arena Kul\u00fcpleraras\u0131 Y\u00fczme \u015eampiyonas\u0131\u2019nda, A\u00e7\u0131k Ya\u015f Erkekler kategorisinde lisanss\u0131z atlet yar\u0131\u015ft\u0131rarak a\u00e7\u0131k\u00e7a kurallar\u0131 ihlal eden Galatasaray Spor Kul\u00fcb\u00fc\u2019ne kar\u015f\u0131 Fenerbah\u00e7e Spor Kul\u00fcb\u00fc olarak yapt\u0131\u011f\u0131m\u0131z itiraz, Tahkim Kurulu taraf\u0131ndan hakl\u0131 bulunmu\u015f; kupa, eme\u011fin ve adaletin ger\u00e7ek sahibi olan kul\u00fcb\u00fcm\u00fcze verilmi\u015ftir.<\/p>\n<p>Bu karar; al\u0131n terinin, eme\u011fin ve d\u00fcr\u00fcst rekabetin kar\u015f\u0131l\u0131\u011f\u0131n\u0131n en somut tescilidir.<\/p>\n<p>Sporun ger\u00e7ek ruhu, kazanmak i\u00e7in &#8220;her yol m\u00fcbaht\u0131r&#8221; anlay\u0131\u015f\u0131 yerine etik ve ahlak k\u0131ymetleri \u00f6n planda tutmakla, adalet prensiplerinin hem telaffuzda hem harekette ya\u015fat\u0131lmas\u0131 ile g\u00fc\u00e7lenir.<\/p>\n<p>Fenerbah\u00e7e, her bran\u015fta oldu\u011fu \u00fczere y\u00fczme bran\u015f\u0131nda da hakk\u0131n\u0131 sonuna kadar aramaktan asla vazge\u00e7mez. Kimse, eme\u011fin ve d\u00fcr\u00fcst rekabetin \u00f6n\u00fcne ge\u00e7emez.<\/p>\n<p>S\u00fcreci adil formda k\u0131ymetlendiren t\u00fcm yetkililere te\u015fekk\u00fcr eder, hafta sonu ger\u00e7ekle\u015fen T\u00fcrkiye Kul\u00fcpler Ortas\u0131 Uzun Kulvar Y\u0131ld\u0131z, Gen\u00e7 ve A\u00e7\u0131k Ya\u015f Y\u00fczme \u015eampiyonas\u0131nda 6 kupan\u0131n 5&#8217;ini kazanan \u015fubemizi ve atletlerimizi tebrik ederiz. Kupa, eme\u011fi ve gayretiyle hak edenindir.<\/p>\n","protected":false},"excerpt":{"rendered":"<p>2023 T\u00fcrkiye Arena Kul\u00fcpleraras\u0131 Y\u00fczme \u015eampiyonas\u0131&#8217;nda Gaslatasaray&#8217;\u0131n kazand\u0131\u011f\u0131 kupa, sar\u0131-k\u0131rm\u0131z\u0131l\u0131 kul\u00fcpten al\u0131n\u0131p Fenerbah\u00e7e&#8217;ye verildi.<\/p>\n","protected":false},"author":1,"featured_media":67409,"comment_status":"open","ping_status":"open","sticky":false,"template":"","format":"standard","meta":{"footnotes":""},"categories":[30],"tags":[8293,1069,228,231,726],"class_list":["post-67408","post","type-post","status-publish","format-standard","has-post-thumbnail","hentry","category-spor","tag-emegi","tag-fenerbahce","tag-hak","tag-spor","tag-yuzme"],"_links":{"self":[{"href":"https:\/\/ikimisli.tr\/index.php\/wp-json\/wp\/v2\/posts\/67408","targetHints":{"allow":["GET"]}}],"collection":[{"href":"https:\/\/ikimisli.tr\/index.php\/wp-json\/wp\/v2\/posts"}],"about":[{"href":"https:\/\/ikimisli.tr\/index.php\/wp-json\/wp\/v2\/types\/post"}],"author":[{"embeddable":true,"href":"https:\/\/ikimisli.tr\/index.php\/wp-json\/wp\/v2\/users\/1"}],"replies":[{"embeddable":true,"href":"https:\/\/ikimisli.tr\/index.php\/wp-json\/wp\/v2\/comments?post=67408"}],"version-history":[{"count":1,"href":"https:\/\/ikimisli.tr\/index.php\/wp-json\/wp\/v2\/posts\/67408\/revisions"}],"predecessor-version":[{"id":67410,"href":"https:\/\/ikimisli.tr\/index.php\/wp-json\/wp\/v2\/posts\/67408\/revisions\/67410"}],"wp:featuredmedia":[{"embeddable":true,"href":"https:\/\/ikimisli.tr\/index.php\/wp-json\/wp\/v2\/media\/67409"}],"wp:attachment":[{"href":"https:\/\/ikimisli.tr\/index.php\/wp-json\/wp\/v2\/media?parent=67408"}],"wp:term":[{"taxonomy":"category","embeddable":true,"href":"https:\/\/ikimisli.tr\/index.php\/wp-json\/wp\/v2\/categories?post=67408"},{"taxonomy":"post_tag","embeddable":true,"href":"https:\/\/ikimisli.tr\/index.php\/wp-json\/wp\/v2\/tags?post=67408"}],"curies":[{"name":"wp","href":"https:\/\/api.w.org\/{rel}","templated":true}]}}