{"id":67495,"date":"2025-08-12T18:32:54","date_gmt":"2025-08-12T18:32:54","guid":{"rendered":"https:\/\/ikimisli.tr\/?p=67495"},"modified":"2025-08-12T18:32:54","modified_gmt":"2025-08-12T18:32:54","slug":"robin-van-persie-inandigimiz-oyunu-devam-ettirecegiz","status":"publish","type":"post","link":"https:\/\/ikimisli.tr\/index.php\/2025\/08\/12\/robin-van-persie-inandigimiz-oyunu-devam-ettirecegiz\/","title":{"rendered":"Robin van Persie: \u0130nand\u0131\u011f\u0131m\u0131z oyunu devam ettirece\u011fiz"},"content":{"rendered":"<p>Hollanda grubu Feyenoord, UEFA \u015eampiyonlar Ligi 3\u2019\u00fcnc\u00fc Eleme Tipi r\u00f6van\u015f ma\u00e7\u0131nda deplasmanda Fenerbah\u00e7e ile kar\u015f\u0131la\u015facak. Bu \u00e7aba \u00f6ncesinde stadyumda d\u00fczenlenen bas\u0131n toplant\u0131s\u0131nda Feyenoord Teknik Y\u00f6neticisi Robin van Persie ve oyunculardan Sem Steijn a\u00e7\u0131klamalarda bulundu.<\/p>\n<p>\u0130lk ma\u00e7taki skorun oyunlar\u0131n\u0131 de\u011fi\u015ftirmeyece\u011fini belirten Robin van Persie, \u201cBurada olmak \u00e7ok ho\u015f. \u0130stanbul\u2019da ve burada konutumda hissediyorum. 2015 y\u0131l\u0131nda birinci kere bu sandalyede oturuyordum. Tan\u0131d\u0131k y\u00fczleri g\u00f6rmek ho\u015f. \u00c7al\u0131\u015fanlar\u0131n bile kimileri birebir. Bu ho\u015f hissettiriyor. Skor oyunumuzu de\u011fi\u015ftirmeyecek. \u0130nand\u0131\u011f\u0131m\u0131z oyunu devam ettirece\u011fiz. Rakibe nazaran alanlar\u0131 de\u011fi\u015ftiriyoruz fakat stratejimize nazaran inand\u0131\u011f\u0131m\u0131z\u0131 devam ettirmeye \u00e7al\u0131\u015fan bir tak\u0131m\u0131z\u201d s\u00f6zlerini kulland\u0131.<\/p>\n<p><b>\u2018ONLARA H\u00dcRMET DUYUYORUM LAK\u0130N BURADA \u00c7E\u015e\u0130D\u0130 GE\u00c7MEK \u0130ST\u0130YORUZ\u2019<\/b><\/p>\n<p>Fenerbah\u00e7e\u2019ye h\u00fcrmet duydu\u011funu fakat Feyenoord\u2019da \u00e7al\u0131\u015ft\u0131\u011f\u0131 i\u00e7in gol ve tipi ge\u00e7meleri durumunda sevinece\u011fini belirten Persie, \u201cEvet sevinece\u011fim zira Feyenoord\u2019da \u00e7al\u0131\u015f\u0131yorum. Buradaki gayemiz \u00fcst \u00e7e\u015fide \u00e7\u0131kmak. Bu Fenerbah\u00e7e\u2019ye h\u00fcrmet duymamla alakas\u0131 yok. Onlara h\u00fcrmet duyuyorum lakin burada tipi ge\u00e7mek istiyoruz. Sevinece\u011fim fakat bu kul\u00fcbe h\u00fcrmet duyuyorum\u201d kelamlar\u0131n\u0131 sarf etti.<\/p>\n<p><b>\u2018BEN\u0130M OYUNCULARIM BU ATMOSFERE ALI\u015eIKLAR\u2019<\/b><\/p>\n<p>Yar\u0131n stadyumda olacak atmosfere al\u0131\u015f\u0131k olduklar\u0131na de\u011finen 42 ya\u015f\u0131ndaki teknik adam, \u201cEvet konu\u015ftum ancak a\u00e7\u0131k\u00e7as\u0131 \u00e7ok dikkate almad\u0131m. Benim oyuncular\u0131m bu atmosfere al\u0131\u015f\u0131klar. Biz de De Kuip\u2019te oynuyoruz. Oras\u0131 da \u00e7ok g\u00fcr\u00fclt\u00fcl\u00fc bir stadyum\u201d kelamlar\u0131n\u0131 kulland\u0131.<\/p>\n<p>Kendisinin Fenerbah\u00e7e\u2019de oynad\u0131\u011f\u0131 devirdeki hakem performanslar\u0131n\u0131n sorulmas\u0131 \u00fczerine Robin van Persie, \u201cKendi oynad\u0131\u011f\u0131m periyoda nazaran ben o denli hissetmedim. Son y\u0131llarda olan k\u0131ssay\u0131 biliyorum. Benim oynad\u0131\u011f\u0131m devir b\u00fcsb\u00fct\u00fcn farkl\u0131yd\u0131. Hakemler kendi tarz\u0131na nazaran d\u00fcd\u00fck \u00e7al\u0131yorlar. T\u00fcrkiye de bu \u00fclkelerden birisi. Bu t\u00fcrl\u00fc tenkitler olabiliyor. Kadrolar kendi ortalar\u0131nda daha \u00e2l\u00e2 bir kimya olu\u015fturmalar\u0131 ve \u00e7al\u0131\u015fmalar\u0131 gerekiyor. Herkes elinden gelenin en g\u00fczelini yapmas\u0131 gerekiyor. Biz de bazen Hollanda\u2019da bu \u015fekil tart\u0131\u015fmalar\u0131n i\u00e7inde kal\u0131yoruz. Lakin herkes kendi i\u00e7erisinde en g\u00fczelini yaparak bu kimyay\u0131 olu\u015fturmay\u0131 istiyor\u201d yan\u0131t\u0131n\u0131 verdi.<\/p>\n<p><b>\u2018Y\u00dcZDE 50-50 OLARAK G\u00d6R\u00dcYORUM\u2019<\/b><\/p>\n<p>Tur talihi hakk\u0131nda konu\u015fan Robin van Persie, \u201cY\u00fczde 50-50 olarak g\u00f6r\u00fcyorum. Evet 2-1 \u00f6ndeyiz. Yar\u0131n atmosfer uygun olacak. Herkes hayalini ya\u015f\u0131yor. T\u00fcm dayanaklar Fenerbah\u00e7e taraf\u0131nda olacak. K\u00fc\u00e7\u00fckken bu t\u00fcrl\u00fc farkl\u0131 atmosferlerde, dolu statlarda oynamak benim de hayalimdi. Oyuncular\u0131m yar\u0131nki ma\u00e7a haz\u0131r ve kendi hayallerini ya\u015f\u0131yorlar diyebilirim\u201d dedi.<\/p>\n<p>Futboldaki ya\u015f\u0131n k\u0131ymeti olmad\u0131\u011f\u0131n\u0131 aktaran 42 ya\u015f\u0131ndaki teknik y\u00f6netici, \u201cFutbolda ya\u015f de\u011fil kalite de\u011ferli. Yeterli futbolcuysan\u0131z ya\u015f\u0131n de\u011feri yok. Biz potansiyeli olan oyuncular\u0131 yeti\u015ftiriyoruz, bazen buluyoruz, bazen yeti\u015ftiriyoruz. Grupta gen\u00e7 ve ya\u015fl\u0131 oyuncular var. 24 ya\u015f ortalamam\u0131z var. Bu benim i\u00e7in g\u00fczel bir \u015fey. Son 15 dakikalarda gol atmam\u0131z bizim fit bir ekip oldu\u011fumuzu g\u00f6steriyor. Yar\u0131n da bunu sergilemeye \u00e7al\u0131\u015faca\u011f\u0131z\u201d s\u00f6zlerini kulland\u0131.<\/p>\n<p>Son olarak 6 g\u00fcnde 3 ma\u00e7 oynad\u0131klar\u0131ndan bahseden Persie, \u201c\u0130ki ekip da bu periyotlarda daha d\u00fczg\u00fcn olmaya \u00e7al\u0131\u015f\u0131yor. Bizim i\u00e7in bir challenge bu. 6 g\u00fcnde 3 ma\u00e7 oynad\u0131k. Elimizden geleni yapmaya \u00e7al\u0131\u015f\u0131yoruz\u201d diyerek kelamlar\u0131n\u0131 noktalad\u0131.<\/p>\n<p><b>SEM STEIJN: EK\u0130P ARKADA\u015eLARIMA BURADA \u00c7OK G\u00dcZEL B\u0130R ATMOSFER OLDU\u011eUNDAN BAHSETT\u0130M<\/b><\/p>\n<p>2 sene evvel Twente formas\u0131yla Kad\u0131k\u00f6y\u2019de Fenerbah\u00e7e\u2019ye 5-1 ma\u011flup olduklar\u0131n\u0131n hat\u0131rlat\u0131lmas\u0131n\u0131n akabinde o ma\u00e7taki deneyimlerini ekip arkada\u015flar\u0131yla payla\u015ft\u0131\u011f\u0131n\u0131 s\u00f6yleyen Sem Steijn, \u201cKonu\u015ftum do\u011fal ki. Burada \u00e7ok yeterli bir atmosfer oldu\u011fundan bahsettim. Kendi oyunumuzu oynamamam\u0131z ve bu atmosferden \u00e7\u0131kmam\u0131z gerekti\u011fini s\u00f6yledim\u201d dedi.<\/p>\n<p>Her vakit duran top \u00e7al\u0131\u015ft\u0131\u011f\u0131n\u0131 aktaran Steijn, \u201c\u0130dmanlardan sonra genel olarak duran toplara \u00e7al\u0131\u015f\u0131yorum. Yaln\u0131zca bu ma\u00e7 \u00f6zelinde de\u011fil t\u00fcm ma\u00e7lar i\u00e7in \u00e7al\u0131\u015f\u0131yorum\u201d kelamlar\u0131n\u0131 kulland\u0131.<\/p>\n","protected":false},"excerpt":{"rendered":"<p>Feyenoord Teknik Y\u00f6neticisi Robin van Persie, Fenerbah\u00e7e ma\u00e7\u0131 \u00f6ncesi d\u00fczenlenen bas\u0131n toplant\u0131s\u0131nda \u201cSkor oyunumuzu de\u011fi\u015ftirmeyecek. \u0130nand\u0131\u011f\u0131m\u0131z oyunu devam ettirece\u011fiz. Rakibe nazaran alanlar\u0131 de\u011fi\u015ftiriyoruz lakin stratejimize nazaran inand\u0131\u011f\u0131m\u0131z\u0131 devam ettirmeye \u00e7al\u0131\u015fan bir tak\u0131m\u0131z\u201d a\u00e7\u0131klamas\u0131nda bulundu.<\/p>\n","protected":false},"author":1,"featured_media":67496,"comment_status":"open","ping_status":"open","sticky":false,"template":"","format":"standard","meta":{"footnotes":""},"categories":[30],"tags":[3385,1069,229,343,702],"class_list":["post-67495","post","type-post","status-publish","format-standard","has-post-thumbnail","hentry","category-spor","tag-atmosfer","tag-fenerbahce","tag-mac","tag-takim","tag-yas"],"_links":{"self":[{"href":"https:\/\/ikimisli.tr\/index.php\/wp-json\/wp\/v2\/posts\/67495","targetHints":{"allow":["GET"]}}],"collection":[{"href":"https:\/\/ikimisli.tr\/index.php\/wp-json\/wp\/v2\/posts"}],"about":[{"href":"https:\/\/ikimisli.tr\/index.php\/wp-json\/wp\/v2\/types\/post"}],"author":[{"embeddable":true,"href":"https:\/\/ikimisli.tr\/index.php\/wp-json\/wp\/v2\/users\/1"}],"replies":[{"embeddable":true,"href":"https:\/\/ikimisli.tr\/index.php\/wp-json\/wp\/v2\/comments?post=67495"}],"version-history":[{"count":1,"href":"https:\/\/ikimisli.tr\/index.php\/wp-json\/wp\/v2\/posts\/67495\/revisions"}],"predecessor-version":[{"id":67497,"href":"https:\/\/ikimisli.tr\/index.php\/wp-json\/wp\/v2\/posts\/67495\/revisions\/67497"}],"wp:featuredmedia":[{"embeddable":true,"href":"https:\/\/ikimisli.tr\/index.php\/wp-json\/wp\/v2\/media\/67496"}],"wp:attachment":[{"href":"https:\/\/ikimisli.tr\/index.php\/wp-json\/wp\/v2\/media?parent=67495"}],"wp:term":[{"taxonomy":"category","embeddable":true,"href":"https:\/\/ikimisli.tr\/index.php\/wp-json\/wp\/v2\/categories?post=67495"},{"taxonomy":"post_tag","embeddable":true,"href":"https:\/\/ikimisli.tr\/index.php\/wp-json\/wp\/v2\/tags?post=67495"}],"curies":[{"name":"wp","href":"https:\/\/api.w.org\/{rel}","templated":true}]}}