{"id":67771,"date":"2025-08-13T10:08:51","date_gmt":"2025-08-13T10:08:51","guid":{"rendered":"https:\/\/ikimisli.tr\/?p=67771"},"modified":"2025-08-13T10:08:51","modified_gmt":"2025-08-13T10:08:51","slug":"her-evde-yapilan-bu-hata-pes-pese-hapsirmaya-neden-oluyor","status":"publish","type":"post","link":"https:\/\/ikimisli.tr\/index.php\/2025\/08\/13\/her-evde-yapilan-bu-hata-pes-pese-hapsirmaya-neden-oluyor\/","title":{"rendered":"Her evde yap\u0131lan bu hata pe\u015f pe\u015fe hap\u015f\u0131rmaya neden oluyor"},"content":{"rendered":"<p>Evlerde g\u00fcnl\u00fck \u00f6mr\u00fcn vazge\u00e7ilmez bir mod\u00fcl\u00fc olan pakl\u0131k al\u0131\u015fkanl\u0131klar\u0131, yanl\u0131\u015fs\u0131z uygulanmad\u0131\u011f\u0131nda s\u0131hhati \u00f6nemli halde tehdit edebiliyor. Uzmanlar, bilhassa k\u0131\u015f aylar\u0131nda kapal\u0131 alanlarda yap\u0131lan birtak\u0131m yayg\u0131n yanl\u0131\u015flar\u0131n burun ak\u0131nt\u0131s\u0131, hap\u015f\u0131r\u0131k krizleri, bo\u011faz tahri\u015fi ve hatta ast\u0131m gibisi teneff\u00fcs sorunlar\u0131na yol a\u00e7abilece\u011fini belirtiyor. T\u00fcrkiye\u2019de ise bu yan\u0131lg\u0131lardan biri, \u00e7abucak hemen her konutta s\u0131k\u00e7a tekrarlan\u0131yor.<\/p>\n<p><b>EVDEK\u0130 TOZUN B\u00dcY\u00dcK ETK\u0130S\u0130<\/b><\/p>\n<p>En yayg\u0131n nedenlerden biri, pakl\u0131k s\u0131ras\u0131nda havaya kar\u0131\u015fan toz ve alerjenler. Elektrikli s\u00fcp\u00fcrge torbas\u0131 dolu yahut filtresi t\u0131kanm\u0131\u015f formda kullan\u0131ld\u0131\u011f\u0131nda, \u00e7ekilen tozlar\u0131n bir k\u0131sm\u0131 tekrar ortama sal\u0131n\u0131yor. Bu da mesken halk\u0131n\u0131n, bilhassa de alerjiye yatk\u0131n bireylerin ans\u0131z\u0131n burun ak\u0131nt\u0131s\u0131 ve hap\u015f\u0131r\u0131k n\u00f6betleri ya\u015famas\u0131na neden olabiliyor.<\/p>\n<p>G\u00f6\u011f\u00fcs hastal\u0131klar\u0131 uzmanlar\u0131, \u201cToz, polen, akar ve k\u00fcf sporlar\u0131 konut i\u00e7inde fark etmeden soludu\u011fumuz alerjenlerin ba\u015f\u0131nda geliyor. Pakl\u0131k s\u0131ras\u0131nda bu hususlar a\u011f\u0131r halde havaya kar\u0131\u015f\u0131yor. Alerjiye yatk\u0131n \u015fah\u0131slarda bu durum, ba\u011f\u0131\u015f\u0131kl\u0131k sisteminin \u00e7ok reaksiyon vermesine neden oluyor\u201d ikaz\u0131nda bulunuyor.<\/p>\n<p><b>HALI VE PERDELER ALERJEN YUVASI<\/b><\/p>\n<p>Evde s\u0131k y\u0131kanmayan hal\u0131lar, perdeler ve yatak \u00f6rt\u00fcleri, toz akarlar\u0131 i\u00e7in \u00fclk\u00fc hayat alanlar\u0131 olu\u015fturuyor. Bilhassa k\u0131\u015f\u0131n camlar\u0131n az a\u00e7\u0131lmas\u0131yla birlikte bu alerjenler konut i\u00e7inde hapsoluyor. Pakl\u0131k s\u0131ras\u0131nda silkelenen yahut s\u00fcp\u00fcr\u00fclen bu e\u015fyalar, a\u011f\u0131r bir alerjen bulutunun olu\u015fmas\u0131na yol a\u00e7\u0131yor.<\/p>\n<p>Uzmanlar, hal\u0131 ve perdelerin en az ayda bir y\u0131kanmas\u0131n\u0131, yatak ve yorganlar\u0131n ise sistemli olarak havaland\u0131r\u0131lmas\u0131n\u0131 \u00f6neriyor. Ayr\u0131yeten konutun s\u0131k s\u0131k havaland\u0131r\u0131lmas\u0131, i\u00e7 ortam havas\u0131ndaki alerjen yo\u011funlu\u011funu \u00f6nemli halde azalt\u0131yor.<\/p>\n<p><b>TAHR\u0130\u015e EDEB\u0130L\u0130YOR<\/b><\/p>\n<p>Bir \u00f6b\u00fcr yayg\u0131n yan\u0131lg\u0131 ise temizlikten sonra kullan\u0131lan oda spreyleri ve a\u011f\u0131r kokulu deterjanlar. \u0130\u00e7eri\u011finde u\u00e7ucu organik bile\u015fikler (VOC) bulunan bu eserler, teneff\u00fcs yollar\u0131n\u0131 tahri\u015f ederek burun ak\u0131nt\u0131s\u0131 ve hap\u015f\u0131rmaya yol a\u00e7abiliyor. Hatta uzun vadeli maruziyet, kronik teneff\u00fcs sorunlar\u0131n\u0131 tetikleyebiliyor.<\/p>\n<p>Kimyagerler, \u201cDo\u011fal kokulu oldu\u011fu tez edilen eserlerde bile ziyanl\u0131 kimyasal hususlar bulunabilir. Pakl\u0131k sonras\u0131 ortam\u0131n d\u00fczg\u00fcn havaland\u0131r\u0131lmas\u0131 ve kimyasal bazl\u0131 eserlerin m\u00fcmk\u00fcn oldu\u011funca az kullan\u0131lmas\u0131 gerekiyor\u201d ihtar\u0131nda bulundu.<\/p>\n<p><b>UZMANLAR BU \u0130HTARLARI SIRALADI<\/b><\/p>\n<p><strong>-Temizlik s\u0131ras\u0131nda maske kullan\u0131n<\/strong>: Alerjenlerin solunmas\u0131n\u0131 b\u00fcy\u00fck \u00f6l\u00e7\u00fcde maniler.<\/p>\n<p><strong>-HEPA filtreli s\u00fcp\u00fcrge tercih edin<\/strong>: Havaya toz sal\u0131n\u0131m\u0131n\u0131 en aza indirir.<\/p>\n<p><strong>-Evi g\u00fcnde en az iki defa havaland\u0131r\u0131n<\/strong>: Bilhassa sabah ve ak\u015fam saatlerinde pencereleri a\u00e7\u0131n.<\/p>\n<p><strong>-Hal\u0131, perde ve yatak kadrolar\u0131n\u0131 nizaml\u0131 y\u0131kay\u0131n<\/strong>: Akarlar\u0131n \u00e7o\u011falmas\u0131n\u0131 \u00f6nler.<\/p>\n<p><strong>-Kimyasal kokulu eserlerden uzak durun<\/strong>: Daha do\u011fal ve kokusuz pakl\u0131k gere\u00e7lerini tercih edin.<\/p>\n<p>Uzmanlar, \u201cBasit g\u00f6r\u00fcnen bu al\u0131\u015fkanl\u0131klar, fark\u0131nda olunmadan ba\u011f\u0131\u015f\u0131kl\u0131k sisteminizi daima uyar\u0131yor ve \u00f6m\u00fcr kalitenizi d\u00fc\u015f\u00fcr\u00fcyor. Hakikat pakl\u0131k metotlar\u0131yla bu durumu basit\u00e7e \u00f6nlemek m\u00fcmk\u00fcn\u201d diyor.<\/p>\n","protected":false},"excerpt":{"rendered":"<p>Meskende ge\u00e7irilen m\u00fchletin artmas\u0131, birtak\u0131m pakl\u0131k al\u0131\u015fkanl\u0131klar\u0131n\u0131 daha tehlikeli hale getiriyor. Uzmanlara nazaran, T\u00fcrkiye\u2019de \u00e7abucak her meskende yap\u0131lan kolay bir pakl\u0131k yan\u0131lg\u0131s\u0131, bir anda burun ak\u0131nt\u0131s\u0131 ve pe\u015f pe\u015fe gelen hap\u015f\u0131r\u0131k krizlerine yol a\u00e7abiliyor. \u00dcstelik bu durum, alerjisi olmayan \u015fah\u0131slarda bile g\u00f6r\u00fclebiliyor.<\/p>\n","protected":false},"author":1,"featured_media":67772,"comment_status":"open","ping_status":"open","sticky":false,"template":"","format":"standard","meta":{"footnotes":""},"categories":[29],"tags":[8048,6310,321,3426],"class_list":["post-67771","post","type-post","status-publish","format-standard","has-post-thumbnail","hentry","category-saglik","tag-alerjen","tag-temizlik","tag-toz","tag-uzmanlar"],"_links":{"self":[{"href":"https:\/\/ikimisli.tr\/index.php\/wp-json\/wp\/v2\/posts\/67771","targetHints":{"allow":["GET"]}}],"collection":[{"href":"https:\/\/ikimisli.tr\/index.php\/wp-json\/wp\/v2\/posts"}],"about":[{"href":"https:\/\/ikimisli.tr\/index.php\/wp-json\/wp\/v2\/types\/post"}],"author":[{"embeddable":true,"href":"https:\/\/ikimisli.tr\/index.php\/wp-json\/wp\/v2\/users\/1"}],"replies":[{"embeddable":true,"href":"https:\/\/ikimisli.tr\/index.php\/wp-json\/wp\/v2\/comments?post=67771"}],"version-history":[{"count":1,"href":"https:\/\/ikimisli.tr\/index.php\/wp-json\/wp\/v2\/posts\/67771\/revisions"}],"predecessor-version":[{"id":67773,"href":"https:\/\/ikimisli.tr\/index.php\/wp-json\/wp\/v2\/posts\/67771\/revisions\/67773"}],"wp:featuredmedia":[{"embeddable":true,"href":"https:\/\/ikimisli.tr\/index.php\/wp-json\/wp\/v2\/media\/67772"}],"wp:attachment":[{"href":"https:\/\/ikimisli.tr\/index.php\/wp-json\/wp\/v2\/media?parent=67771"}],"wp:term":[{"taxonomy":"category","embeddable":true,"href":"https:\/\/ikimisli.tr\/index.php\/wp-json\/wp\/v2\/categories?post=67771"},{"taxonomy":"post_tag","embeddable":true,"href":"https:\/\/ikimisli.tr\/index.php\/wp-json\/wp\/v2\/tags?post=67771"}],"curies":[{"name":"wp","href":"https:\/\/api.w.org\/{rel}","templated":true}]}}