{"id":67809,"date":"2025-08-13T12:20:51","date_gmt":"2025-08-13T12:20:51","guid":{"rendered":"https:\/\/ikimisli.tr\/?p=67809"},"modified":"2025-08-13T12:20:51","modified_gmt":"2025-08-13T12:20:51","slug":"antalyadan-havalanan-ucak-acil-inis-yapti","status":"publish","type":"post","link":"https:\/\/ikimisli.tr\/index.php\/2025\/08\/13\/antalyadan-havalanan-ucak-acil-inis-yapti\/","title":{"rendered":"Antalya&#8217;dan havalanan u\u00e7ak acil ini\u015f yapt\u0131"},"content":{"rendered":"<p>Antalya\u2019dan kalkan u\u00e7a\u011f\u0131n \u00f6n dikmesinde ar\u0131za meydana geldi. Ar\u0131za nedeniyle bir m\u00fcddet havada cins atan u\u00e7ak Hezarfen Havaliman\u0131\u2019na ini\u015f yapt\u0131.<\/p>\n<p>Olay \u00f6\u011flen saatlerinde meydana geldi. Antalya\u2019dan kalk\u0131\u015f yapan u\u00e7ak Marmara Denizi \u00fczerinde seyir halindeyken \u00f6n dikmesinde ar\u0131za meydana geldi. Hava Trafik Kontrol\u00f6r\u00fcyle irtibata ge\u00e7en u\u00e7a\u011f\u0131n pilotu acil ini\u015f yapaca\u011f\u0131n\u0131 bildirdi. Pilot, Hezarfen Havaliman\u0131\u2019na ini\u015f yapmak istedi\u011fini, gerekirse B\u00fcy\u00fck\u00e7ekmece G\u00f6l\u00fc\u2019ne de ini\u015f yapabilece\u011fini s\u00f6yledi.\u00a0<\/p>\n<p>Atat\u00fcrk Havaliman\u0131 cins atan u\u00e7ak i\u00e7in itfaiye ve ARFF gruplar\u0131 haz\u0131r bekletildi. U\u00e7ak Hezarfen Havaliman\u0131\u2019na saat 12.30\u2019da ini\u015fini s\u0131k\u0131nt\u0131s\u0131z ger\u00e7ekle\u015ftirirken, rastgele bir olumsuzluk ya\u015fanmad\u0131.<\/p>\n","protected":false},"excerpt":{"rendered":"<p>Antalya&#8217;dan havalanan u\u00e7ak \u00f6n dikmesinde ar\u0131za olan u\u00e7ak Hezarfen Havaliman\u0131\u2019na ini\u015f yapt\u0131.<\/p>\n","protected":false},"author":1,"featured_media":67810,"comment_status":"open","ping_status":"open","sticky":false,"template":"","format":"standard","meta":{"footnotes":""},"categories":[25],"tags":[161,803],"class_list":["post-67809","post","type-post","status-publish","format-standard","has-post-thumbnail","hentry","category-gundem","tag-hava","tag-inis"],"_links":{"self":[{"href":"https:\/\/ikimisli.tr\/index.php\/wp-json\/wp\/v2\/posts\/67809","targetHints":{"allow":["GET"]}}],"collection":[{"href":"https:\/\/ikimisli.tr\/index.php\/wp-json\/wp\/v2\/posts"}],"about":[{"href":"https:\/\/ikimisli.tr\/index.php\/wp-json\/wp\/v2\/types\/post"}],"author":[{"embeddable":true,"href":"https:\/\/ikimisli.tr\/index.php\/wp-json\/wp\/v2\/users\/1"}],"replies":[{"embeddable":true,"href":"https:\/\/ikimisli.tr\/index.php\/wp-json\/wp\/v2\/comments?post=67809"}],"version-history":[{"count":1,"href":"https:\/\/ikimisli.tr\/index.php\/wp-json\/wp\/v2\/posts\/67809\/revisions"}],"predecessor-version":[{"id":67811,"href":"https:\/\/ikimisli.tr\/index.php\/wp-json\/wp\/v2\/posts\/67809\/revisions\/67811"}],"wp:featuredmedia":[{"embeddable":true,"href":"https:\/\/ikimisli.tr\/index.php\/wp-json\/wp\/v2\/media\/67810"}],"wp:attachment":[{"href":"https:\/\/ikimisli.tr\/index.php\/wp-json\/wp\/v2\/media?parent=67809"}],"wp:term":[{"taxonomy":"category","embeddable":true,"href":"https:\/\/ikimisli.tr\/index.php\/wp-json\/wp\/v2\/categories?post=67809"},{"taxonomy":"post_tag","embeddable":true,"href":"https:\/\/ikimisli.tr\/index.php\/wp-json\/wp\/v2\/tags?post=67809"}],"curies":[{"name":"wp","href":"https:\/\/api.w.org\/{rel}","templated":true}]}}