{"id":68028,"date":"2025-08-14T00:32:48","date_gmt":"2025-08-14T00:32:48","guid":{"rendered":"https:\/\/ikimisli.tr\/?p=68028"},"modified":"2025-08-14T00:32:48","modified_gmt":"2025-08-14T00:32:48","slug":"oyuncak-trenden-zehirli-yilan-cikti","status":"publish","type":"post","link":"https:\/\/ikimisli.tr\/index.php\/2025\/08\/14\/oyuncak-trenden-zehirli-yilan-cikti\/","title":{"rendered":"Oyuncak trenden zehirli y\u0131lan \u00e7\u0131kt\u0131"},"content":{"rendered":"<p>Avustralya&#8217;n\u0131n Queensland eyaletinde bir mesken sahibi, trenin t\u00fcnel k\u0131sm\u0131nda hareketsiz duran bir y\u0131lan fark edince \u00e7abucak y\u0131lan yakalama grubuna haber verdi.<\/p>\n<p>Olay yerine gelen Sunshine Coast Snake Catchers 24\/7 tak\u0131m\u0131ndan Stuart McKenzie, oyuncak trenin minyat\u00fcr t\u00fcnelinde &#8220;sa\u011fl\u0131kl\u0131 ve hayli iri&#8221; bir kahverengi a\u011fa\u00e7 y\u0131lan\u0131 ile kar\u015f\u0131la\u015ft\u0131. McKenzie, y\u0131lan\u0131n deri de\u011fi\u015ftirmeye haz\u0131rland\u0131\u011f\u0131n\u0131 ve bu y\u00fczden sakin davrand\u0131\u011f\u0131n\u0131 belirtti.<\/p>\n<p><img decoding=\"async\" src=\"https:\/\/ikimisli.tr\/wp-content\/uploads\/2025\/08\/oyuncak-trenden-zehirli-yilan-cikti-0-vNZjeEPU.jpg\"\/><\/p>\n<p><b>A\u0130T OLDU\u011eU YERE GER\u0130 D\u00d6ND\u00dc<\/b><\/p>\n<p>Sosyal medyada payla\u015f\u0131lan manzaralarda, McKenzie&#8217;nin y\u0131lan\u0131 dikkatle tren setinden \u00e7\u0131kar\u0131p tabiata sald\u0131\u011f\u0131 anlar yer ald\u0131. Zehirli olmas\u0131na kar\u015f\u0131n kahverengi a\u011fa\u00e7 y\u0131lanlar\u0131n\u0131n \u00e7oklukla yeti\u015fkin be\u015ferler i\u00e7in b\u00fcy\u00fck bir tehlike olu\u015fturmad\u0131\u011f\u0131n\u0131 s\u00f6yleyen McKenzie, &#8220;Onu model tren setinden uzakla\u015ft\u0131r\u0131p ili\u015fkin oldu\u011fu yere, bir a\u011faca b\u0131rakt\u0131k&#8221; dedi.<\/p>\n","protected":false},"excerpt":{"rendered":"<p>Bir mesken sahibinin model tren setinde ya\u015fad\u0131\u011f\u0131 y\u0131lan s\u00fcrprizi, toplumsal medyada g\u00fcndem oldu.<\/p>\n","protected":false},"author":1,"featured_media":68029,"comment_status":"open","ping_status":"open","sticky":false,"template":"","format":"standard","meta":{"footnotes":""},"categories":[43],"tags":[1908],"class_list":["post-68028","post","type-post","status-publish","format-standard","has-post-thumbnail","hentry","category-dunya","tag-yilan"],"_links":{"self":[{"href":"https:\/\/ikimisli.tr\/index.php\/wp-json\/wp\/v2\/posts\/68028","targetHints":{"allow":["GET"]}}],"collection":[{"href":"https:\/\/ikimisli.tr\/index.php\/wp-json\/wp\/v2\/posts"}],"about":[{"href":"https:\/\/ikimisli.tr\/index.php\/wp-json\/wp\/v2\/types\/post"}],"author":[{"embeddable":true,"href":"https:\/\/ikimisli.tr\/index.php\/wp-json\/wp\/v2\/users\/1"}],"replies":[{"embeddable":true,"href":"https:\/\/ikimisli.tr\/index.php\/wp-json\/wp\/v2\/comments?post=68028"}],"version-history":[{"count":1,"href":"https:\/\/ikimisli.tr\/index.php\/wp-json\/wp\/v2\/posts\/68028\/revisions"}],"predecessor-version":[{"id":68031,"href":"https:\/\/ikimisli.tr\/index.php\/wp-json\/wp\/v2\/posts\/68028\/revisions\/68031"}],"wp:featuredmedia":[{"embeddable":true,"href":"https:\/\/ikimisli.tr\/index.php\/wp-json\/wp\/v2\/media\/68029"}],"wp:attachment":[{"href":"https:\/\/ikimisli.tr\/index.php\/wp-json\/wp\/v2\/media?parent=68028"}],"wp:term":[{"taxonomy":"category","embeddable":true,"href":"https:\/\/ikimisli.tr\/index.php\/wp-json\/wp\/v2\/categories?post=68028"},{"taxonomy":"post_tag","embeddable":true,"href":"https:\/\/ikimisli.tr\/index.php\/wp-json\/wp\/v2\/tags?post=68028"}],"curies":[{"name":"wp","href":"https:\/\/api.w.org\/{rel}","templated":true}]}}