{"id":68035,"date":"2025-08-14T00:56:47","date_gmt":"2025-08-14T00:56:47","guid":{"rendered":"https:\/\/ikimisli.tr\/?p=68035"},"modified":"2025-08-14T00:56:47","modified_gmt":"2025-08-14T00:56:47","slug":"akpde-rezan-epozdemir-krizi-imamoglu-itirafi","status":"publish","type":"post","link":"https:\/\/ikimisli.tr\/index.php\/2025\/08\/14\/akpde-rezan-epozdemir-krizi-imamoglu-itirafi\/","title":{"rendered":"AKP&#8217;de &#8216;Rezan Ep\u00f6zdemir&#8217; krizi! &#8216;\u0130mamo\u011flu&#8217;\u00a0itiraf\u0131"},"content":{"rendered":"<p>Eski AKP milletvekili \u015eamil Tayyar, FET\u00d6\u2019ye yard\u0131m ve yatakl\u0131ktan tutuklanan Av. Rezan Ep\u00f6zdemir\u2019in soru\u015fturmas\u0131 kapsam\u0131nda ba\u015fta Cumhurba\u015fkan\u0131 Ba\u015fdan\u0131\u015fman\u0131 Mehmet U\u00e7um olmak \u00fczere bir\u00e7ok ki\u015finin \u0130stanbul Cumhuriyet Ba\u015fsavc\u0131s\u0131 Ak\u0131n G\u00fcrlek\u2019e bask\u0131 uygulad\u0131\u011f\u0131n\u0131 arg\u00fcman etti.<\/p>\n<p>\u0130ddialar\u0131 kapsam\u0131nda Tayyar; \u201cG\u00fcrlek, \u0130mamo\u011flu evrak\u0131nda bile g\u00f6rmedi\u011fi a\u011f\u0131r bask\u0131 kar\u015f\u0131s\u0131nda bunalm\u0131\u015f vaziyette\u201d dedi.<\/p>\n<p>Ankara Barosu Lideri Av. Mustafa K\u00f6ro\u011flu Tayyar\u2019\u0131n arg\u00fcmanlar\u0131na y\u00f6nelik; \u201cYarg\u0131n\u0131n \u2018siyasi aparat\u2019 haline gelmesi, iktidar blo\u011funun kendi i\u00e7 \u00e7at\u0131\u015fmalar\u0131n\u0131 da adliye koridorlar\u0131na ta\u015f\u0131makta; bu durum hukukun \u00fcst\u00fcnl\u00fc\u011f\u00fcne a\u011f\u0131r darbe vurmaktad\u0131r\u201d dedi.<\/p>\n<p>Cumhuriyet\u2019te yer alan habere nazaran, CHP Genel Lider Yard\u0131mc\u0131s\u0131 G\u00fcl \u00c7ift\u00e7i ise \u201cBu tablo adalet sisteminin bir g\u00fc\u00e7 \u00e7abas\u0131 arac\u0131na d\u00f6n\u00fc\u015ft\u00fc\u011f\u00fcn\u00fcn de en somut g\u00f6stergelerinden biridir. \u2018\u0130BB Kumpas Borsas\u0131\u2019 da tam olarak buraya oturmaktad\u0131r\u201d tabirlerini kulland\u0131.<\/p>\n<p>Eski AKP milletvekili ve gazeteci \u015eamil Tayyar, evvelki g\u00fcn toplumsal medya hesab\u0131ndan FET\u00d6\u2019ye yard\u0131m ve yatakl\u0131ktan tutuklanan Av. Rezan Ep\u00f6zdemir soru\u015fturmas\u0131 hakk\u0131nda dikkat \u00e7eken tezlerde bulundu.<\/p>\n<p>Tayyar\u2019\u0131n tabirleri yarg\u0131 g\u00fcndemini hareketlendirdi.<\/p>\n<p>Cumhurba\u015fkan\u0131 Ba\u015fdan\u0131\u015fman\u0131 ve Cumhurba\u015fkanl\u0131\u011f\u0131 Hukuk Politikalar\u0131 Kurulu Ba\u015fkanvekili Mehmet U\u00e7um ise Tayyar\u2019\u0131n savlar\u0131na avukat\u0131 arac\u0131l\u0131\u011f\u0131yla kar\u015f\u0131l\u0131k verdi.<\/p>\n<p><b>G\u00dcRLEK &#8220;\u0130FT\u0130RA KAMPANYASINDAN KORKUYOR&#8221; \u0130DD\u0130ASI<\/b><\/p>\n<p>\u201cRezan Ep\u00f6zdemir sorgusu \u00f6nemli bir krize d\u00f6n\u00fc\u015fmek \u00fczere\u201d diyen Tayyar; Ep\u00f6zdemir\u2019in \u0131srarla cep telefon \u015fifresini vermek istemedi\u011fini, bu durumun da sorgu m\u00fcddetini uzatt\u0131\u011f\u0131n\u0131 arg\u00fcman etti.<\/p>\n<p>Bu nedenle ba\u015fta Cumhurba\u015fkan\u0131 Ba\u015fdan\u0131\u015fman\u0131 U\u00e7um olmak \u00fczere \u00e7ok say\u0131da ki\u015finin \u0130stanbul Cumhuriyet Ba\u015fsavc\u0131s\u0131 Ak\u0131n G\u00fcrlek\u2019e bask\u0131 yapt\u0131\u011f\u0131n\u0131 ileri s\u00fcren Tayyar; \u201cG\u00fcrlek, \u0130mamo\u011flu evrak\u0131nda bile g\u00f6rmedi\u011fi a\u011f\u0131r bask\u0131 kar\u015f\u0131s\u0131nda bunalm\u0131\u015f vaziyette, \u015fahs\u0131na y\u00f6nelik iftira kampanyas\u0131 ba\u015flat\u0131lmas\u0131ndan tasa duyuyor\u201d s\u00f6zlerini kulland\u0131.<\/p>\n<p><b>ERDO\u011eAN\u2019A G\u00dcRLEK\u2019\u0130 KOLLAMA \u00c7A\u011eRISI<\/b><\/p>\n<p>\u201c\u015e\u00fcphelinin cep telefonunun a\u00e7\u0131lma ihtimali, U\u00e7um ba\u015fta olmak \u00fczere kimleri neden rahats\u0131z etti?\u201d diye soran Tayyar, Cumhurba\u015fkan\u0131 Recep Tayyip Erdo\u011fan\u2019a da seslenerek, Erdo\u011fan\u2019dan G\u00fcrlek\u2019i yaln\u0131z b\u0131rakmamas\u0131n\u0131 istedi. Tayyar\u2019\u0131n kelam konusu savlar\u0131na ise Cumhurba\u015fkan\u0131 Ba\u015fdan\u0131\u015fman\u0131 U\u00e7um, avukat\u0131n\u0131n arac\u0131l\u0131\u011f\u0131yla kar\u015f\u0131l\u0131k verdi.<\/p>\n<p><b>U\u00c7UM AVUKATININ ARACILI\u011eIYLA KAR\u015eILIK VERD\u0130<\/b><\/p>\n<p>U\u00e7um, avukat\u0131 Zeynep Y\u0131ld\u0131r\u0131m\u2019\u0131n a\u00e7\u0131klamas\u0131n\u0131 kendi toplumsal medya hesab\u0131ndan yay\u0131mlad\u0131. Avukat\u0131n\u0131n a\u00e7\u0131klamas\u0131nda; \u201cM\u00fcvekkilin ki\u015filik haklar\u0131n\u0131 ama\u00e7 alan, adil yarg\u0131lamay\u0131 etkilemeye te\u015febb\u00fcs niteli\u011findeki payla\u015f\u0131mlar\u0131n tamam\u0131 as\u0131ls\u0131zd\u0131r. M\u00fcvekkilin rastgele bir soru\u015fturma s\u00fcrecine hi\u00e7bir m\u00fcdahalesi kelam konusu de\u011fildir\u201d denildi.<\/p>\n<p><b>\u2018HUKUKUN \u00dcST\u00dcNL\u00dc\u011e\u00dcNE A\u011eIR DARBE VURMAKTA\u2019<\/b><\/p>\n<p>AKP\u2019li Tayyar\u2019\u0131n bu tabirleri yarg\u0131 g\u00fcndemini de hareketlendirdi.<\/p>\n<p>Tayyar\u2019\u0131n s\u00f6zlerine y\u00f6nelik a\u00e7\u0131klamalarda bulunan Ankara Barosu Lideri Av. Mustafa K\u00f6ro\u011flu; \u201cTayyar\u2019\u0131n bu a\u00e7\u0131klamalar\u0131, T\u00fcrkiye\u2019de yarg\u0131n\u0131n siyasal \u00e7eki\u015fmenin arac\u0131 haline getirildi\u011fini g\u00f6steren \u00e7arp\u0131c\u0131 bir \u00f6rnektir. Bir ceza soru\u015fturmas\u0131nda kan\u0131tlar ve t\u00fczel \u00e7er\u00e7eve yerine, kimlerin \u2018devreye girdi\u011fi\u2019 ya da kimin \u2018bask\u0131 alt\u0131nda kald\u0131\u011f\u0131\u2019 \u00fczere s\u00f6zlerin konu\u015fulmas\u0131, yarg\u0131n\u0131n tarafs\u0131z ve ba\u011f\u0131ms\u0131z i\u015fleyi\u015finin a\u015f\u0131nd\u0131\u011f\u0131n\u0131; s\u00fcre\u00e7lerin siyasi g\u00fc\u00e7 u\u011fra\u015flar\u0131 ve \u015fahs\u00ee hesaplara \u00e7ekildi\u011fini g\u00f6stermektedir. Yarg\u0131n\u0131n \u2018siyasi aparat\u2019 haline gelmesi, iktidar blo\u011funun kendi i\u00e7 \u00e7at\u0131\u015fmalar\u0131n\u0131 da adliye koridorlar\u0131na ta\u015f\u0131makta; bu durum hukukun \u00fcst\u00fcnl\u00fc\u011f\u00fcne a\u011f\u0131r darbe vurmaktad\u0131r. Yarg\u0131n\u0131n ba\u011f\u0131ms\u0131zl\u0131\u011f\u0131, herkesi hukukun hudutlar\u0131 i\u00e7inde tutmak i\u00e7indir. Ankara Barosu olarak vurguluyoruz: Yarg\u0131 hi\u00e7bir siyasi g\u00fcc\u00fcn i\u00e7 hesapla\u015fma alan\u0131 olamaz; hukuk herkes i\u00e7in e\u015fit uygulanmal\u0131d\u0131r\u201d tabirlerini kulland\u0131.<\/p>\n<p><b>\u2018YARGI DERTLER\u0130N\u0130 G\u00d6ZLER \u00d6N\u00dcNE SER\u0130YOR\u2019<\/b><\/p>\n<p>Av. Aykanat Ka\u00e7maz da \u201c\u00dclkemizin geldi\u011fi hukuksal manada ezalar\u0131 g\u00f6zler \u00f6n\u00fcne seriyor. Muhtemelen telefonu \u00fcnl\u00fc bir marka ve ilgili \u015firketten istenecektir. \u015eayet; savc\u0131lara bask\u0131 yap\u0131ld\u0131ysa yahut siyaseten hareket ediliyorsa, bu \u015fifrenin memleketler aras\u0131 yard\u0131mla\u015fmayla istenmemesi ya da eksperlerin bask\u0131 yap\u0131laca\u011f\u0131n\u0131 g\u00f6rece\u011fiz\u201d dedi.<\/p>\n<p><b>\u2018ADALET\u0130N G\u00dc\u00c7 ARACINA D\u00d6N\u00dc\u015eT\u00dc\u011e\u00dcN\u00dcN G\u00d6STERGES\u0130\u2019<\/b><\/p>\n<p>CHP Genel Lider Yard\u0131mc\u0131s\u0131 G\u00fcl \u00c7ift\u00e7i ise \u201cYarg\u0131n\u0131n i\u00e7ine d\u00fc\u015ft\u00fc\u011f\u00fc \u00e7\u00fcr\u00fcme tablosunu art\u0131k g\u00fcnbeg\u00fcn ya\u015f\u0131yoruz. Son olarak AKP i\u00e7inden gelen a\u00e7\u0131klamalar, yarg\u0131 \u00fczerindeki bask\u0131 ve pazarl\u0131k savlar\u0131n\u0131 kamuoyunun \u00f6n\u00fcnde bir sefer daha tart\u0131\u015f\u0131l\u0131r hale getirdi. Bu tablo, sadece iktidar i\u00e7indeki \u00e7at\u0131\u015fmalar\u0131 de\u011fil, yarg\u0131n\u0131n ba\u011f\u0131ms\u0131zl\u0131\u011f\u0131n\u0131 b\u00fcsb\u00fct\u00fcn yitirdi\u011finin, adalet d\u00fczene\u011finin bir g\u00fc\u00e7 \u00e7abas\u0131 arac\u0131na d\u00f6n\u00fc\u015ft\u00fc\u011f\u00fcn\u00fcn de en somut g\u00f6stergelerinden biridir. Genel Liderimiz Say\u0131n \u00d6zg\u00fcr \u00d6zel\u2019in a\u00e7\u0131klad\u0131\u011f\u0131 \u2018\u0130BB Kumpas Borsas\u0131\u2019 da tam olarak buraya oturmaktad\u0131r\u201d diye konu\u015ftu.<\/p>\n<p><b>\u2018KUMPAS S\u00dcREC\u0130N\u0130N ART PLANINI DA DO\u011eRULAR N\u0130TEL\u0130KTE\u2019<\/b><\/p>\n<p>\u201cSe\u00e7ilmi\u015f belediye liderlerine ve yol arkada\u015flar\u0131m\u0131za y\u00f6nelik operasyonlarda, kan\u0131ts\u0131z, hukuksuz s\u00f6z ve yarg\u0131lama s\u00fcre\u00e7leri ile \u015fahit beyanlar\u0131n\u0131n y\u00f6nlendirildi\u011fi tekraren ortaya \u00e7\u0131km\u0131\u015ft\u0131\u201d diyen \u00c7ift\u00e7i; \u201c\u015eimdi de yarg\u0131 mensuplar\u0131 ile avukatlar ortas\u0131nda kirli ilgiler a\u011f\u0131n\u0131n kuruldu\u011funa \u015fahitlik ediyoruz. Bug\u00fcn AKP i\u00e7inden gelen \u2018bask\u0131\u2019 itiraflar\u0131, bu kumpas s\u00fcrecinin art plan\u0131n\u0131 da do\u011frular nitelikte. Bu \u00fclkenin yarg\u0131s\u0131, tarafs\u0131zl\u0131k prensibinden kopar\u0131lm\u0131\u015f, Saray\u2019\u0131n talimat odas\u0131na \u00e7evrilmi\u015ftir. Adaletin terazisi, art\u0131k kan\u0131ta, hukuka, vicdana nazaran de\u011fil; iktidar\u0131n g\u00fcn\u00fcbirlik \u00e7\u0131kar hesaplar\u0131na nazaran i\u015flemektedir. Yarg\u0131 ba\u011f\u0131ms\u0131zl\u0131\u011f\u0131n\u0131n bu halde yok edilmesi, sadece muhalefete de\u011fil, t\u00fcm topluma, t\u00fcm yurtta\u015flara kar\u015f\u0131 i\u015flenmi\u015f a\u011f\u0131r bir su\u00e7tur\u201d s\u00f6zlerini kulland\u0131.<\/p>\n<p><b>\u2018HUKUK DEVLET\u0130 PRENS\u0130B\u0130NE \u015eARTSIZ OLARAK D\u00d6N\u00dcLMEL\u0130\u2019<\/b><\/p>\n<p>\u0130Y\u0130 Parti \u0130stanbul Milletvekili Cihan Pa\u00e7ac\u0131, hususa ait Cumhuriyet\u2019e yapt\u0131\u011f\u0131 de\u011ferlendirmede \u201cAKP\u2019li eski bir milletvekilinin s\u00f6zleri, yarg\u0131n\u0131n siyasalla\u015ft\u0131\u011f\u0131n\u0131n en a\u00e7\u0131k itiraf\u0131d\u0131r. Bir savc\u0131n\u0131n, bir soru\u015fturma belgesinde, \u0130mamo\u011flu davas\u0131nda bile g\u00f6rmedi\u011fi \u00f6l\u00e7\u00fcde bask\u0131ya maruz b\u0131rak\u0131ld\u0131\u011f\u0131n\u0131n lisana getirilmesi; T\u00fcrkiye\u2019de yarg\u0131n\u0131n ba\u011f\u0131ms\u0131zl\u0131\u011f\u0131n\u0131n ka\u011f\u0131t \u00fczerinde kald\u0131\u011f\u0131n\u0131, fiiliyatta ise siyasi iktidar\u0131n denetimine girdi\u011fini a\u00e7\u0131k\u00e7a ortaya koymaktad\u0131r. Hukukun \u00fcst\u00fcnl\u00fc\u011f\u00fc unsuru yerine, siyasi talimatlar\u0131n temel al\u0131nd\u0131\u011f\u0131 bir yarg\u0131 nizam\u0131, adaletin de\u011fil endi\u015fenin tesis edildi\u011fi bir sistem yarat\u0131r\u201d tabirlerini kulland\u0131. Bu tablonun s\u0131rf muhalefeti de\u011fil, demokratik hukuk devletine inanan herkesi endi\u015felendirmesi gerekti\u011fini s\u00f6yleyen Pa\u00e7ac\u0131, \u201cYarg\u0131; iktidarlar\u0131n elinde bir sopa de\u011fil, milletin adalet aray\u0131\u015f\u0131n\u0131n teminat\u0131 olmal\u0131d\u0131r. Bu nedenle, yarg\u0131 \u00fczerindeki her t\u00fcrl\u00fc siyasi bask\u0131 derhal son bulmal\u0131, hukuk devleti prensibine \u015farts\u0131z olarak d\u00f6n\u00fclmelidir. \u0130Y\u0130 Parti olarak bu sistemin de\u011fi\u015fmesine y\u00f6nelik u\u011fra\u015f\u0131m\u0131z s\u00fcrecektir\u201d dedi.<\/p>\n","protected":false},"excerpt":{"rendered":"<p>Eski AKP milletvekili \u015eamil Tayyar, &#8220;FET\u00d6\u2019ye yard\u0131m ve yatakl\u0131k&#8221; su\u00e7lamas\u0131yla tutuklanan Avukat Rezan Ep\u00f6zdemir soru\u015fturmas\u0131nda, Cumhurba\u015fkan\u0131 Ba\u015fdan\u0131\u015fman\u0131 Mehmet U\u00e7um\u2019un da ortalar\u0131nda bulundu\u011fu \u00e7ok say\u0131da ismin \u0130stanbul Cumhuriyet Ba\u015fsavc\u0131s\u0131 Ak\u0131n G\u00fcrlek\u2019e bask\u0131 yapt\u0131\u011f\u0131n\u0131 sav etti. Ankara Barosu Ba\u015fkan\u0131 Mustafa K\u00f6ro\u011flu ve CHP\u2019li G\u00f6khan Zeybek \u00c7ift\u00e7i, yarg\u0131n\u0131n \u2018siyasi aparat\u2019 haline geldi\u011fini vurgulad\u0131.<\/p>\n","protected":false},"author":1,"featured_media":68036,"comment_status":"open","ping_status":"open","sticky":false,"template":"","format":"standard","meta":{"footnotes":""},"categories":[25],"tags":[3915,302,806,5991,1019],"class_list":["post-68035","post","type-post","status-publish","format-standard","has-post-thumbnail","hentry","category-gundem","tag-baski","tag-hukuk","tag-iddia","tag-ucum","tag-yargi"],"_links":{"self":[{"href":"https:\/\/ikimisli.tr\/index.php\/wp-json\/wp\/v2\/posts\/68035","targetHints":{"allow":["GET"]}}],"collection":[{"href":"https:\/\/ikimisli.tr\/index.php\/wp-json\/wp\/v2\/posts"}],"about":[{"href":"https:\/\/ikimisli.tr\/index.php\/wp-json\/wp\/v2\/types\/post"}],"author":[{"embeddable":true,"href":"https:\/\/ikimisli.tr\/index.php\/wp-json\/wp\/v2\/users\/1"}],"replies":[{"embeddable":true,"href":"https:\/\/ikimisli.tr\/index.php\/wp-json\/wp\/v2\/comments?post=68035"}],"version-history":[{"count":1,"href":"https:\/\/ikimisli.tr\/index.php\/wp-json\/wp\/v2\/posts\/68035\/revisions"}],"predecessor-version":[{"id":68037,"href":"https:\/\/ikimisli.tr\/index.php\/wp-json\/wp\/v2\/posts\/68035\/revisions\/68037"}],"wp:featuredmedia":[{"embeddable":true,"href":"https:\/\/ikimisli.tr\/index.php\/wp-json\/wp\/v2\/media\/68036"}],"wp:attachment":[{"href":"https:\/\/ikimisli.tr\/index.php\/wp-json\/wp\/v2\/media?parent=68035"}],"wp:term":[{"taxonomy":"category","embeddable":true,"href":"https:\/\/ikimisli.tr\/index.php\/wp-json\/wp\/v2\/categories?post=68035"},{"taxonomy":"post_tag","embeddable":true,"href":"https:\/\/ikimisli.tr\/index.php\/wp-json\/wp\/v2\/tags?post=68035"}],"curies":[{"name":"wp","href":"https:\/\/api.w.org\/{rel}","templated":true}]}}