{"id":6804,"date":"2025-01-25T18:23:42","date_gmt":"2025-01-25T18:23:42","guid":{"rendered":"https:\/\/ikimisli.tr\/?p=6804"},"modified":"2025-01-25T18:23:42","modified_gmt":"2025-01-25T18:23:42","slug":"yuzme-federasyonuna-yeni-sponsor","status":"publish","type":"post","link":"https:\/\/ikimisli.tr\/index.php\/2025\/01\/25\/yuzme-federasyonuna-yeni-sponsor\/","title":{"rendered":"Y\u00fczme federasyonuna yeni sponsor"},"content":{"rendered":"<p>T\u00fcrkiye Y\u00fczme Federasyonu, yeni bir sponsorluk takviyesi ald\u0131. Memorial S\u0131hhat K\u00fcmesi, y\u00fczme sporunun geli\u015fimi i\u00e7in k\u0131ymetli bir i\u015f birli\u011fine imza atarak T\u00fcrkiye Y\u00fczme Federasyonu\u2019nun resmi s\u0131hhat sponsoru oldu.<\/p>\n<p>Sponsorluk kapsam\u0131nda, k\u0131talararas\u0131 y\u00fczme yar\u0131\u015flar\u0131ndan ferdi y\u00fczme atletlerine kadar geni\u015f bir alanda y\u00fczme bran\u015f\u0131n\u0131 desteklenecekken, 2025 y\u0131l\u0131 sonuna kadar t\u00fcm federasyon yar\u0131\u015flar\u0131nda s\u0131hhat ve birinci yard\u0131m hizmeti sunulacak.<\/p>\n<p><b>&#8216;V\u0130ZYONUMUZUN B\u0130R PAR\u00c7ASI&#8217;<\/b><\/p>\n<p>Memorial S\u0131hhat K\u00fcmesi CEO\u2019su Bora Ulud\u00fcz, y\u00fczme sporuna y\u00f6nelik bu uzun vadeli dayana\u011f\u0131, sporun toplumda bir hayat bi\u00e7imi haline gelmesi ismine at\u0131lm\u0131\u015f pahal\u0131 bir ad\u0131m olarak nitelendirerek \u015funlar\u0131 s\u00f6yledi: \u201cSa\u011fl\u0131kl\u0131 bireyler ve g\u00fc\u00e7l\u00fc bir toplum i\u00e7in sporun herkes taraf\u0131ndan benimsenmesini \u00f6nemsiyoruz. T\u00fcrkiye Y\u00fczme Federasyonu ile ger\u00e7ekle\u015ftirdi\u011fimiz bu i\u015f birli\u011fi sayesinde y\u00fczme bran\u015f\u0131n\u0131n geli\u015fimine dayanak olmay\u0131, atletlerimize s\u0131hhat teminat\u0131 sunarak onlar\u0131n muvaffakiyet seyahatlerinde yanlar\u0131nda olmay\u0131 hedefliyoruz. Memorial olarak, y\u00fczme yar\u0131\u015flar\u0131nda atletlerin s\u0131hhatini garanti alt\u0131na almak ve daha fazlas\u0131 i\u00e7in buraday\u0131z. Atletlerimize her vakit dayanak olmaktan gurur duyuyoruz.\u201d<\/p>\n<p>T\u00fcrkiye Y\u00fczme Federasyonu Genel Sekreteri Se\u00e7kin Renklibay ise sponsorlukla ilgili g\u00f6r\u00fc\u015flerini lisana getirerek \u015funlar\u0131 s\u00f6yledi: T\u00fcrkiye Y\u00fczme Federasyonu ile sa\u011flanan i\u015f birli\u011fi, Memorial\u2019\u0131n sporun farkl\u0131 kollar\u0131n\u0131 destekleme vizyonunun bir kesimi olarak dikkat \u00e7ekiyor. Federasyonun d\u00fczenledi\u011fi t\u00fcm yar\u0131\u015flarda, s\u0131hhat tak\u0131mlar\u0131 karada ve suda sportmenlerin yan\u0131nda olacak.&#8221;<\/p>\n","protected":false},"excerpt":{"rendered":"<p>T\u00fcrkiye Y\u00fczme Federasyonu, yeni bir sponsorluk takviyesi ald\u0131.<\/p>\n","protected":false},"author":1,"featured_media":6805,"comment_status":"open","ping_status":"open","sticky":false,"template":"","format":"standard","meta":{"footnotes":""},"categories":[30],"tags":[150,1743,1744,726],"class_list":["post-6804","post","type-post","status-publish","format-standard","has-post-thumbnail","hentry","category-spor","tag-saglik","tag-sporun","tag-turkiye-yuzme-federasyonu","tag-yuzme"],"_links":{"self":[{"href":"https:\/\/ikimisli.tr\/index.php\/wp-json\/wp\/v2\/posts\/6804","targetHints":{"allow":["GET"]}}],"collection":[{"href":"https:\/\/ikimisli.tr\/index.php\/wp-json\/wp\/v2\/posts"}],"about":[{"href":"https:\/\/ikimisli.tr\/index.php\/wp-json\/wp\/v2\/types\/post"}],"author":[{"embeddable":true,"href":"https:\/\/ikimisli.tr\/index.php\/wp-json\/wp\/v2\/users\/1"}],"replies":[{"embeddable":true,"href":"https:\/\/ikimisli.tr\/index.php\/wp-json\/wp\/v2\/comments?post=6804"}],"version-history":[{"count":1,"href":"https:\/\/ikimisli.tr\/index.php\/wp-json\/wp\/v2\/posts\/6804\/revisions"}],"predecessor-version":[{"id":6806,"href":"https:\/\/ikimisli.tr\/index.php\/wp-json\/wp\/v2\/posts\/6804\/revisions\/6806"}],"wp:featuredmedia":[{"embeddable":true,"href":"https:\/\/ikimisli.tr\/index.php\/wp-json\/wp\/v2\/media\/6805"}],"wp:attachment":[{"href":"https:\/\/ikimisli.tr\/index.php\/wp-json\/wp\/v2\/media?parent=6804"}],"wp:term":[{"taxonomy":"category","embeddable":true,"href":"https:\/\/ikimisli.tr\/index.php\/wp-json\/wp\/v2\/categories?post=6804"},{"taxonomy":"post_tag","embeddable":true,"href":"https:\/\/ikimisli.tr\/index.php\/wp-json\/wp\/v2\/tags?post=6804"}],"curies":[{"name":"wp","href":"https:\/\/api.w.org\/{rel}","templated":true}]}}