{"id":68230,"date":"2025-08-14T12:20:51","date_gmt":"2025-08-14T12:20:51","guid":{"rendered":"https:\/\/ikimisli.tr\/?p=68230"},"modified":"2025-08-14T12:20:51","modified_gmt":"2025-08-14T12:20:51","slug":"turkiyenin-en-yuksek-binasiydi-ne-halden-ne-hale-geldi","status":"publish","type":"post","link":"https:\/\/ikimisli.tr\/index.php\/2025\/08\/14\/turkiyenin-en-yuksek-binasiydi-ne-halden-ne-hale-geldi\/","title":{"rendered":"T\u00fcrkiye&#8217;nin en y\u00fcksek binas\u0131yd\u0131: Ne halden ne hale geldi!"},"content":{"rendered":"<p>1980\u2019lerin sonunda in\u015fas\u0131na ba\u015flanan Metropol, 52 kat\u0131 ve 175 metre y\u00fcksekli\u011fiyle T\u00fcrkiye\u2019nin birinci g\u00f6kdeleni olarak planland\u0131. 27 Haziran 1987\u2019de temeli at\u0131lan proje, periyodun en \u00e7a\u011fda\u015f teknolojileriyle donat\u0131lm\u0131\u015f \u201cak\u0131ll\u0131 bina\u201d olarak tan\u0131t\u0131ld\u0131. Her katta 1.255 metrekare alan\u0131 bulunan yap\u0131, zelzele an\u0131nda 8 santimetre sal\u0131n\u0131m yapacak halde tasarlanm\u0131\u015ft\u0131.<\/p>\n<p><strong>MERS\u0130N&#8217;E BEDEL KATACAK T\u0130CARET MERKEZ\u0130 HAYAL\u0130<\/strong><\/p>\n<p>Metropol\u2019\u00fcn yaln\u0131zca bir g\u00f6kdelen de\u011fil, t\u0131pk\u0131 vakitte 5 \u00e7ar\u015f\u0131 ve 1.100 d\u00fckkandan olu\u015fan dev bir ticaret kompleksi olmas\u0131 hedefleniyordu. Bankalar, sigorta \u015firketleri, ithalat-ihracat ofisleri, oteller ve ma\u011fazalarla Mersin\u2019in kalbinde ticaretin yeni adresi olaca\u011f\u0131 d\u00fc\u015f\u00fcn\u00fcl\u00fcyordu. 5 y\u0131ld\u0131zl\u0131 otel, konferans salonlar\u0131 ve \u00e7a\u011fda\u015f ofis alanlar\u0131yla kentin itibar projesi olarak pazarlan\u0131yordu.<\/p>\n<p><img decoding=\"async\" src=\"https:\/\/ikimisli.tr\/wp-content\/uploads\/2025\/08\/turkiyenin-en-yuksek-binasiydi-ne-halden-ne-hale-geldi-0-KSI7qHXK.jpg\"\/><\/p>\n<p><strong>A\u00c7ILI\u015e CO\u015eKUSU VE UMUTLAR<\/strong><\/p>\n<p>20 Nisan 1992\u2019de b\u00fcy\u00fck bir merasimle a\u00e7\u0131lan Metropol, balonlar, bayraklar ve merasimlerle Mersinlilere tan\u0131t\u0131ld\u0131. Otelin ve \u00e7ar\u015f\u0131lar\u0131n a\u00e7\u0131lmas\u0131yla b\u00f6lgenin hareketlenmesi bekleniyordu. Hatta Mersin \u00dcniversitesi\u2019nin birtak\u0131m k\u0131s\u0131mlar\u0131n\u0131n binaya ta\u015f\u0131nmas\u0131, b\u00f6lgedeki ticarete ivme kazand\u0131racak de\u011ferli bir ad\u0131m olarak g\u00f6r\u00fclm\u00fc\u015ft\u00fc.<\/p>\n<p><strong>GER\u00c7EKLE\u015eMEYEN BEKLENT\u0130LER<\/strong><\/p>\n<p>Ne var ki 1990\u2019lar\u0131n ba\u015f\u0131ndaki K\u00f6rfez Sava\u015f\u0131 ve ekonomik dalgalanmalar, beklenen ticari hareketlili\u011fi engelledi. Otel markalar\u0131 s\u0131k s\u0131k de\u011fi\u015fti; Ramada\u2019dan Radisson Blu\u2019ya, oradan \u00f6teki i\u015fletmelere ge\u00e7ti. Ofisler ve ma\u011fazalar tam kapasiteyle kullan\u0131lamad\u0131. Vakitle \u00e7ar\u015f\u0131 b\u00f6lgesi bak\u0131ms\u0131zla\u015ft\u0131, g\u00fcvenlik kayg\u0131lar\u0131 artt\u0131 ve Metropol, \u201cgidilmeyen yer\u201d alg\u0131s\u0131yla an\u0131lmaya ba\u015flad\u0131.<\/p>\n<p><img decoding=\"async\" src=\"https:\/\/ikimisli.tr\/wp-content\/uploads\/2025\/08\/turkiyenin-en-yuksek-binasiydi-ne-halden-ne-hale-geldi-1-bQz87izq.png\"\/><\/p>\n<p><strong>DEV YAPININ BUG\u00dcNK\u00dc DURUMU<\/strong><\/p>\n<p>Y\u0131llar i\u00e7inde otel i\u015fletmecileri de\u011fi\u015fse de bina h\u00e2l\u00e2 \u201cMetropol\u201d ismiyle an\u0131l\u0131yor. Mersin\u2019in her k\u00f6\u015fesinden g\u00f6r\u00fclebilen bu dev yap\u0131, vakit zaman farkl\u0131 hedeflerle da kullan\u0131ld\u0131. 2015\u2019te Greenpeace aktivistlerinin n\u00fckleer aksisi pankart asmas\u0131, binan\u0131n dikkat cazibeli y\u00fcksekli\u011finin bir \u00f6b\u00fcr formda g\u00fcndeme gelmesine neden oldu.<\/p>\n<p><strong>YEN\u0130DEN CANLANDIRMAK M\u00dcMK\u00dcN M\u00dc?<\/strong><\/p>\n<p>Metropol\u2019\u00fcn \u00f6yk\u00fcs\u00fc, T\u00fcrkiye\u2019de tamamlanm\u0131\u015f lakin potansiyelini ger\u00e7ekle\u015ftiremeyen b\u00fcy\u00fck projelerin sembollerinden biri. Uzmanlar, bu t\u00fcrl\u00fc yap\u0131lar\u0131n y\u0131k\u0131lmak yerine tekrar k\u0131ymetlendirilerek kente kazand\u0131r\u0131lmas\u0131 gerekti\u011fini savunuyor. Yanl\u0131\u015fs\u0131z bir planlama ve g\u00fc\u00e7l\u00fc bir vizyonla, Metropol\u2019\u00fcn Mersin i\u00e7in tekrar bedel \u00fcreten bir simgeye d\u00f6n\u00fc\u015fmesi h\u00e2l\u00e2 m\u00fcmk\u00fcn.<\/p>\n","protected":false},"excerpt":{"rendered":"<p>Mersin\u2019in simgelerinden biri olan Metropol, T\u00fcrkiye\u2019nin birinci g\u00f6kdeleni unvan\u0131yla tarihe ge\u00e7ti. Lakin 175 metrelik bu dev yap\u0131, y\u0131llar i\u00e7inde beklenen ticari canl\u0131l\u0131\u011f\u0131 yakalayamad\u0131 ve yazg\u0131s\u0131na terk edilen projeler ortas\u0131nda yerini ald\u0131.<\/p>\n","protected":false},"author":1,"featured_media":68231,"comment_status":"open","ping_status":"open","sticky":false,"template":"","format":"standard","meta":{"footnotes":""},"categories":[25],"tags":[1318,73],"class_list":["post-68230","post","type-post","status-publish","format-standard","has-post-thumbnail","hentry","category-gundem","tag-mersin","tag-otel"],"_links":{"self":[{"href":"https:\/\/ikimisli.tr\/index.php\/wp-json\/wp\/v2\/posts\/68230","targetHints":{"allow":["GET"]}}],"collection":[{"href":"https:\/\/ikimisli.tr\/index.php\/wp-json\/wp\/v2\/posts"}],"about":[{"href":"https:\/\/ikimisli.tr\/index.php\/wp-json\/wp\/v2\/types\/post"}],"author":[{"embeddable":true,"href":"https:\/\/ikimisli.tr\/index.php\/wp-json\/wp\/v2\/users\/1"}],"replies":[{"embeddable":true,"href":"https:\/\/ikimisli.tr\/index.php\/wp-json\/wp\/v2\/comments?post=68230"}],"version-history":[{"count":1,"href":"https:\/\/ikimisli.tr\/index.php\/wp-json\/wp\/v2\/posts\/68230\/revisions"}],"predecessor-version":[{"id":68234,"href":"https:\/\/ikimisli.tr\/index.php\/wp-json\/wp\/v2\/posts\/68230\/revisions\/68234"}],"wp:featuredmedia":[{"embeddable":true,"href":"https:\/\/ikimisli.tr\/index.php\/wp-json\/wp\/v2\/media\/68231"}],"wp:attachment":[{"href":"https:\/\/ikimisli.tr\/index.php\/wp-json\/wp\/v2\/media?parent=68230"}],"wp:term":[{"taxonomy":"category","embeddable":true,"href":"https:\/\/ikimisli.tr\/index.php\/wp-json\/wp\/v2\/categories?post=68230"},{"taxonomy":"post_tag","embeddable":true,"href":"https:\/\/ikimisli.tr\/index.php\/wp-json\/wp\/v2\/tags?post=68230"}],"curies":[{"name":"wp","href":"https:\/\/api.w.org\/{rel}","templated":true}]}}