{"id":68275,"date":"2025-08-14T14:44:46","date_gmt":"2025-08-14T14:44:46","guid":{"rendered":"https:\/\/ikimisli.tr\/?p=68275"},"modified":"2025-08-14T14:44:46","modified_gmt":"2025-08-14T14:44:46","slug":"chpden-hskya-ibb-borsasi-basvurusu","status":"publish","type":"post","link":"https:\/\/ikimisli.tr\/index.php\/2025\/08\/14\/chpden-hskya-ibb-borsasi-basvurusu\/","title":{"rendered":"CHP&#8217;den HSK&#8217;ya &#8216;\u0130BB borsas\u0131&#8217; ba\u015fvurusu"},"content":{"rendered":"<p>CHP Genel Ba\u015fkan\u0131 \u00d6zg\u00fcr \u00d6zel, Tuzla&#8217;da ger\u00e7ekle\u015ftirdi\u011fi mitingde \u0130stanbul B\u00fcy\u00fck\u015fehir Belediyesi (\u0130BB) soru\u015fturmas\u0131 \u00fczerinden savc\u0131 ve avukatlar\u0131n dava boras\u0131 olu\u015fturdu\u011funu arg\u00fcman etti.<\/p>\n<p>CHP Genel Lider Yard\u0131mc\u0131s\u0131 G\u00fcl \u00c7iftci ve beraberindeki heyet, ses kay\u0131tlar\u0131 ve manzaralar\u0131 i\u00e7eren \u015fikayet dilek\u00e7esini Yarg\u0131\u00e7lar ve Savc\u0131lar Heyeti&#8217;ne (HSK) sundu.<\/p>\n<p>\u00c7iftci, m\u00fcracaat\u0131n akabinde yapt\u0131\u011f\u0131 a\u00e7\u0131klamada, &#8220;Elimizde bulunan kan\u0131tlar\u0131 ve yarg\u0131n\u0131n i\u00e7inde bulundu\u011fu \u00e7\u00fcr\u00fcmenin, kirli ilgiler a\u011f\u0131n\u0131n ve siyasalla\u015fman\u0131n da kan\u0131tlar\u0131n\u0131 sunmu\u015f bulunmaktay\u0131z&#8221; dedi.<\/p>\n<p>Soru\u015fturmalar s\u0131ras\u0131nda masumiyet karinesinin, hukuksal g\u00fcvenilirlik prensibinin ihlal edildi\u011fini, avukatlar\u0131n vazifesini yapmas\u0131n\u0131n engellendi\u011fini ve yeniden savunma hakk\u0131n\u0131n k\u0131s\u0131tland\u0131\u011f\u0131n\u0131 aktaran \u00c7iftci, &#8220;Bug\u00fcn sundu\u011fumuz dilek\u00e7eyle kumpas\u0131n ikinci ve daha karanl\u0131k bir y\u00fcz\u00fcn\u00fc ortaya \u00e7\u0131kar\u0131yoruz ve HSK ile payla\u015f\u0131yoruz. Dok\u00fcmanlar\u0131m\u0131z a\u00e7\u0131k ve nettir. Bahsetti\u011fimiz bu evraklarda daha evvel bas\u0131na yans\u0131m\u0131\u015f, ismi ge\u00e7en avukat\u0131n tabirleriyle s\u00f6ylemek gerekirse; savc\u0131lardan birisi ile yak\u0131n m\u00fcnasebet i\u00e7inde oldu\u011funu tez eden avukat, tutuklu bulunan ki\u015filerin ailelerine giderek, &#8216;\u015eu ifadeyi verirsen h\u00fcr b\u0131rak\u0131l\u0131rs\u0131n&#8217;, &#8216;\u015eu paray\u0131 \u00f6dersen tahliye olursun&#8217; diyerek pazarl\u0131k yapm\u0131\u015ft\u0131r. Tabirlerin savc\u0131n\u0131n y\u00f6nlendirmesiyle evvelden yaz\u0131ld\u0131\u011f\u0131n\u0131n arg\u00fcman\u0131n\u0131 ortaya koymu\u015ftur ve kelam konusu avukat\u0131n s\u00f6zleriyle ma\u011fdur edilen bireylere s\u00f6yletilmeye \u00e7al\u0131\u015f\u0131lan tabirlerin daha evvel kurguland\u0131\u011f\u0131 da a\u00e7\u0131kt\u0131r. Tekrar savc\u0131n\u0131n, z\u0131mnilik karar\u0131 bulunan evraklarda bulunan, bu ger\u00e7eklik oldu\u011funu tez ettikleri \u00f6yk\u00fcleri daha evvelden bu avukata verdi\u011fini ve avukat\u0131n \u00fczerinden i\u015f yapt\u0131klar\u0131 avukat\u0131n ailelerle yapt\u0131\u011f\u0131 g\u00f6r\u00fc\u015fmelerle zati a\u00e7\u0131kt\u0131r. Ses kay\u0131tlar\u0131, ekran manzaralar\u0131, \u0130BB kumpas soru\u015fturmas\u0131nda ger\u00e7e\u011fi ortaya koymaktad\u0131r, bunlar da HSK&#8217;ya sunulmu\u015ftur. Kirli m\u00fcnasebetler a\u011f\u0131yla ma\u011fdur edilmek istenen aileler ise bu avukat ile ilgili su\u00e7 duyurusunda bulunmu\u015ftur&#8221; a\u00e7\u0131klamas\u0131nda bulundu.<\/p>\n","protected":false},"excerpt":{"rendered":"<p>CHP, \u0130BB soru\u015fturmas\u0131nda olu\u015fturuldu\u011fu \u00f6ne s\u00fcr\u00fclen &#8216;\u0130BB Borsas\u0131&#8217;na ait HSK&#8217;ya m\u00fcracaatta bulundu.<\/p>\n","protected":false},"author":1,"featured_media":68276,"comment_status":"open","ping_status":"open","sticky":false,"template":"","format":"standard","meta":{"footnotes":""},"categories":[25],"tags":[793,1210],"class_list":["post-68275","post","type-post","status-publish","format-standard","has-post-thumbnail","hentry","category-gundem","tag-avukat","tag-savci"],"_links":{"self":[{"href":"https:\/\/ikimisli.tr\/index.php\/wp-json\/wp\/v2\/posts\/68275","targetHints":{"allow":["GET"]}}],"collection":[{"href":"https:\/\/ikimisli.tr\/index.php\/wp-json\/wp\/v2\/posts"}],"about":[{"href":"https:\/\/ikimisli.tr\/index.php\/wp-json\/wp\/v2\/types\/post"}],"author":[{"embeddable":true,"href":"https:\/\/ikimisli.tr\/index.php\/wp-json\/wp\/v2\/users\/1"}],"replies":[{"embeddable":true,"href":"https:\/\/ikimisli.tr\/index.php\/wp-json\/wp\/v2\/comments?post=68275"}],"version-history":[{"count":1,"href":"https:\/\/ikimisli.tr\/index.php\/wp-json\/wp\/v2\/posts\/68275\/revisions"}],"predecessor-version":[{"id":68277,"href":"https:\/\/ikimisli.tr\/index.php\/wp-json\/wp\/v2\/posts\/68275\/revisions\/68277"}],"wp:featuredmedia":[{"embeddable":true,"href":"https:\/\/ikimisli.tr\/index.php\/wp-json\/wp\/v2\/media\/68276"}],"wp:attachment":[{"href":"https:\/\/ikimisli.tr\/index.php\/wp-json\/wp\/v2\/media?parent=68275"}],"wp:term":[{"taxonomy":"category","embeddable":true,"href":"https:\/\/ikimisli.tr\/index.php\/wp-json\/wp\/v2\/categories?post=68275"},{"taxonomy":"post_tag","embeddable":true,"href":"https:\/\/ikimisli.tr\/index.php\/wp-json\/wp\/v2\/tags?post=68275"}],"curies":[{"name":"wp","href":"https:\/\/api.w.org\/{rel}","templated":true}]}}