{"id":6841,"date":"2025-01-25T21:59:44","date_gmt":"2025-01-25T21:59:44","guid":{"rendered":"https:\/\/ikimisli.tr\/?p=6841"},"modified":"2025-01-25T21:59:44","modified_gmt":"2025-01-25T21:59:44","slug":"somestir-antalyadaki-rezervasyonlari-hareketlendirdi","status":"publish","type":"post","link":"https:\/\/ikimisli.tr\/index.php\/2025\/01\/25\/somestir-antalyadaki-rezervasyonlari-hareketlendirdi\/","title":{"rendered":"S\u00f6mestir Antalya&#8217;daki rezervasyonlar\u0131 hareketlendirdi"},"content":{"rendered":"<p>K\u0131\u015f d\u00f6neminde Rusya, Almanya, \u0130ngiltere ba\u015fta olmak \u00fczere yabanc\u0131 turist a\u011f\u0131rlamaya devam eden Antalya&#8217;da, 15 g\u00fcnl\u00fck yar\u0131 y\u0131l tatili i\u00e7in yerli turist rezervasyonlar\u0131 da hareketlendi.\u00a0<\/p>\n<p>Ge\u00e7en y\u0131l 17 milyonun \u00fczerinde tatilciyi konuk eden Antalya&#8217;da, 2025 hareketli ba\u015flad\u0131. Kent, bu y\u0131l 20-31 Ocak tarihlerinde yap\u0131lacak yar\u0131 y\u0131l tatilini k\u0131y\u0131 kenar\u0131nda ge\u00e7irmek isteyen tatilcilerin rotas\u0131nda yer al\u0131yor.\u00a0<\/p>\n<p>Tatilcilere kent merkezinden yakla\u015f\u0131k 35 kilometre uzakl\u0131ktaki Sakl\u0131kent ile 1,5 saat aradaki Isparta Davraz kayak merkezlerinde kayak yapma, k\u0131y\u0131s\u0131nda de denize girme imkan\u0131 sunan Antalya, yar\u0131 y\u0131l tatilinde de yerli turisti a\u011f\u0131rlayacak.\u00a0<\/p>\n<p><b>2025 \u0130\u00c7\u0130N 18 M\u0130LYONDAN FAZLA TUR\u0130ST HEDEF\u0130<\/b><\/p>\n<p>Akdeniz Turistik Otelciler ve \u0130\u015fletmeciler Birli\u011fi Lideri Kaan Ka\u015fif Kavalo\u011flu, turizmde ho\u015f bir y\u0131l\u0131 geride b\u0131rakt\u0131klar\u0131n\u0131, bu y\u0131la da hareketli ba\u015flad\u0131klar\u0131n\u0131 s\u00f6yledi.\u00a0<\/p>\n<p>Bu y\u0131l 18 milyondan fazla turisti a\u011f\u0131rlayarak yeni bir rekor k\u0131rmak istediklerini lisana getiren Kavalo\u011flu, kentte turist hareketlili\u011finin, yaz d\u00f6nemi kadar olmasa da s\u00fcrd\u00fc\u011f\u00fcn\u00fc belirtti. Bilhassa spor ve kongre turizminde konuklar a\u011f\u0131rlad\u0131klar\u0131n\u0131 aktaran Kavalo\u011flu, &#8220;S\u00f6mestir tatili yakla\u015ft\u0131. Bu periyotta daha \u00e7ok kayak otelleri tercih ediliyor lakin iklim kurallar\u0131 Antalya&#8217;da \u00e7ok ho\u015f gidiyor. Otellerimizin yapt\u0131\u011f\u0131 haz\u0131rl\u0131klar var, \u00f6\u011frenci kamplar\u0131, tatili d\u00fczg\u00fcn k\u0131ymetlendirme aktiflikleri \u00fczere. Rezervasyonlar \u00e2l\u00e2, s\u00f6mestir tatilinde de Antalya&#8217;da bir yo\u011funluk ya\u015fanacak \u00fczere g\u00f6z\u00fck\u00fcyor&#8221; diye konu\u015ftu.\u00a0<\/p>\n<p>Kavalo\u011flu, i\u00e7 pazarda rezervasyonlar\u0131n yeterli istikamette ilerledi\u011fini kaydetti.\u00a0<\/p>\n<p>Hem aileler baz\u0131nda hem de \u00f6\u011frencilere y\u00f6nelik \u00e7e\u015fitli aktiflik d\u00fczenleyen okullardan, k\u00fcmelerden rezervasyon ald\u0131klar\u0131n\u0131 aktaran Kavalo\u011flu, &#8220;Okullar kendi kamplar\u0131n\u0131 yap\u0131yorlar. \u00c7ocuklar spor aktivitelerinden faydalan\u0131yorlar, k\u0131\u015f\u0131n a\u00e7\u0131k olan otellerde kapal\u0131 havuzlar\u0131m\u0131z var. Hem e\u011fleniyorlar hem dinleniyorlar hem de \u00e7al\u0131\u015f\u0131yorlar&#8221; dedi.\u00a0<\/p>\n<p><b>A\u00c7IK OTELLERDE Y\u00dcZDE 90 DOLULUK BEKLENT\u0130S\u0130<\/b><\/p>\n<p>Bir otelin genel m\u00fcd\u00fcr\u00fc olan Ahmet Davaz da bir hafta kala i\u00e7 pazarda rezervasyonlar\u0131n gelmeye ba\u015flad\u0131\u011f\u0131n\u0131 s\u00f6yledi.\u00a0<\/p>\n<p><strong>K\u0131\u015f periyodunda \u0130ngiliz turistleri de a\u011f\u0131rlamaya devam ettiklerini belirten Davaz, \u015funlar\u0131 kaydetti:\u00a0<\/strong><\/p>\n<p>&#8220;Yar\u0131 y\u0131l tatili periyodu i\u00e7in beklenti ho\u015f, a\u00e7\u0131k otellerin dolu olaca\u011f\u0131n\u0131 kestirim ediyoruz, y\u00fczde 100 olmasa da y\u00fczde 90 doluluklara ula\u015f\u0131r\u0131z. Ocak ay\u0131nda olmam\u0131za kar\u015f\u0131n \u015fu anda hava kurallar\u0131 \u00e7ok g\u00fczel. Denize giren insanlar\u0131 da g\u00f6rebiliyoruz. Ayr\u0131yeten kayak yapmak isteyenler i\u00e7in de kentimizde bir kayak merkezi var, Sakl\u0131kent. Bunlar da bir avantaj.&#8221;\u00a0<\/p>\n","protected":false},"excerpt":{"rendered":"<p>Yerli ve yabanc\u0131 turistleri k\u0131\u015f d\u00f6neminde da a\u011f\u0131rlamaya devam eden Antalya, yar\u0131 y\u0131l tatilinde otellerin y\u00fczde 90 doluluk oran\u0131na ula\u015fmas\u0131n\u0131 bekleniyor. Turizm dal\u0131nda 2025 gayesi ise 18 milyondan fazla turist a\u011f\u0131rlayarak yeni bir rekora imza atmak.<\/p>\n","protected":false},"author":1,"featured_media":6842,"comment_status":"open","ping_status":"open","sticky":false,"template":"","format":"standard","meta":{"footnotes":""},"categories":[24],"tags":[71,1753,1752,182],"class_list":["post-6841","post","type-post","status-publish","format-standard","has-post-thumbnail","hentry","category-ekonomi","tag-kayak","tag-rezervasyon","tag-tatili","tag-turist"],"_links":{"self":[{"href":"https:\/\/ikimisli.tr\/index.php\/wp-json\/wp\/v2\/posts\/6841","targetHints":{"allow":["GET"]}}],"collection":[{"href":"https:\/\/ikimisli.tr\/index.php\/wp-json\/wp\/v2\/posts"}],"about":[{"href":"https:\/\/ikimisli.tr\/index.php\/wp-json\/wp\/v2\/types\/post"}],"author":[{"embeddable":true,"href":"https:\/\/ikimisli.tr\/index.php\/wp-json\/wp\/v2\/users\/1"}],"replies":[{"embeddable":true,"href":"https:\/\/ikimisli.tr\/index.php\/wp-json\/wp\/v2\/comments?post=6841"}],"version-history":[{"count":1,"href":"https:\/\/ikimisli.tr\/index.php\/wp-json\/wp\/v2\/posts\/6841\/revisions"}],"predecessor-version":[{"id":6843,"href":"https:\/\/ikimisli.tr\/index.php\/wp-json\/wp\/v2\/posts\/6841\/revisions\/6843"}],"wp:featuredmedia":[{"embeddable":true,"href":"https:\/\/ikimisli.tr\/index.php\/wp-json\/wp\/v2\/media\/6842"}],"wp:attachment":[{"href":"https:\/\/ikimisli.tr\/index.php\/wp-json\/wp\/v2\/media?parent=6841"}],"wp:term":[{"taxonomy":"category","embeddable":true,"href":"https:\/\/ikimisli.tr\/index.php\/wp-json\/wp\/v2\/categories?post=6841"},{"taxonomy":"post_tag","embeddable":true,"href":"https:\/\/ikimisli.tr\/index.php\/wp-json\/wp\/v2\/tags?post=6841"}],"curies":[{"name":"wp","href":"https:\/\/api.w.org\/{rel}","templated":true}]}}