{"id":68480,"date":"2025-08-15T02:44:45","date_gmt":"2025-08-15T02:44:45","guid":{"rendered":"https:\/\/ikimisli.tr\/?p=68480"},"modified":"2025-08-15T02:44:45","modified_gmt":"2025-08-15T02:44:45","slug":"meger-mesele-sadece-aziz-ihsan-aktas-degilmis-akpnin-cerciogluna-verdigi-soz-ortaya-cikti","status":"publish","type":"post","link":"https:\/\/ikimisli.tr\/index.php\/2025\/08\/15\/meger-mesele-sadece-aziz-ihsan-aktas-degilmis-akpnin-cerciogluna-verdigi-soz-ortaya-cikti\/","title":{"rendered":"Me\u011fer mesele sadece Aziz \u0130hsan Akta\u015f de\u011filmi\u015f! AKP&#8217;nin \u00c7er\u00e7io\u011flu&#8217;na verdi\u011fi s\u00f6z ortaya \u00e7\u0131kt\u0131"},"content":{"rendered":"<p>Gazeteci Fatih Altayl\u0131, tutuklu bulundu\u011fu Silivri Cezaevi&#8217;nde CHP lideri \u00d6zg\u00fcr \u00d6zel ile yapt\u0131\u011f\u0131 g\u00f6r\u00fc\u015fmeyi anlatt\u0131.<\/p>\n<p>Ki\u015fisel Youtube kanal\u0131nda, &#8220;YORUMLAYAMIYOR&#8221; serisine g\u00f6nderdi\u011fi not okunan Altayl\u0131 CHP lideri \u00d6zel&#8217;e komisyonu sordu. <\/p>\n<p>&#8220;\u00d6zg\u00fcr \u00d6zel&#8217;e kurulun ba\u015far\u0131s\u0131z olma ihtimalini hesaba kat\u0131p katmad\u0131\u011f\u0131n\u0131 soruyorum&#8221; diyen <strong>Altayl\u0131 kelamlar\u0131na \u015f\u00f6yle devam etti:<\/strong><\/p>\n<p><b>&#8220;KOM\u0130SYON BA\u015eARISIZ OLURSA ERKEN SE\u00c7\u0130M KA\u00c7INILMAZ OLUR&#8221;<\/b><\/p>\n<p>&#8220;\u00d6zel bunu olmamas\u0131 i\u00e7in her t\u00fcrl\u00fc yolu denemek istedi\u011fini izlenimini uyand\u0131r\u0131yor bende. G\u00fcya bu bahiste Bah\u00e7eli ve \u0130brahim Kal\u0131n&#8217;a bir \u00f6l\u00e7\u00fc kredi veriyor diye anl\u0131yorum. Ne var ki sonu\u00e7ta onlar\u0131n da \u00fczerinde bir otorite var ve komite istenen sonu\u00e7lar\u0131 vermeyebilir. Israr ediyorum. \u00d6zel, &#8220;bu toplumda b\u00fcy\u00fck bir hayal yarat\u0131r ve erken se\u00e7imin ka\u00e7\u0131n\u0131lmaz hale gelmesine neden olabilir diyor&#8221; ki bu fikri ben de payla\u015f\u0131yorum.<\/p>\n<p><b>&#8220;BELED\u0130YE MECL\u0130S\u0130&#8217;N\u0130 DE AKP&#8217;YE GE\u00c7\u0130RMEYE \u00c7ALI\u015eIYOR&#8221;<\/b><\/p>\n<p>Bir ba\u015fka sorum Hasret \u00c7er\u00e7io\u011flu&#8217;nun AKP&#8217;ye ge\u00e7ip ge\u00e7meyece\u011fi. Ge\u00e7iyor ve belediye meclisini de AKP&#8217;ye ge\u00e7irmeye \u00e7al\u0131\u015f\u0131yor. Nazilli ve Ko\u00e7arl\u0131&#8217;y\u0131 \u00e7ok zorlam\u0131\u015f. Nazilli lideri ge\u00e7miyor ama \u00d6zlem Han\u0131m ge\u00e7iyor. Pekala ni\u00e7in soruyorum.<\/p>\n<p>\u00c7ok utan\u00e7 verici de\u011fil mi? Ku\u015faklar uzunlu\u011fu unutulmayacak bir utan\u00e7. Anlat\u0131yor. \u00d6zlem Han\u0131m uzun vakittir tehdit alt\u0131ndayd\u0131. Hem yarg\u0131 kullan\u0131larak siyasi hem de ekonomik.<\/p>\n<p>\u00c7er\u00e7io\u011flu&#8217;nun kocas\u0131n\u0131n bir \u015firketi var. Borsaya kote b\u00fcy\u00fck bir \u015firket.<\/p>\n<p>Bu \u015firketin \u00fczerine geliyorlard\u0131. \u015eirket zorda. Hasret Han\u0131m&#8217;a hem bu \u015firket \u00fczerinden bask\u0131 yap\u0131yorlar hem de kendi evraklar\u0131 \u00fczerinden. AK Parti&#8217;ye ge\u00e7erse kocas\u0131n\u0131n \u015firketini kurtarma kelam\u0131 alm\u0131\u015f.<\/p>\n<p>Kendisinin \u00fczerinde ise y\u0131llard\u0131r salland\u0131klar\u0131 kendi telaffuzuyla 20-23 belge varm\u0131\u015f. Hepsi Aziz \u0130hsan Akta\u015f&#8217;la ilgili. \u00d6b\u00fcr belediye liderlerimizden farkl\u0131 olarak evvelden beri Aziz \u0130hsan Akta\u015f&#8217;la \u00e7al\u0131\u015fm\u0131\u015f ve bunlarla tehdit etmi\u015fler&#8221;<\/p>\n<p><b>NE OLMU\u015eTU?<\/b><\/p>\n<p><span>Ayd\u0131n B\u00fcy\u00fck\u015fehir Belediye Ba\u015fkan\u0131 \u00d6zlem \u00c7er\u00e7io\u011flu&#8217;nun bug\u00fcn AKP&#8217;ye ge\u00e7ece\u011fi \u00f6ne s\u00fcr\u00fcld\u00fc. Cumhurba\u015fkan\u0131 ve AKP Genel Ba\u015fkan\u0131 Recep Tayyip Erdo\u011fan bu bahiste gen\u00e7lik kollar\u0131 \u00fczerinden &#8220;Ayd\u0131n&#8221; g\u00f6ndermesi yaparken CHP lideri \u00d6zg\u00fcr \u00d6zel de d\u00fcn savlar\u0131 do\u011frulad\u0131. <\/span><\/p>\n<p><span>\u00c7er\u00e7io<\/span><span>\u011flu&#8217;nun beraberinde Sultanhisar, S<\/span><span>\u00f6ke ve Yenipazar Belediye Ba<\/span><span>\u015fkanlar\u0131 ve birtak\u0131m belediye meclis <\/span><span>\u00fcyeleri ile birlikte AKP&#8217;nin 24. kurulu<\/span><span>\u015f y\u0131ld<\/span><span>\u00f6n\u00fcm\u00fc etkinli<\/span><span>\u011finde partiye kat\u0131laca\u011f\u0131 belirtiliyor.<\/span><\/p>\n<p><span>2024 yerel se\u00e7imlerinde <\/span><span>Ayd\u0131n B<\/span><span>\u00fcy\u00fck<\/span><span>\u015fehir Belediye Meclisi&#8217;nde <\/span><span>CHP 56 sandalye kazan\u0131rken AKP <\/span><span>19,  <\/span><span>MHP 6 ve <\/span><span>\u0130Y\u0130 Parti 2 sandalye kazanm\u0131\u015ft\u0131.<\/span><\/p>\n<p><span>\u00c7er\u00e7io\u011flu&#8217;yla bir arada belediye meclisinin de Cumhur \u0130ttifak\u0131&#8217;na ge\u00e7mesi i\u00e7in 16 \u00fcyenin istifa etmesi gerekiyor.<\/span><\/p>\n<p><span>Ayr\u0131ca \u00c7er\u00e7io<\/span><span>\u011flu&#8217;nun AKP&#8217;ye kat\u0131laca\u011f\u0131na y<\/span><span>\u00f6nelik haberlerin dola<\/span><span>\u015f\u0131ma girmesinin akabinde, <\/span><span>\u00d6zlem \u00c7er\u00e7io<\/span><span>\u011flu&#8217;nun sanayicisi e\u015fi Ercan <\/span><span>\u00c7er\u00e7io<\/span><span>\u011flu&#8217;nun sahibi oldu\u011fu ve borsada s\u00fcre\u00e7 g<\/span><span>\u00f6ren Jantsa paylar\u0131 h<\/span><span>\u0131zla y<\/span><span>\u00fckseli<\/span><span>\u015fe ge<\/span><span>\u00e7ti.<\/span><\/p>\n<p><img decoding=\"async\" src=\"https:\/\/ikimisli.tr\/wp-content\/uploads\/2025\/08\/meger-mesele-sadece-aziz-ihsan-aktas-degilmis-akpnin-cerciogluna-verdigi-soz-ortaya-cikti-0-jOSqLIm5.png\"\/><\/p>\n","protected":false},"excerpt":{"rendered":"<p>Silivri Cezaevi&#8217;nde tutuklu bulunan Gazeteci Fatih Altayl\u0131, CHP lideri \u00d6zg\u00fcr \u00d6zel ile yapt\u0131\u011f\u0131 g\u00f6r\u00fc\u015fmeyi anlatt\u0131. Altayl\u0131 ayr\u0131yeten, Ayd\u0131n B\u00fcy\u00fck\u015fehir Belediye Ba\u015fkan\u0131 \u00d6zlem \u00c7er\u00e7io\u011flu&#8217;nun AKP&#8217;ye ge\u00e7ece\u011fini ve belediye meclisini de AKP&#8217;ye ge\u00e7irmeye \u00e7al\u0131\u015ft\u0131\u011f\u0131n\u0131 \u00f6ne s\u00fcrd\u00fc. Belediye Meclisi&#8217;nin AKP&#8217;ye ge\u00e7mesi i\u00e7in 16 \u00fcyenin AKP&#8217;ye transfer olmas\u0131 gerekiyor.<\/p>\n","protected":false},"author":1,"featured_media":68481,"comment_status":"open","ping_status":"open","sticky":false,"template":"","format":"standard","meta":{"footnotes":""},"categories":[25],"tags":[2869,7512,4976,402,725],"class_list":["post-68480","post","type-post","status-publish","format-standard","has-post-thumbnail","hentry","category-gundem","tag-akpye","tag-belediye-meclis","tag-ozlem","tag-sirket","tag-uzerinde"],"_links":{"self":[{"href":"https:\/\/ikimisli.tr\/index.php\/wp-json\/wp\/v2\/posts\/68480","targetHints":{"allow":["GET"]}}],"collection":[{"href":"https:\/\/ikimisli.tr\/index.php\/wp-json\/wp\/v2\/posts"}],"about":[{"href":"https:\/\/ikimisli.tr\/index.php\/wp-json\/wp\/v2\/types\/post"}],"author":[{"embeddable":true,"href":"https:\/\/ikimisli.tr\/index.php\/wp-json\/wp\/v2\/users\/1"}],"replies":[{"embeddable":true,"href":"https:\/\/ikimisli.tr\/index.php\/wp-json\/wp\/v2\/comments?post=68480"}],"version-history":[{"count":1,"href":"https:\/\/ikimisli.tr\/index.php\/wp-json\/wp\/v2\/posts\/68480\/revisions"}],"predecessor-version":[{"id":68483,"href":"https:\/\/ikimisli.tr\/index.php\/wp-json\/wp\/v2\/posts\/68480\/revisions\/68483"}],"wp:featuredmedia":[{"embeddable":true,"href":"https:\/\/ikimisli.tr\/index.php\/wp-json\/wp\/v2\/media\/68481"}],"wp:attachment":[{"href":"https:\/\/ikimisli.tr\/index.php\/wp-json\/wp\/v2\/media?parent=68480"}],"wp:term":[{"taxonomy":"category","embeddable":true,"href":"https:\/\/ikimisli.tr\/index.php\/wp-json\/wp\/v2\/categories?post=68480"},{"taxonomy":"post_tag","embeddable":true,"href":"https:\/\/ikimisli.tr\/index.php\/wp-json\/wp\/v2\/tags?post=68480"}],"curies":[{"name":"wp","href":"https:\/\/api.w.org\/{rel}","templated":true}]}}