{"id":68540,"date":"2025-08-15T05:56:45","date_gmt":"2025-08-15T05:56:45","guid":{"rendered":"https:\/\/ikimisli.tr\/?p=68540"},"modified":"2025-08-15T05:56:45","modified_gmt":"2025-08-15T05:56:45","slug":"filenin-efeleri-avrupa-sampiyonasi-biletini-kapti","status":"publish","type":"post","link":"https:\/\/ikimisli.tr\/index.php\/2025\/08\/15\/filenin-efeleri-avrupa-sampiyonasi-biletini-kapti\/","title":{"rendered":"Filenin Efeleri, Avrupa \u015eampiyonas\u0131 biletini kapt\u0131"},"content":{"rendered":"<p>2026 CEV Avrupa \u015eampiyonas\u0131 Elemeleri A K\u00fcmesi d\u00f6rd\u00fcnc\u00fc ve son ma\u00e7\u0131nda A Ulusal Erkek Voleybol Grubu, Malatya&#8217;da oynanan ma\u00e7ta Danimarka&#8217;y\u0131 3-2 ma\u011flup etti. <\/p>\n<p>Filenin Efeleri, 2026 CEV Avrupa \u015eampiyonas\u0131&#8217;na kat\u0131lmaya hak kazand\u0131.<\/p>\n<p>\u015eampiyona, \u0130talya, Bulgaristan, Finlandiya ve Romanya i\u015ftirakinde 9-27 Eyl\u00fcl 2026 tarihlerinde d\u00fczenlenecek.<\/p>\n<ul>\n<li><strong>Salon:<\/strong> Orduzu P\u0131narba\u015f\u0131<\/li>\n<li><strong>Hakemler: <\/strong>Vasileiadis Vasilelos (Yunanistan), Zulfugarov Eldar (Azerbaycan)<\/li>\n<li><strong>T\u00fcrkiye: <\/strong>Adis Lagumdzija, Mirza Lagumdzija, Bedirhan B\u00fclb\u00fcl, Murat Yenipazar, Ramazan Efe Mand\u0131rac\u0131, Mert Matic (Beytullah Hatipo\u011flu, Ahmet T\u00fcmer)<\/li>\n<li><strong>Danimarka: <\/strong>Madsen, Uhrenholt, Jensen, Kjaer, Mikelsons, Jacobsen (Jonas Petersen, Dahl, Nielsen, Hoff)<\/li>\n<li><strong>Setler: <\/strong>21-25, 25-20, 19-25, 25-10, 15-10<\/li>\n<li><strong>S\u00fcre:<\/strong> 127 dakika<\/li>\n<\/ul>\n<p><b>MEHMET AK\u0130F \u00dcST\u00dcNDA\u011e&#8217;DAN TEBR\u0130K<\/b><\/p>\n<p>T\u00fcrkiye Voleybol Federasyonu (TVF) Ba\u015fkan\u0131 Mehmet Akif \u00dcst\u00fcnda\u011f, A Ulusal Erkek Voleybol Kadrosu&#8217;nun 2026 CEV Avrupa \u015eampiyonas\u0131 Elemeleri A K\u00fcmesi d\u00f6rd\u00fcnc\u00fc ve son ma\u00e7\u0131nda Danimarka&#8217;y\u0131 3-2 ma\u011flup etmesinin akabinde oyuncular\u0131 tebrik etti.<\/p>\n<p>Gazetecilere a\u00e7\u0131klamada bulunan \u00dcst\u00fcnda\u011f, taraftarlar\u0131n ma\u00e7a a\u011f\u0131r ilgi g\u00f6sterdi\u011fini lisana getirdi.<\/p>\n<p>\u00dcst\u00fcnda\u011f, \u015f\u00f6yle konu\u015ftu:<\/p>\n<p>&#8220;Bu taraftar\u0131n en az 3-5 kat\u0131 d\u0131\u015far\u0131da bekliyor. \u015eiddetli ge\u00e7en ma\u00e7ta son say\u0131ya kadar gayret eden kadrosu, Avrupa \u015eampiyonas\u0131 finallerini burada garantilemesinden \u00f6t\u00fcr\u00fc tebrik ediyorum. Harika bir taraftar var. 40 y\u0131ld\u0131r spor adam\u0131y\u0131m bu t\u00fcrl\u00fc m\u00fckemmel ve ekibe sahip \u00e7\u0131k\u0131p ba\u011fr\u0131na basan taraftar \u00e7ok g\u00f6rmedim. Hem de 6 \u015eubat sars\u0131nt\u0131s\u0131nda b\u00fcy\u00fck hasar alan bir vilayet, ekibe b\u00fcy\u00fck moral verdiler. H\u00fcz\u00fcnlerini \u00e7ok \u00f6n plana \u00e7\u0131karmad\u0131lar ve kadrosu kucaklad\u0131lar. Ekip da onlara moral verdi. Depremzede olan Malatya&#8217;ya arma\u011fan olsun. Buradan Avrupa vizesi alarak tarihe ge\u00e7tiler. Bu sevgi olduktan sonra neden bir daha oynamayal\u0131m.&#8221;<\/p>\n<p><b>&#8220;VEFAT EDEN \u0130NSANLARIMIZ \u0130\u00c7\u0130N OYNADIK&#8221;<\/b><\/p>\n<p>Milli oyuncu Beytullah Hatipo\u011flu ise inan\u0131lmaz bir atmosferde ma\u00e7\u0131 kazand\u0131klar\u0131 i\u00e7in keyifli olduklar\u0131n\u0131 aktararak, &#8220;Malatya seyircisine \u00e7ok te\u015fekk\u00fcr ediyorum. Oyuna yeterli giri\u015f yapamad\u0131k fakat 3-2 galip tamamlad\u0131k.&#8221; dedi.<\/p>\n<p>Bedirhan B\u00fclb\u00fcl de Malatya seyircisine te\u015fekk\u00fcr ederek, &#8220;\u0130nan\u0131lmaz bir atmosferdi onu s\u00f6ylemek istiyorum. Bu t\u00fcrl\u00fc ho\u015f bir kentte oynad\u0131\u011f\u0131m\u0131z i\u00e7in \u00e7ok memnunuz. Salon t\u0131kl\u0131m t\u0131kl\u0131m, galibiyetle ayr\u0131ld\u0131\u011f\u0131m\u0131z i\u00e7in memnunuz. Malatya sars\u0131nt\u0131n\u0131n yaralar\u0131n\u0131 sar\u0131yor. Derinden keder ya\u015fad\u0131k, Malatya halk\u0131 i\u00e7in vefat eden insanlar\u0131m\u0131z i\u00e7in oynad\u0131k. Hepsinin ruhu \u015fad olsun. Ho\u015f bir ma\u00e7la buray\u0131 noktal\u0131yoruz. \u0130n\u015fallah burada bir daha ma\u00e7 oynar\u0131z. Salon \u00e7ok ho\u015f.&#8221; diye konu\u015ftu.<\/p>\n","protected":false},"excerpt":{"rendered":"<p>A Ulusal Erkek Voleybol Grubu, 2026 CEV Avrupa \u015eampiyonas\u0131 Elemeleri A K\u00fcmesi son ma\u00e7\u0131nda Danimarka&#8217;y\u0131 3-2 yendi ve 2026 CEV Avrupa \u015eampiyonas\u0131&#8217;na kat\u0131lmaya hak kazand\u0131.<\/p>\n","protected":false},"author":1,"featured_media":68541,"comment_status":"open","ping_status":"open","sticky":false,"template":"","format":"standard","meta":{"footnotes":""},"categories":[30],"tags":[435,229,5015,343],"class_list":["post-68540","post","type-post","status-publish","format-standard","has-post-thumbnail","hentry","category-spor","tag-avrupa","tag-mac","tag-malatya","tag-takim"],"_links":{"self":[{"href":"https:\/\/ikimisli.tr\/index.php\/wp-json\/wp\/v2\/posts\/68540","targetHints":{"allow":["GET"]}}],"collection":[{"href":"https:\/\/ikimisli.tr\/index.php\/wp-json\/wp\/v2\/posts"}],"about":[{"href":"https:\/\/ikimisli.tr\/index.php\/wp-json\/wp\/v2\/types\/post"}],"author":[{"embeddable":true,"href":"https:\/\/ikimisli.tr\/index.php\/wp-json\/wp\/v2\/users\/1"}],"replies":[{"embeddable":true,"href":"https:\/\/ikimisli.tr\/index.php\/wp-json\/wp\/v2\/comments?post=68540"}],"version-history":[{"count":1,"href":"https:\/\/ikimisli.tr\/index.php\/wp-json\/wp\/v2\/posts\/68540\/revisions"}],"predecessor-version":[{"id":68542,"href":"https:\/\/ikimisli.tr\/index.php\/wp-json\/wp\/v2\/posts\/68540\/revisions\/68542"}],"wp:featuredmedia":[{"embeddable":true,"href":"https:\/\/ikimisli.tr\/index.php\/wp-json\/wp\/v2\/media\/68541"}],"wp:attachment":[{"href":"https:\/\/ikimisli.tr\/index.php\/wp-json\/wp\/v2\/media?parent=68540"}],"wp:term":[{"taxonomy":"category","embeddable":true,"href":"https:\/\/ikimisli.tr\/index.php\/wp-json\/wp\/v2\/categories?post=68540"},{"taxonomy":"post_tag","embeddable":true,"href":"https:\/\/ikimisli.tr\/index.php\/wp-json\/wp\/v2\/tags?post=68540"}],"curies":[{"name":"wp","href":"https:\/\/api.w.org\/{rel}","templated":true}]}}