{"id":68566,"date":"2025-08-15T07:32:46","date_gmt":"2025-08-15T07:32:46","guid":{"rendered":"https:\/\/ikimisli.tr\/?p=68566"},"modified":"2025-08-15T07:32:46","modified_gmt":"2025-08-15T07:32:46","slug":"entube-edildi-denilmisti-gonul-yazar-89uncu-yasini-kutladi","status":"publish","type":"post","link":"https:\/\/ikimisli.tr\/index.php\/2025\/08\/15\/entube-edildi-denilmisti-gonul-yazar-89uncu-yasini-kutladi\/","title":{"rendered":"&#8216;Ent\u00fcbe edildi&#8217; denilmi\u015fti&#8230; G\u00f6n\u00fcl Yazar 89&#8217;uncu ya\u015f\u0131n\u0131 kutlad\u0131"},"content":{"rendered":"<p>G\u00f6n\u00fcl Muharrir&#8217;in s\u0131hhat s\u0131k\u0131nt\u0131lar\u0131 ya\u015fad\u0131\u011f\u0131 ve ent\u00fcbe edildi\u011fi arg\u00fcman edilmi\u015fti.<\/p>\n<p>Yazar ise toplumsal medya hesab\u0131ndan s\u0131hhat durumuyla ilgili yapt\u0131\u011f\u0131 a\u00e7\u0131klamada &#8220;Hakk\u0131mda &#8216;ent\u00fcbe edildi&#8217; formunda \u00e7\u0131kan haber palavra ve as\u0131ls\u0131zd\u0131r. Onu yazan ki\u015fiyi daima palavra haber yapt\u0131\u011f\u0131 i\u00e7in engelledi\u011fimden, benden h\u0131nc\u0131n\u0131 bu formda al\u0131yor. Bu t\u00fcrl\u00fc bir haber ger\u00e7ek olsa ona gelene kadar memleketin en b\u00fcy\u00fck gazeteleri haber yapard\u0131. O kim oluyor? Ayr\u0131yeten bu adam ya\u015f\u0131yorken merhum C\u00fcneyt Ark\u0131n&#8217;\u0131 ve Orhan Gencebay&#8217;\u0131 d\u00f6rt kere &#8216;\u00f6ld\u00fc&#8217; diye haber yapt\u0131. Ben \u015fu anda hayat\u0131m\u0131n en ho\u015f ve sa\u011fl\u0131kl\u0131 g\u00fcnlerini ya\u015f\u0131yorum. Benim i\u00e7in endi\u015felenip arayan soran herkese te\u015fekk\u00fcr ederim&#8221; demi\u015fti.<\/p>\n<p>\u00dcnl\u00fc sanat\u00e7\u0131 bu olaydan aylar sonra ortaya \u00e7\u0131kt\u0131. Evvelki ak\u015fam sevdikleriyle 89&#8217;uncu ya\u015f\u0131n\u0131 kutlayan G\u00f6n\u00fcl Muharrir pastas\u0131ndaki mumlar\u0131 \u00fcflerken &#8220;Kilo alay\u0131m in\u015fallah&#8221; diyerek dua etti.<\/p>\n<p><img decoding=\"async\" src=\"https:\/\/ikimisli.tr\/wp-content\/uploads\/2025\/08\/entube-edildi-denilmisti-gonul-yazar-89uncu-yasini-kutladi-0-69W44GHz.jpeg\"\/><\/p>\n<p><b>&#8220;H\u00c2L\u00c2 TA\u015e BEBEK&#8221;<\/b><\/p>\n<p>Sosyal medyada &#8220;Gayet sa\u011fl\u0131kl\u0131 g\u00f6r\u00fcn\u00fcyor&#8221;, &#8220;H\u00e2l\u00e2 ta\u015f bebek&#8221;, &#8220;Bu ya\u015fta bu t\u00fcrl\u00fc g\u00f6r\u00fcnmek harika&#8221; yorumlar\u0131 yap\u0131ld\u0131.<\/p>\n<p><img decoding=\"async\" src=\"https:\/\/ikimisli.tr\/wp-content\/uploads\/2025\/08\/entube-edildi-denilmisti-gonul-yazar-89uncu-yasini-kutladi-1-anxg3Gcq.jpeg\"\/><\/p>\n<p>G\u00f6n\u00fcl M\u00fcellif, ge\u00e7en y\u0131llarda baca\u011f\u0131na p\u0131ht\u0131 atmas\u0131 nedeniyle bir m\u00fchlet hastanede tedavi g\u00f6rm\u00fc\u015ft\u00fc. Muharrir daha sonra kat\u0131ld\u0131\u011f\u0131 bir programda, s\u0131hhat durumunun yeterli oldu\u011funu tabir etmi\u015fti. <\/p>\n","protected":false},"excerpt":{"rendered":"<p>Ge\u00e7en aylarda hakk\u0131nda \u00e7\u0131kan &#8220;Ent\u00fcbe edildi&#8221; arg\u00fcmanlar\u0131n\u0131 yalanlayan &#8216;Ta\u015f bebek&#8217; lakapl\u0131 sanat\u00e7\u0131 G\u00f6n\u00fcl M\u00fcellif, evvelki ak\u015fam 89&#8217;uncu ya\u015f\u0131n\u0131 kutlad\u0131. M\u00fcellif, sa\u011fl\u0131kl\u0131 haliyle dikkat \u00e7ekti.<\/p>\n","protected":false},"author":1,"featured_media":68567,"comment_status":"open","ping_status":"open","sticky":false,"template":"","format":"standard","meta":{"footnotes":""},"categories":[27],"tags":[150,1625],"class_list":["post-68566","post","type-post","status-publish","format-standard","has-post-thumbnail","hentry","category-magazin","tag-saglik","tag-yazar"],"_links":{"self":[{"href":"https:\/\/ikimisli.tr\/index.php\/wp-json\/wp\/v2\/posts\/68566","targetHints":{"allow":["GET"]}}],"collection":[{"href":"https:\/\/ikimisli.tr\/index.php\/wp-json\/wp\/v2\/posts"}],"about":[{"href":"https:\/\/ikimisli.tr\/index.php\/wp-json\/wp\/v2\/types\/post"}],"author":[{"embeddable":true,"href":"https:\/\/ikimisli.tr\/index.php\/wp-json\/wp\/v2\/users\/1"}],"replies":[{"embeddable":true,"href":"https:\/\/ikimisli.tr\/index.php\/wp-json\/wp\/v2\/comments?post=68566"}],"version-history":[{"count":1,"href":"https:\/\/ikimisli.tr\/index.php\/wp-json\/wp\/v2\/posts\/68566\/revisions"}],"predecessor-version":[{"id":68570,"href":"https:\/\/ikimisli.tr\/index.php\/wp-json\/wp\/v2\/posts\/68566\/revisions\/68570"}],"wp:featuredmedia":[{"embeddable":true,"href":"https:\/\/ikimisli.tr\/index.php\/wp-json\/wp\/v2\/media\/68567"}],"wp:attachment":[{"href":"https:\/\/ikimisli.tr\/index.php\/wp-json\/wp\/v2\/media?parent=68566"}],"wp:term":[{"taxonomy":"category","embeddable":true,"href":"https:\/\/ikimisli.tr\/index.php\/wp-json\/wp\/v2\/categories?post=68566"},{"taxonomy":"post_tag","embeddable":true,"href":"https:\/\/ikimisli.tr\/index.php\/wp-json\/wp\/v2\/tags?post=68566"}],"curies":[{"name":"wp","href":"https:\/\/api.w.org\/{rel}","templated":true}]}}