{"id":68671,"date":"2025-08-15T13:45:02","date_gmt":"2025-08-15T13:45:02","guid":{"rendered":"https:\/\/ikimisli.tr\/?p=68671"},"modified":"2025-08-15T13:45:02","modified_gmt":"2025-08-15T13:45:02","slug":"mersin-ve-hatay-yaniyor-alevler-yerlesim-yerlerine-yaklasti-binin-uzerinde-kisi-tahliye-edildi","status":"publish","type":"post","link":"https:\/\/ikimisli.tr\/index.php\/2025\/08\/15\/mersin-ve-hatay-yaniyor-alevler-yerlesim-yerlerine-yaklasti-binin-uzerinde-kisi-tahliye-edildi\/","title":{"rendered":"Mersin ve Hatay yan\u0131yor! Alevler yerle\u015fim yerlerine yakla\u015ft\u0131, binin \u00fczerinde ki\u015fi tahliye edildi"},"content":{"rendered":"<p>T\u00fcrkiye&#8217;de 14 A\u011fustos Per\u015fembe g\u00fcn\u00fc orman yang\u0131nlar\u0131 \u00e7\u0131kt\u0131.<\/p>\n<p>Mersin Silifke&#8217;de \u00fc\u00e7 ba\u015fka noktada ve iki mahallenin tahliye edildi\u011fi Hatay&#8217;da \u00e7\u0131kan orman yang\u0131n\u0131na m\u00fcdahale ikinci g\u00fcn\u00fcnde de s\u00fcrd\u00fc.<\/p>\n<p>Osmaniye ve Tekirda\u011f&#8217;daki yang\u0131nlar da korkuttu.<\/p>\n<p>\u0130\u015fte T\u00fcrkiye&#8217;de 14 A\u011fustos&#8217;ta orman yang\u0131nlar\u0131nda son durum&#8230;<\/p>\n<p><img decoding=\"async\" src=\"https:\/\/ikimisli.tr\/wp-content\/uploads\/2025\/08\/mersin-ve-hatay-yaniyor-alevler-yerlesim-yerlerine-yaklasti-binin-uzerinde-kisi-tahliye-edildi-0-CdNRzJvZ.jpg\"\/><\/p>\n<p><strong>Mersin<\/strong><\/p>\n<p>Silifke il\u00e7esinde Baland\u0131z ve K\u0131rt\u0131l mahalleleri etraf\u0131ndaki ormanl\u0131k alanda d\u00fcn ba\u015flayan yang\u0131n\u0131n denetim alt\u0131na al\u0131nabilmesi i\u00e7in Orman B\u00f6lge M\u00fcd\u00fcrl\u00fc\u011f\u00fc ve itfaiye gruplar\u0131n\u0131n gece boyunca \u00e7al\u0131\u015fmalar\u0131 s\u00fcrd\u00fc; S\u00f6nd\u00fcrme u\u00e7a\u011f\u0131 ve helikopterleri de sabah\u0131n birinci \u0131\u015f\u0131klar\u0131yla havadan m\u00fcdahaleye yine ba\u015flad\u0131.<\/p>\n<p><img decoding=\"async\" src=\"https:\/\/ikimisli.tr\/wp-content\/uploads\/2025\/08\/mersin-ve-hatay-yaniyor-alevler-yerlesim-yerlerine-yaklasti-binin-uzerinde-kisi-tahliye-edildi-1-EJLCJFW8.jpg\"\/><\/p>\n<p>\u0130l\u00e7ede 6 mahalle ve yerle\u015fim yerlerinin oldu\u011fu 5 mezran\u0131n tedbiren tahliye edildi\u011fi yang\u0131n b\u00f6lgesinde r\u00fczgar tesirli oldu.<\/p>\n<p>Silifke-G\u00fclnar kara yolunun trafi\u011fe kapat\u0131lmas\u0131 nedeniyle ula\u015f\u0131m, Silifke-Be\u015f\u00e7atal-G\u00fclnar g\u00fczergah\u0131ndan sa\u011flan\u0131yor.<\/p>\n<p><img decoding=\"async\" src=\"https:\/\/ikimisli.tr\/wp-content\/uploads\/2025\/08\/mersin-ve-hatay-yaniyor-alevler-yerlesim-yerlerine-yaklasti-binin-uzerinde-kisi-tahliye-edildi-2-4Ib1N7XS.jpg\"\/><\/p>\n<p><b>\u00c7OK SAYIDA HAYVAN \u00d6LD\u00dc<\/b><\/p>\n<p>Bo\u015falt\u0131lan mahallelerden K\u0131rt\u0131l ve Baland\u0131z&#8217;da yang\u0131n nedeniyle kimi mesken, ah\u0131r ve samanl\u0131klar hasar g\u00f6rd\u00fc, bir\u00e7ok hayvan \u00f6ld\u00fc.<\/p>\n<p>Baland\u0131z Mahallesi sakinlerinden Nazip T\u00fcrker, AA muhabirine, yang\u0131nda mesken, ah\u0131r, samanl\u0131k ve tar\u0131m yerinin yand\u0131\u011f\u0131n\u0131 s\u00f6yledi.<\/p>\n<p><img decoding=\"async\" src=\"https:\/\/ikimisli.tr\/wp-content\/uploads\/2025\/08\/mersin-ve-hatay-yaniyor-alevler-yerlesim-yerlerine-yaklasti-binin-uzerinde-kisi-tahliye-edildi-3-1BuODMET.jpg\"\/><\/p>\n<p><b>5 MAHALLE VE 5 MEZRA BO\u015eALTILDI<\/b><\/p>\n<p>R\u00fczgar\u0131n tesiriyle geni\u015f alana yay\u0131lan yang\u0131n nedeniyle K\u0131rt\u0131l, Baland\u0131z, \u0130mamu\u015fa\u011f\u0131, \u00c7aml\u0131ca, I\u015f\u0131kl\u0131 ve Akdere mahalleleri ile yerle\u015fim yerlerinin oldu\u011fu be\u015f mezra tedbiren bo\u015falt\u0131lm\u0131\u015f, hanelerde ya\u015fayan vatanda\u015flar tahliye edilmi\u015fti.<\/p>\n<p><img decoding=\"async\" src=\"https:\/\/ikimisli.tr\/wp-content\/uploads\/2025\/08\/mersin-ve-hatay-yaniyor-alevler-yerlesim-yerlerine-yaklasti-binin-uzerinde-kisi-tahliye-edildi-4-FqXsPp9Q.jpg\"\/><\/p>\n<p><b>ANAMUR&#8217;DA DA YANGIN \u00c7IKTI<\/b><\/p>\n<p>Anamur il\u00e7esine ba\u011fl\u0131 Korucuk Mahallesi&#8217;ndeki ormanl\u0131k alanda da \u015fimdi belirlenemeyen nedenle yang\u0131n \u00e7\u0131kt\u0131.<\/p>\n<p>\u0130hbar \u00fczerine b\u00f6lgeye Orman \u0130\u015fletme M\u00fcd\u00fcrl\u00fc\u011f\u00fc tak\u0131mlar\u0131 ile s\u00f6nd\u00fcrme helikopteri ve araz\u00f6zler y\u00f6nlendirildi.<\/p>\n<p>Ekiplerin yang\u0131na havadan ve karadan m\u00fcdahalesi s\u00fcr\u00fcyor.<\/p>\n<p><img decoding=\"async\" src=\"https:\/\/ikimisli.tr\/wp-content\/uploads\/2025\/08\/mersin-ve-hatay-yaniyor-alevler-yerlesim-yerlerine-yaklasti-binin-uzerinde-kisi-tahliye-edildi-5-7z47xlew.jpg\"\/><\/p>\n<p><strong>Hatay<\/strong><\/p>\n<p>Hassa il\u00e7esinde, Bademli ve Yukar\u0131bucak mahalleri ortas\u0131ndaki ormanl\u0131k alanda, d\u00fcn ak\u015fam saatlerinde \u00e7\u0131kan yang\u0131n\u0131 s\u00f6nd\u00fcrmek i\u00e7in b\u00f6lgeye sevk edilen tak\u0131mlar, sabah saatlerine kadar alevlere karadan m\u00fcdahale etti.<\/p>\n<p>Engebeli arazi kurallar\u0131ndan \u00f6t\u00fcr\u00fc ula\u015f\u0131m zorlu\u011fu ya\u015fanan b\u00f6lgede, i\u015f makineleri taraf\u0131ndan yol a\u00e7ma \u00e7al\u0131\u015fmas\u0131 yap\u0131ld\u0131.<\/p>\n<p><img decoding=\"async\" src=\"https:\/\/ikimisli.tr\/wp-content\/uploads\/2025\/08\/mersin-ve-hatay-yaniyor-alevler-yerlesim-yerlerine-yaklasti-binin-uzerinde-kisi-tahliye-edildi-6-ZOSTkah7.jpg\"\/><\/p>\n<p><b><span>\u0130K\u0130 MAHALLEDE 1115 K\u0130\u015e\u0130 TAHL\u0130YE ED\u0130LD\u0130<\/span><\/b><\/p>\n<p>Hatay Valili\u011finden yap\u0131lan a\u00e7\u0131klamada, &#8220;Yang\u0131n b\u00f6lgesinin yak\u0131n\u0131nda bulunan Yukar\u0131bucak ve Bademli mahallelerinden 1115 ki\u015fi tahliye edilmi\u015ftir. Talepleri halinde s\u00fcreksiz konaklama merkezlerine yerle\u015ftirileceklerdir&#8221; denildi.<\/p>\n<p>A\u00e7\u0131klamada, rastgele bir yaralanma, can kayb\u0131 ve olumsuz bir durumun bulunmad\u0131\u011f\u0131 kaydedildi.<\/p>\n<p><img decoding=\"async\" src=\"https:\/\/ikimisli.tr\/wp-content\/uploads\/2025\/08\/mersin-ve-hatay-yaniyor-alevler-yerlesim-yerlerine-yaklasti-binin-uzerinde-kisi-tahliye-edildi-7-by2OJ2Nh.jpg\"\/><\/p>\n<p><strong>Osmaniye<\/strong><\/p>\n<p>D\u00fczi\u00e7i il\u00e7esinde Ak\u00e7akoyunlu k\u00f6y\u00fc yak\u0131nlar\u0131ndaki ormanl\u0131k alanda \u015fimdi belirlenemeyen nedenle yang\u0131n \u00e7\u0131kt\u0131.<\/p>\n<p><img decoding=\"async\" src=\"https:\/\/ikimisli.tr\/wp-content\/uploads\/2025\/08\/mersin-ve-hatay-yaniyor-alevler-yerlesim-yerlerine-yaklasti-binin-uzerinde-kisi-tahliye-edildi-8-Nj2NTu9P.jpg\"\/><\/p>\n<p>\u0130hbar \u00fczerine b\u00f6lgeye Adana Orman B\u00f6lge M\u00fcd\u00fcrl\u00fc\u011f\u00fc gruplar\u0131 ile 4 s\u00f6nd\u00fcrme helikopteri ve 20 araz\u00f6z sevk edildi. Yerle\u015fim yerlerine de yak\u0131n olan yang\u0131n\u0131 denetim alt\u0131na almak i\u00e7in tak\u0131mlar\u0131n havadan ve karadan m\u00fcdahalesi s\u00fcr\u00fcyor.<\/p>\n<p><img decoding=\"async\" src=\"https:\/\/ikimisli.tr\/wp-content\/uploads\/2025\/08\/mersin-ve-hatay-yaniyor-alevler-yerlesim-yerlerine-yaklasti-binin-uzerinde-kisi-tahliye-edildi-9-s7lFWyul.jpg\"\/><\/p>\n<p><b><span>ACI B\u0130R HABER DAHA GELD\u0130<\/span><\/b><\/p>\n<p>B\u00f6lgeye giden Osmaniye Valisi Erdin\u00e7 Y\u0131lmaz \u015f\u00f6yle konu\u015ftu:<\/p>\n<p>&#8220;D\u00fcn Hasanbeyli il\u00e7emizdeki orman yang\u0131n\u0131na giderken bir araz\u00f6z\u00fcm\u00fcz devrildi maalesef. Orada yang\u0131n s\u00f6nd\u00fcrmeye giden Orman Te\u015fkilat\u0131 i\u015f\u00e7isinden biri \u015fehit oldu. Orada yeniden ara\u00e7ta bulunan bir vatanda\u015f\u0131m\u0131z\u0131 bug\u00fcn kaybettik. O cenazeden d\u00f6nerken yang\u0131n oldu\u011funu duyup buraya geldik.&#8221;<\/p>\n<p><img decoding=\"async\" src=\"https:\/\/ikimisli.tr\/wp-content\/uploads\/2025\/08\/mersin-ve-hatay-yaniyor-alevler-yerlesim-yerlerine-yaklasti-binin-uzerinde-kisi-tahliye-edildi-10-Udx84FCs.jpg\"\/><\/p>\n<p><strong>Tekirda\u011f<\/strong><\/p>\n<p>\u00c7orlu il\u00e7esinde \u00d6nerler Mahallesi&#8217;nde otluk alanda \u015fimdi bilinmeyen nedenle \u00e7\u0131kan yang\u0131n, r\u00fczgar\u0131n tesiriyle etraftaki binalara s\u0131\u00e7rad\u0131.<\/p>\n<p><img decoding=\"async\" src=\"https:\/\/ikimisli.tr\/wp-content\/uploads\/2025\/08\/mersin-ve-hatay-yaniyor-alevler-yerlesim-yerlerine-yaklasti-binin-uzerinde-kisi-tahliye-edildi-11-M56DQLR7.jpg\"\/><\/p>\n<p>\u0130hbar \u00fczerine olay yerine Tekirda\u011f B\u00fcy\u00fck\u015fehir Belediyesi ve il\u00e7e belediyelerinin itfaiye tak\u0131mlar\u0131 sevk edildi.<\/p>\n<p><img decoding=\"async\" src=\"https:\/\/ikimisli.tr\/wp-content\/uploads\/2025\/08\/mersin-ve-hatay-yaniyor-alevler-yerlesim-yerlerine-yaklasti-binin-uzerinde-kisi-tahliye-edildi-12-97nF9xHN.jpg\"\/><\/p>\n<p>Ekiplerin 3 saatlik \u00e7al\u0131\u015fmas\u0131 sonucu s\u00f6nd\u00fcr\u00fclen yang\u0131nda, bir villa kullan\u0131lamaz hale geldi, birtak\u0131m mesken ve i\u015f yerleri de ziyan g\u00f6rd\u00fc.<\/p>\n","protected":false},"excerpt":{"rendered":"<p>T\u00fcrkiye&#8217;de bir\u00e7ok noktada \u00e7\u0131kan orman yang\u0131nlar\u0131na m\u00fcdahale bug\u00fcn de s\u00fcrd\u00fc. Mersin ve Hatay&#8217;da ikinci g\u00fcn\u00fcnde olan yang\u0131n nedeniyle iki mahalle tahliye edildi. Mersin&#8217;de Silifke-G\u00fclnar kara yolu hala trafi\u011fe kapat\u0131ld\u0131. Osmaniye&#8217;de ise yang\u0131na m\u00fcdahaleye giderken yaralanan orman emek\u00e7isi hayat\u0131n\u0131 kaybetti. Alevler bir\u00e7ok mesken, ah\u0131r, samanl\u0131k ve tar\u0131m topra\u011f\u0131n\u0131 k\u00fcle \u00e7evirirken binin \u00fczerinde ki\u015fi tahliye edildi.<\/p>\n","protected":false},"author":1,"featured_media":68672,"comment_status":"open","ping_status":"open","sticky":false,"template":"","format":"standard","meta":{"footnotes":""},"categories":[25],"tags":[1655,2592,968,505,64],"class_list":["post-68671","post","type-post","status-publish","format-standard","has-post-thumbnail","hentry","category-gundem","tag-bolge","tag-edildi","tag-mahalle","tag-orman","tag-yangin"],"_links":{"self":[{"href":"https:\/\/ikimisli.tr\/index.php\/wp-json\/wp\/v2\/posts\/68671","targetHints":{"allow":["GET"]}}],"collection":[{"href":"https:\/\/ikimisli.tr\/index.php\/wp-json\/wp\/v2\/posts"}],"about":[{"href":"https:\/\/ikimisli.tr\/index.php\/wp-json\/wp\/v2\/types\/post"}],"author":[{"embeddable":true,"href":"https:\/\/ikimisli.tr\/index.php\/wp-json\/wp\/v2\/users\/1"}],"replies":[{"embeddable":true,"href":"https:\/\/ikimisli.tr\/index.php\/wp-json\/wp\/v2\/comments?post=68671"}],"version-history":[{"count":1,"href":"https:\/\/ikimisli.tr\/index.php\/wp-json\/wp\/v2\/posts\/68671\/revisions"}],"predecessor-version":[{"id":68686,"href":"https:\/\/ikimisli.tr\/index.php\/wp-json\/wp\/v2\/posts\/68671\/revisions\/68686"}],"wp:featuredmedia":[{"embeddable":true,"href":"https:\/\/ikimisli.tr\/index.php\/wp-json\/wp\/v2\/media\/68672"}],"wp:attachment":[{"href":"https:\/\/ikimisli.tr\/index.php\/wp-json\/wp\/v2\/media?parent=68671"}],"wp:term":[{"taxonomy":"category","embeddable":true,"href":"https:\/\/ikimisli.tr\/index.php\/wp-json\/wp\/v2\/categories?post=68671"},{"taxonomy":"post_tag","embeddable":true,"href":"https:\/\/ikimisli.tr\/index.php\/wp-json\/wp\/v2\/tags?post=68671"}],"curies":[{"name":"wp","href":"https:\/\/api.w.org\/{rel}","templated":true}]}}