{"id":68832,"date":"2025-08-15T22:08:43","date_gmt":"2025-08-15T22:08:43","guid":{"rendered":"https:\/\/ikimisli.tr\/?p=68832"},"modified":"2025-08-15T22:08:43","modified_gmt":"2025-08-15T22:08:43","slug":"memur-ve-emekliye-zam-hesabi-degisti-iste-yeni-maas-formulu","status":"publish","type":"post","link":"https:\/\/ikimisli.tr\/index.php\/2025\/08\/15\/memur-ve-emekliye-zam-hesabi-degisti-iste-yeni-maas-formulu\/","title":{"rendered":"Memur ve emekliye zam hesab\u0131 de\u011fi\u015fti: \u0130\u015fte yeni maa\u015f form\u00fcl\u00fc"},"content":{"rendered":"<p>T\u00fcrkiye\u2019de toplu mukavele g\u00f6r\u00fc\u015fmeleri, memur ve emekli maa\u015flar\u0131n\u0131 yine g\u00fcndemin birinci s\u0131ras\u0131na ta\u015f\u0131d\u0131.<\/p>\n<p>Rakamlar\u0131n havada u\u00e7u\u015ftu\u011fu bu periyotta talepler ile devletin teklifleri ortas\u0131ndaki fark dikkat \u00e7ekerken, as\u0131l belirleyici \u00f6genin enflasyon fark\u0131 oldu\u011fu belirtiliyor.\u00a0<\/p>\n<p>Tgrthaber.com\u2019a konu\u015fan Ekonomist Muhammed Bayram, hem memurlar\u0131n hem de emeklilerin al\u0131m g\u00fcc\u00fcn\u00fc koruyacak d\u00fczenekleri anlatarak toplumsal yard\u0131mlar\u0131n da de\u011ferine dikkat \u00e7ekti.<\/p>\n<p>Bayram, art\u0131r\u0131m oranlar\u0131 \u00fczerindeki tart\u0131\u015fmalar\u0131n birden fazla vakit alg\u0131 operasyonuna d\u00f6n\u00fc\u015ft\u00fc\u011f\u00fcn\u00fc belirterek, \u201cOransal art\u0131r\u0131m ne olursa olsun memur ve emekli hi\u00e7bir vakit enflasyonun alt\u0131nda kalmaz\u201d dedi.<\/p>\n<p>2026 y\u0131l\u0131 i\u00e7in devletin birinci alt\u0131 ay teklifinin y\u00fczde 10 oldu\u011funu hat\u0131rlatan Bayram, enflasyonun bu oran\u0131n \u00fczerine \u00e7\u0131kmas\u0131 halinde fark\u0131n otomatik olarak maa\u015flara yans\u0131t\u0131laca\u011f\u0131n\u0131 s\u00f6yledi.<\/p>\n<p>Bunun yan\u0131nda, maa\u015f art\u0131r\u0131m\u0131n\u0131n tek ba\u015f\u0131na k\u00e2fi olmad\u0131\u011f\u0131n\u0131 belirten Bayram, toplumsal yard\u0131mlar\u0131n g\u00fc\u00e7lendirilmesi gerekti\u011fini s\u00f6z etti. B\u00fcy\u00fck\u015fehirlerde kira, giysi, yakacak ve yiyecek yard\u0131mlar\u0131n\u0131n art\u0131r\u0131lmas\u0131, market ve kooperatiflerle indirim muahedeleri yap\u0131lmas\u0131 \u00fczere tekliflerde bulundu.<\/p>\n<p>IMF\u2019nin T\u00fcrkiye raporuna da de\u011finen Bayram, y\u00fcksek oransal art\u0131r\u0131mlar\u0131n refah d\u00fczeyini tek ba\u015f\u0131na y\u00fckseltmeyece\u011fini, toplumsal takviyelerin bu noktada kritik rol oynad\u0131\u011f\u0131n\u0131 aktard\u0131. Ayr\u0131yeten vergi oranlar\u0131n\u0131n d\u00fc\u015f\u00fcr\u00fclmesi, fi\u015f toplama sisteminin geri getirilmesi \u00fczere tekliflerle memurlar\u0131n ek gelir elde edebilece\u011fini belirtti.<\/p>\n<p>Bayram\u2019a nazaran, toplu kontrat masas\u0131nda hangi oranlar konu\u015fulursa konu\u015fulsun, enflasyon fark\u0131 sistemi sayesinde memur ve emekli maa\u015flar\u0131 enflasyonun alt\u0131nda kalmayacak. Lakin refah d\u00fczeyinin kal\u0131c\u0131 olarak korunabilmesi i\u00e7in toplumsal yard\u0131mlar\u0131n art\u0131r\u0131lmas\u0131, vergi y\u00fck\u00fcn\u00fcn hafifletilmesi ve \u00f6m\u00fcr kalitesini direkt y\u00fckseltecek ad\u0131mlar\u0131n at\u0131lmas\u0131 gerekiyor.<\/p>\n<p><strong>Bayram\u2019\u0131n 3 \u00f6nerisi:<\/strong><\/p>\n<p>B\u00fcy\u00fck\u015fehirlerde kira, giysi, yakacak ve yiyecek yard\u0131mlar\u0131n\u0131n art\u0131r\u0131lmas\u0131,<\/p>\n<p>Vergi oranlar\u0131n\u0131n sabitlenip d\u00fc\u015f\u00fcr\u00fclmesi, fi\u015f toplama sisteminin geri getirilmesi,<\/p>\n<p>Marketler, kooperatifler ve farkl\u0131 dallarla indirim muahedeleri yap\u0131lmas\u0131.<\/p>\n","protected":false},"excerpt":{"rendered":"<p>Toplu mukavele s\u00fcrecinde en \u00e7ok merak edilen hususlardan biri memur ve emekli maa\u015flar\u0131na yap\u0131lacak art\u0131r\u0131m oranlar\u0131 oldu. Ekonomist Muhammed Bayram, enflasyon fark\u0131 d\u00fczene\u011fi sayesinde maa\u015flar\u0131n hi\u00e7bir halde enflasyonun alt\u0131nda kalmayaca\u011f\u0131n\u0131 vurgulad\u0131.<\/p>\n","protected":false},"author":1,"featured_media":68833,"comment_status":"open","ping_status":"open","sticky":false,"template":"","format":"standard","meta":{"footnotes":""},"categories":[24],"tags":[1675,49,1662,8376,93],"class_list":["post-68832","post","type-post","status-publish","format-standard","has-post-thumbnail","hentry","category-ekonomi","tag-bayram","tag-enflasyon","tag-fark","tag-yardimlarin","tag-zam"],"_links":{"self":[{"href":"https:\/\/ikimisli.tr\/index.php\/wp-json\/wp\/v2\/posts\/68832","targetHints":{"allow":["GET"]}}],"collection":[{"href":"https:\/\/ikimisli.tr\/index.php\/wp-json\/wp\/v2\/posts"}],"about":[{"href":"https:\/\/ikimisli.tr\/index.php\/wp-json\/wp\/v2\/types\/post"}],"author":[{"embeddable":true,"href":"https:\/\/ikimisli.tr\/index.php\/wp-json\/wp\/v2\/users\/1"}],"replies":[{"embeddable":true,"href":"https:\/\/ikimisli.tr\/index.php\/wp-json\/wp\/v2\/comments?post=68832"}],"version-history":[{"count":1,"href":"https:\/\/ikimisli.tr\/index.php\/wp-json\/wp\/v2\/posts\/68832\/revisions"}],"predecessor-version":[{"id":68834,"href":"https:\/\/ikimisli.tr\/index.php\/wp-json\/wp\/v2\/posts\/68832\/revisions\/68834"}],"wp:featuredmedia":[{"embeddable":true,"href":"https:\/\/ikimisli.tr\/index.php\/wp-json\/wp\/v2\/media\/68833"}],"wp:attachment":[{"href":"https:\/\/ikimisli.tr\/index.php\/wp-json\/wp\/v2\/media?parent=68832"}],"wp:term":[{"taxonomy":"category","embeddable":true,"href":"https:\/\/ikimisli.tr\/index.php\/wp-json\/wp\/v2\/categories?post=68832"},{"taxonomy":"post_tag","embeddable":true,"href":"https:\/\/ikimisli.tr\/index.php\/wp-json\/wp\/v2\/tags?post=68832"}],"curies":[{"name":"wp","href":"https:\/\/api.w.org\/{rel}","templated":true}]}}