{"id":69027,"date":"2025-08-16T09:20:42","date_gmt":"2025-08-16T09:20:42","guid":{"rendered":"https:\/\/ikimisli.tr\/?p=69027"},"modified":"2025-08-16T09:20:42","modified_gmt":"2025-08-16T09:20:42","slug":"babasinin-olumuyle-sarsilan-hayal-koseoglundan-duygusal-paylasim","status":"publish","type":"post","link":"https:\/\/ikimisli.tr\/index.php\/2025\/08\/16\/babasinin-olumuyle-sarsilan-hayal-koseoglundan-duygusal-paylasim\/","title":{"rendered":"Babas\u0131n\u0131n \u00f6l\u00fcm\u00fcyle sars\u0131lan Hayal K\u00f6seo\u011flu&#8217;ndan duygusal  payla\u015f\u0131m"},"content":{"rendered":"<p>&#8216;A\u015fk-\u0131 Memnu&#8217;, &#8216;Muhte\u015fem Y\u00fczy\u0131l&#8217;, &#8216;Ufak Tefek Cinayetler&#8217;, &#8216;7. Ko\u011fu\u015ftaki Mucize&#8217;, &#8216;Mahkum&#8217;, &#8216;Mucize Doktor&#8217; ve &#8216;Hudutsuz Sevda&#8217; \u00fczere \u00fcretimlerde yer alan Hayal K\u00f6seo\u011flu&#8217;nun babas\u0131 Yi\u011fit K\u00f6seo\u011flu, 12 A\u011fustos&#8217;ta hayat\u0131n\u0131 kaybetmi\u015fti.<\/p>\n<p><img decoding=\"async\" src=\"https:\/\/ikimisli.tr\/wp-content\/uploads\/2025\/08\/babasinin-olumuyle-sarsilan-hayal-koseoglundan-duygusal-paylasim-0-NtssqOw1.jpg\"\/><\/p>\n<p>Oyuncu, ac\u0131 haberi toplumsal medya \u00fczerinden &#8220;Maalesef ho\u015flar ho\u015fu babam Yi\u011fit K\u00f6seo\u011flu&#8217;nu 1 y\u0131ll\u0131k u\u011fra\u015f\u0131 sonunda kaybettik. Telefonlar\u0131 a\u00e7am\u0131yorum, konu\u015facak halim yok. Ne olur kusuruma bakmay\u0131n. Dua eden, s\u00fcre\u00e7te yan\u0131m\u0131zda olan herkese te\u015fekk\u00fcrler&#8221; kelamlar\u0131yla payla\u015fm\u0131\u015ft\u0131.<\/p>\n<p>K\u00f6seo\u011flu babas\u0131n\u0131 g\u00f6zya\u015flar\u0131yla son seyahatine u\u011furlam\u0131\u015ft\u0131.<\/p>\n<p><img decoding=\"async\" src=\"https:\/\/ikimisli.tr\/wp-content\/uploads\/2025\/08\/babasinin-olumuyle-sarsilan-hayal-koseoglundan-duygusal-paylasim-1-c65xDbJp.jpeg\"\/><\/p>\n<p><b>&#8220;KOR ATE\u015e\u0130 \u00dcZERE D\u00dc\u015eT\u00dc \u0130\u00c7\u0130ME&#8221;<\/b><\/p>\n<p>Babas\u0131n\u0131n vefat\u0131n\u0131n akabinde duygusal bir payla\u015f\u0131mda bulunan Hayal K\u00f6seo\u011flu, \u015fu s\u00f6zleri kulland\u0131:<\/p>\n<p>&#8221;Yazd\u0131\u011f\u0131n\u0131z bildirileri g\u00f6r\u00fcyorum. Ne kadar sevgi dolu, ho\u015f be\u015ferler biriktirmi\u015fim. Uzak, yak\u0131n, hepinizin bildirileri bana kocaman bir sevgi hissettirdi. \u0130nsan, kendisini en \u00e7ok seven iki be\u015ferden birini kaybedince, o a\u011f\u0131r sevgiye gereksinim duyuyormu\u015f sahiden. Lakin l\u00fctfen kusuruma bakmay\u0131n, t\u00fcm g\u00fcn uyuyorum. Art\u0131k ac\u0131m \u00e7ok taze. G\u00fcya i\u00e7ime s\u0131\u011fm\u0131yor. Kar\u015f\u0131l\u0131k verebilecek mecali bulam\u0131yorum. Fakat bilin ki \u00e7ok de\u011ferli. \u00c7ok te\u015fekk\u00fcr ederim. Bu g\u00fcnler de ge\u00e7ecek biliyorum. Babas\u0131n\u0131 kaybeden tek k\u0131z evlat ben de\u011filim, onu da biliyorum. Lakin ho\u015f g\u00f6zl\u00fcm\u00fcn geri gelmeyece\u011fini bilmek kor ate\u015f \u00fczere d\u00fc\u015ft\u00fc i\u00e7ime. Ba\u015fa \u00e7\u0131kmak \u00e7ok g\u00fc\u00e7. Lakin sizi \u00e7ok seviyorum ho\u015f dostlar\u0131m. Tekrar te\u015fekk\u00fcrler.&#8221;<\/p>\n","protected":false},"excerpt":{"rendered":"<p>Babas\u0131n\u0131n vefat\u0131yla sars\u0131lan oyuncu Hayal K\u00f6seo\u011flu, toplumsal medya hesab\u0131ndan duygusal bir payla\u015f\u0131m yapt\u0131.<\/p>\n","protected":false},"author":1,"featured_media":69028,"comment_status":"open","ping_status":"open","sticky":false,"template":"","format":"standard","meta":{"footnotes":""},"categories":[27],"tags":[1111,4474],"class_list":["post-69027","post","type-post","status-publish","format-standard","has-post-thumbnail","hentry","category-magazin","tag-guzel","tag-koseoglu"],"_links":{"self":[{"href":"https:\/\/ikimisli.tr\/index.php\/wp-json\/wp\/v2\/posts\/69027","targetHints":{"allow":["GET"]}}],"collection":[{"href":"https:\/\/ikimisli.tr\/index.php\/wp-json\/wp\/v2\/posts"}],"about":[{"href":"https:\/\/ikimisli.tr\/index.php\/wp-json\/wp\/v2\/types\/post"}],"author":[{"embeddable":true,"href":"https:\/\/ikimisli.tr\/index.php\/wp-json\/wp\/v2\/users\/1"}],"replies":[{"embeddable":true,"href":"https:\/\/ikimisli.tr\/index.php\/wp-json\/wp\/v2\/comments?post=69027"}],"version-history":[{"count":1,"href":"https:\/\/ikimisli.tr\/index.php\/wp-json\/wp\/v2\/posts\/69027\/revisions"}],"predecessor-version":[{"id":69031,"href":"https:\/\/ikimisli.tr\/index.php\/wp-json\/wp\/v2\/posts\/69027\/revisions\/69031"}],"wp:featuredmedia":[{"embeddable":true,"href":"https:\/\/ikimisli.tr\/index.php\/wp-json\/wp\/v2\/media\/69028"}],"wp:attachment":[{"href":"https:\/\/ikimisli.tr\/index.php\/wp-json\/wp\/v2\/media?parent=69027"}],"wp:term":[{"taxonomy":"category","embeddable":true,"href":"https:\/\/ikimisli.tr\/index.php\/wp-json\/wp\/v2\/categories?post=69027"},{"taxonomy":"post_tag","embeddable":true,"href":"https:\/\/ikimisli.tr\/index.php\/wp-json\/wp\/v2\/tags?post=69027"}],"curies":[{"name":"wp","href":"https:\/\/api.w.org\/{rel}","templated":true}]}}