{"id":69061,"date":"2025-08-16T10:56:45","date_gmt":"2025-08-16T10:56:45","guid":{"rendered":"https:\/\/ikimisli.tr\/?p=69061"},"modified":"2025-08-16T10:56:45","modified_gmt":"2025-08-16T10:56:45","slug":"kocaelide-orman-yangini-alevler-yerlesim-yerlerine-yaklasti","status":"publish","type":"post","link":"https:\/\/ikimisli.tr\/index.php\/2025\/08\/16\/kocaelide-orman-yangini-alevler-yerlesim-yerlerine-yaklasti\/","title":{"rendered":"Kocaeli&#8217;de orman yang\u0131n\u0131: Alevler yerle\u015fim yerlerine yakla\u015ft\u0131"},"content":{"rendered":"<p>Kocaeli\u2019nin Karam\u00fcrsel il\u00e7esi Suludere Mahallesi mevkisinde, \u015fimdi belirlenemeyen bir nedenle orman yang\u0131n\u0131 \u00e7\u0131kt\u0131. K\u0131sa m\u00fcddette b\u00fcy\u00fcyen yang\u0131ndan y\u00fckselen a\u011f\u0131r duman, r\u00fczgar\u0131n da tesiriyle kilometrelerce uza\u011fa ta\u015f\u0131nd\u0131.<\/p>\n<p><img decoding=\"async\" src=\"https:\/\/ikimisli.tr\/wp-content\/uploads\/2025\/08\/kocaelide-orman-yangini-alevler-yerlesim-yerlerine-yaklasti-0-uJBwVK7Y.jpg\"\/><\/p>\n<p>Yang\u0131n b\u00f6lgesinden gelen duman bulutlar\u0131, Bursa kent merkezi ve Orhangazi il\u00e7esinin \u00fczerini kaplad\u0131. Kent sil\u00fceti, gri renkli duman katman\u0131 alt\u0131nda kald\u0131.<\/p>\n<p><img decoding=\"async\" src=\"https:\/\/ikimisli.tr\/wp-content\/uploads\/2025\/08\/kocaelide-orman-yangini-alevler-yerlesim-yerlerine-yaklasti-1-u6wQzT4n.jpg\"\/><\/p>\n<p><b>ALEVLER YERLE\u015e\u0130M YERLER\u0130NE YAKLA\u015eTI<\/b><\/p>\n<p>B\u00f6lge sakinleri, g\u00fcn i\u00e7inde havan\u0131n karard\u0131\u011f\u0131n\u0131 ve is kokusunun besbelli bi\u00e7imde artt\u0131\u011f\u0131n\u0131 s\u00f6z etti. Kentin bir\u00e7ok noktas\u0131ndan g\u00f6r\u00fclen bu duman katman\u0131, vatanda\u015flarda tasaya neden oldu.<\/p>\n<p>Yang\u0131n\u0131 denetim alt\u0131na almak i\u00e7in Kocaeli\u2019de \u00e7ok say\u0131da grup karadan ve havadan m\u00fcdahale ediyor. R\u00fczgar\u0131n istikameti ve \u015fiddeti, hem yang\u0131n\u0131n hem de duman\u0131n yay\u0131lmas\u0131n\u0131 kolayla\u015ft\u0131r\u0131yor.<\/p>\n<p><b>VAL\u0130 A\u00c7IKLAMA YAPTI<\/b><\/p>\n<p>Yang\u0131n mahalline gelerek \u00e7al\u0131\u015fmalar\u0131 takip eden Vali \u0130lhami Akta\u015f, yang\u0131na havadan ve karadan m\u00fcdahale edildi\u011fini s\u00f6yledi.<br \/>Yang\u0131n\u0131n \u00e7\u0131kt\u0131\u011f\u0131 yerde r\u00fczgar\u0131n tesirli oldu\u011funu belirten Akta\u015f, b\u00f6lgedeki vatanda\u015flardan dikkatli ve \u00f6nlemli olmalar\u0131n\u0131 istedi.<\/p>\n","protected":false},"excerpt":{"rendered":"<p>Kocaeli Karam\u00fcrsel\u2019de \u00e7\u0131kan orman yang\u0131n\u0131ndan y\u00fckselen a\u011f\u0131r duman, r\u00fczgar\u0131n tesiriyle Bursa\u2019ya ula\u015ft\u0131. Kent merkezi ve Orhangazi\u2019de g\u00f6ky\u00fcz\u00fc griye b\u00fcr\u00fcnd\u00fc.<\/p>\n","protected":false},"author":1,"featured_media":69062,"comment_status":"open","ping_status":"open","sticky":false,"template":"","format":"standard","meta":{"footnotes":""},"categories":[25],"tags":[3256,64],"class_list":["post-69061","post","type-post","status-publish","format-standard","has-post-thumbnail","hentry","category-gundem","tag-duman","tag-yangin"],"_links":{"self":[{"href":"https:\/\/ikimisli.tr\/index.php\/wp-json\/wp\/v2\/posts\/69061","targetHints":{"allow":["GET"]}}],"collection":[{"href":"https:\/\/ikimisli.tr\/index.php\/wp-json\/wp\/v2\/posts"}],"about":[{"href":"https:\/\/ikimisli.tr\/index.php\/wp-json\/wp\/v2\/types\/post"}],"author":[{"embeddable":true,"href":"https:\/\/ikimisli.tr\/index.php\/wp-json\/wp\/v2\/users\/1"}],"replies":[{"embeddable":true,"href":"https:\/\/ikimisli.tr\/index.php\/wp-json\/wp\/v2\/comments?post=69061"}],"version-history":[{"count":1,"href":"https:\/\/ikimisli.tr\/index.php\/wp-json\/wp\/v2\/posts\/69061\/revisions"}],"predecessor-version":[{"id":69065,"href":"https:\/\/ikimisli.tr\/index.php\/wp-json\/wp\/v2\/posts\/69061\/revisions\/69065"}],"wp:featuredmedia":[{"embeddable":true,"href":"https:\/\/ikimisli.tr\/index.php\/wp-json\/wp\/v2\/media\/69062"}],"wp:attachment":[{"href":"https:\/\/ikimisli.tr\/index.php\/wp-json\/wp\/v2\/media?parent=69061"}],"wp:term":[{"taxonomy":"category","embeddable":true,"href":"https:\/\/ikimisli.tr\/index.php\/wp-json\/wp\/v2\/categories?post=69061"},{"taxonomy":"post_tag","embeddable":true,"href":"https:\/\/ikimisli.tr\/index.php\/wp-json\/wp\/v2\/tags?post=69061"}],"curies":[{"name":"wp","href":"https:\/\/api.w.org\/{rel}","templated":true}]}}