{"id":69086,"date":"2025-08-16T12:08:42","date_gmt":"2025-08-16T12:08:42","guid":{"rendered":"https:\/\/ikimisli.tr\/?p=69086"},"modified":"2025-08-16T12:08:42","modified_gmt":"2025-08-16T12:08:42","slug":"imamoglundan-adalet-bakanina-cagri-milletimize-ve-yuce-turk-yargisina-karsi-sorumlulugunuz-var","status":"publish","type":"post","link":"https:\/\/ikimisli.tr\/index.php\/2025\/08\/16\/imamoglundan-adalet-bakanina-cagri-milletimize-ve-yuce-turk-yargisina-karsi-sorumlulugunuz-var\/","title":{"rendered":"\u0130mamo\u011flu&#8217;ndan Adalet Bakan\u0131na \u00e7a\u011fr\u0131: &#8216;Milletimize ve y\u00fcce T\u00fcrk yarg\u0131s\u0131na kar\u015f\u0131 sorumlulu\u011funuz var&#8217;"},"content":{"rendered":"<p>Tutuklu \u0130BB Ba\u015fkan\u0131 ve CHP&#8217;nin Cumhurba\u015fkan\u0131 aday\u0131 Ekrem \u0130mamo\u011flu&#8217;nun payla\u015f\u0131m\u0131nda \u015fu tabirler yer ald\u0131:<\/p>\n<p>&#8220;Adalet Bakan\u0131\u2019na sesleniyorum:<\/p>\n<p>TUZ KOKTU!<\/p>\n<p>Milletimize \u201cyarg\u0131 ba\u011f\u0131ms\u0131zd\u0131r\u201d masal\u0131n\u0131 anlatmay\u0131n. Yarg\u0131n\u0131n siyasete ba\u011f\u0131ml\u0131 h\u00e2le gelmesi, yaln\u0131zca adaleti de\u011fil, milletimizin ve devletimizin gelece\u011fini de tehlikeye at\u0131yor.<\/p>\n<p>Ne yaz\u0131k ki paras\u0131n\u0131 verene taraf olan yarg\u0131, vicdanlar\u0131 yaral\u0131yor, halk\u0131n adalet hissini incitiyor.<\/p>\n<p>Bu sabah \u015fafak vakti, CHP\u2019li Beyo\u011flu Belediye Liderimiz \u0130nan G\u00fcney ve \u0130BB b\u00fcrokratlar\u0131na y\u00f6nelik operasyon, son periyotta ya\u015fananlardan ba\u011f\u0131ms\u0131z de\u011fildir. Vicdanl\u0131 her yurtta\u015f\u0131n kalbini s\u0131zlatan bu uygulamalar, hukuka ve adalete alenen meydan okumakt\u0131r. \u201c\u0130BB kumpas borsas\u0131\u201d tezleri ortadayken, intikam operasyonlar\u0131n\u0131n s\u00fcrd\u00fcr\u00fclmesi tam bir hukuksuzluk \u00f6rne\u011fidir.<\/p>\n<p>Yarg\u0131 siyasalla\u015fm\u0131\u015ft\u0131r. Yarg\u0131ya inan\u00e7 kalmam\u0131\u015ft\u0131r. Bu itimat kayb\u0131, \u00fclkemizin iktisad\u0131n\u0131 \u00e7\u00f6kertiyor, milletimizin gelece\u011fini \u00e7al\u0131yor ve devleti zafiyete u\u011frat\u0131yor. Milletimize ve aziz T\u00fcrk yarg\u0131s\u0131na kar\u015f\u0131 sorumlulu\u011funuz var.<\/p>\n<p>YETER ARTIK!&#8221;<\/p>\n<p><img decoding=\"async\" src=\"https:\/\/ikimisli.tr\/wp-content\/uploads\/2025\/08\/imamoglundan-adalet-bakanina-cagri-milletimize-ve-yuce-turk-yargisina-karsi-sorumlulugunuz-var-0-YtKluzRt.jpeg\"\/><\/p>\n","protected":false},"excerpt":{"rendered":"<p>CHP&#8217;nin Cumhurba\u015fkan\u0131 aday\u0131 Ekrem \u0130mamo\u011flu, Beyo\u011flu Belediyesi operasyonu ve \u0130BB Borsas\u0131 tezleri ile ilgili Adalet Bakan\u0131na davet yapt\u0131. \u0130mamo\u011flu &#8220;Yarg\u0131 siyasalla\u015fm\u0131\u015ft\u0131r. Yarg\u0131ya itimat kalmam\u0131\u015ft\u0131r. Bu inan\u00e7 kayb\u0131, \u00fclkemizin iktisad\u0131n\u0131 \u00e7\u00f6kertiyor, milletimizin gelece\u011fini \u00e7al\u0131yor ve devleti zafiyete u\u011frat\u0131yor.&#8221; dedi<\/p>\n","protected":false},"author":1,"featured_media":69087,"comment_status":"open","ping_status":"open","sticky":false,"template":"","format":"standard","meta":{"footnotes":""},"categories":[25],"tags":[1019],"class_list":["post-69086","post","type-post","status-publish","format-standard","has-post-thumbnail","hentry","category-gundem","tag-yargi"],"_links":{"self":[{"href":"https:\/\/ikimisli.tr\/index.php\/wp-json\/wp\/v2\/posts\/69086","targetHints":{"allow":["GET"]}}],"collection":[{"href":"https:\/\/ikimisli.tr\/index.php\/wp-json\/wp\/v2\/posts"}],"about":[{"href":"https:\/\/ikimisli.tr\/index.php\/wp-json\/wp\/v2\/types\/post"}],"author":[{"embeddable":true,"href":"https:\/\/ikimisli.tr\/index.php\/wp-json\/wp\/v2\/users\/1"}],"replies":[{"embeddable":true,"href":"https:\/\/ikimisli.tr\/index.php\/wp-json\/wp\/v2\/comments?post=69086"}],"version-history":[{"count":1,"href":"https:\/\/ikimisli.tr\/index.php\/wp-json\/wp\/v2\/posts\/69086\/revisions"}],"predecessor-version":[{"id":69089,"href":"https:\/\/ikimisli.tr\/index.php\/wp-json\/wp\/v2\/posts\/69086\/revisions\/69089"}],"wp:featuredmedia":[{"embeddable":true,"href":"https:\/\/ikimisli.tr\/index.php\/wp-json\/wp\/v2\/media\/69087"}],"wp:attachment":[{"href":"https:\/\/ikimisli.tr\/index.php\/wp-json\/wp\/v2\/media?parent=69086"}],"wp:term":[{"taxonomy":"category","embeddable":true,"href":"https:\/\/ikimisli.tr\/index.php\/wp-json\/wp\/v2\/categories?post=69086"},{"taxonomy":"post_tag","embeddable":true,"href":"https:\/\/ikimisli.tr\/index.php\/wp-json\/wp\/v2\/tags?post=69086"}],"curies":[{"name":"wp","href":"https:\/\/api.w.org\/{rel}","templated":true}]}}