{"id":6912,"date":"2025-01-26T03:47:41","date_gmt":"2025-01-26T03:47:41","guid":{"rendered":"https:\/\/ikimisli.tr\/?p=6912"},"modified":"2025-01-26T03:47:41","modified_gmt":"2025-01-26T03:47:41","slug":"2025-dakar-rallisinde-6-etap-sona-erdi","status":"publish","type":"post","link":"https:\/\/ikimisli.tr\/index.php\/2025\/01\/26\/2025-dakar-rallisinde-6-etap-sona-erdi\/","title":{"rendered":"2025 Dakar Rallisi&#8217;nde 6. etap sona erdi"},"content":{"rendered":"<p>Suudi Arabistan&#8217;da d\u00fczenlenen 47. Dakar Rallisi&#8217;nin 6. etab\u0131, Hail ile Al Duwadimi kentleri ortas\u0131ndaki 606 kilometrelik parkurda ger\u00e7ekle\u015ftirildi.<\/p>\n<p>Otomobil s\u0131n\u0131f\u0131nda birincili\u011fi, 4 saat 34 dakika 49 saniyelik derecesiyle Overdrive Racing kadrosundan Bel\u00e7ikal\u0131 pilpt Guillaume De Mevius elde etti.<\/p>\n<p>X-Raid K\u00fc\u00e7\u00fck JCW T kadrosundan Portekizli Joao Ferreira, \u00f6nderin 1 dakika 34 saniye gerisinde ikinci olurken Dakar Rallisi&#8217;nde 5 \u015fampiyonlu\u011fu bulunan Katarl\u0131 Nasser Al-Attiyah (Dacia Sandriders) ise ba\u015fkan\u0131n 2 dakika 1 saniye gerisinde \u00fc\u00e7\u00fcnc\u00fc oldu.<\/p>\n<p>Genel klasmanda G\u00fcney Afrikal\u0131 Henk Lategan (Toyota Gazoo), 32 saat 51 dakika 36 saniyelik derecesiyle Suudi Arabistanl\u0131 Yazeed Al Rajhi&#8217;nin (Overdrive) 7 dakika 16 saniye \u00f6n\u00fcnde birinci s\u0131rada yer ald\u0131.<\/p>\n<p><b>Motosiklette, Brabec ba\u015fkan tamamlad\u0131<\/b><\/p>\n<p>Motosiklet kategorisinde Monster Energy Honda grubundan ABD&#8217;li Ricky Brabec, 5 saat 51 saniye ile rakiplerini geride b\u0131rakarak etab\u0131 dorukta tamamlad\u0131.<\/p>\n<p>Frans\u0131z Adrien Van Beveren (Monster Energy Honda) 23 saniye farkla ikinci, \u015eilili Jose Ignacio Cornejo Florimo (Hero) ise \u00f6nderden 51 saniye geriden gelerek \u00fc\u00e7\u00fcnc\u00fc s\u0131ray\u0131 ald\u0131.<\/p>\n<p>Avustralyal\u0131 Daniel Sanders (Red Bull KTM), genel klasmanda 35 saat 18 dakika 49 saniyelik m\u00fcddetiyle \u0130spanyol Tosha Schareina&#8217;n\u0131n (Monster Energy Honda) 11 dakika 46 saniye \u00f6n\u00fcnde tepedeki yerini korudu.<\/p>\n<p>Dakar Rallisi&#8217;nin 7. etab\u0131, yar\u0131n Al Duwadimi&#8217;deki 481 kilometrelik parkurda d\u00fczenlenecek.\u00a0<br \/>2025 Dakar Rallisi, 17 Ocak&#8217;ta Shubaytah kentinde son bulacak.<\/p>\n","protected":false},"excerpt":{"rendered":"<p>2025 Dakar Rallisi&#8217;nin 6. etab\u0131n\u0131, araba kategorisinde Bel\u00e7ikal\u0131 Guillaume De Mevius, motosiklet s\u0131n\u0131f\u0131nda ABD&#8217;li Ricky Brabec dorukta tamamlad\u0131.<\/p>\n","protected":false},"author":1,"featured_media":6913,"comment_status":"open","ping_status":"open","sticky":false,"template":"","format":"standard","meta":{"footnotes":""},"categories":[30],"tags":[325,1770],"class_list":["post-6912","post","type-post","status-publish","format-standard","has-post-thumbnail","hentry","category-spor","tag-dakika","tag-saniye"],"_links":{"self":[{"href":"https:\/\/ikimisli.tr\/index.php\/wp-json\/wp\/v2\/posts\/6912","targetHints":{"allow":["GET"]}}],"collection":[{"href":"https:\/\/ikimisli.tr\/index.php\/wp-json\/wp\/v2\/posts"}],"about":[{"href":"https:\/\/ikimisli.tr\/index.php\/wp-json\/wp\/v2\/types\/post"}],"author":[{"embeddable":true,"href":"https:\/\/ikimisli.tr\/index.php\/wp-json\/wp\/v2\/users\/1"}],"replies":[{"embeddable":true,"href":"https:\/\/ikimisli.tr\/index.php\/wp-json\/wp\/v2\/comments?post=6912"}],"version-history":[{"count":1,"href":"https:\/\/ikimisli.tr\/index.php\/wp-json\/wp\/v2\/posts\/6912\/revisions"}],"predecessor-version":[{"id":6914,"href":"https:\/\/ikimisli.tr\/index.php\/wp-json\/wp\/v2\/posts\/6912\/revisions\/6914"}],"wp:featuredmedia":[{"embeddable":true,"href":"https:\/\/ikimisli.tr\/index.php\/wp-json\/wp\/v2\/media\/6913"}],"wp:attachment":[{"href":"https:\/\/ikimisli.tr\/index.php\/wp-json\/wp\/v2\/media?parent=6912"}],"wp:term":[{"taxonomy":"category","embeddable":true,"href":"https:\/\/ikimisli.tr\/index.php\/wp-json\/wp\/v2\/categories?post=6912"},{"taxonomy":"post_tag","embeddable":true,"href":"https:\/\/ikimisli.tr\/index.php\/wp-json\/wp\/v2\/tags?post=6912"}],"curies":[{"name":"wp","href":"https:\/\/api.w.org\/{rel}","templated":true}]}}