{"id":69147,"date":"2025-08-16T15:20:41","date_gmt":"2025-08-16T15:20:41","guid":{"rendered":"https:\/\/ikimisli.tr\/?p=69147"},"modified":"2025-08-16T15:20:41","modified_gmt":"2025-08-16T15:20:41","slug":"guney-marmarada-feribot-seferlerine-firtina-engeli-2","status":"publish","type":"post","link":"https:\/\/ikimisli.tr\/index.php\/2025\/08\/16\/guney-marmarada-feribot-seferlerine-firtina-engeli-2\/","title":{"rendered":"G\u00fcney Marmara&#8217;da feribot seferlerine &#8216;f\u0131rt\u0131na&#8217; engeli"},"content":{"rendered":"<p>G\u00fcney Marmara&#8217;da 16 A\u011fustos&#8217;taki kimi feribot seferleri iptal edildi.<\/p>\n<p>GESTA\u015e A\u015e&#8217;den yap\u0131lan duyuruda, 16 A\u011fustos Cumartesi Narl\u0131-Marmara \u00e7izgisinde, Narl\u0131&#8217;dan saat 08.00 ve 16.30, Marmara&#8217;dan 11.00 ve 17.45, Narl\u0131-Bal\u0131kl\u0131-Av\u015fa s\u0131n\u0131r\u0131nda Narl\u0131&#8217;dan 12.30, Bal\u0131kl\u0131&#8217;dan 13.00 ve 15.45, Av\u015fa&#8217;dan 14.30, G\u00fcney Marmara Adalar \u00e7izgisinde Marmara&#8217;dan saat 16.00, Av\u015fa&#8217;dan 16.45, Bal\u0131kl\u0131&#8217;dan 17.45, Erdek&#8217;ten saat 19.15 kalk\u0131\u015fl\u0131 t\u00fcm seferlerin olumsuz hava \u015fartlar\u0131 nedeniyle iptal edildi\u011fi bildirildi.<\/p>\n<p>Av\u015fa&#8217;dan saat 06.00 seferinin saatine uygun yap\u0131laca\u011f\u0131, Erdek&#8217;ten saat 11.00 kalk\u0131\u015fl\u0131 seferin ise Bal\u0131kl\u0131, Marmara ve Av\u015fa Adas\u0131 formunda ger\u00e7ekle\u015ftirilece\u011fi belirtildi.<\/p>\n","protected":false},"excerpt":{"rendered":"<p>G\u00fcney Marmara&#8217;daki olumsuz hava \u015fartlar\u0131 nedeniyle Bal\u0131kesir&#8217;in Narl\u0131-Marmara ile G\u00fcney Marmara Adalar \u00e7izgisinde 16 A\u011fustos&#8217;ta feribot seferleri yap\u0131lamayacak.<\/p>\n","protected":false},"author":1,"featured_media":69148,"comment_status":"open","ping_status":"open","sticky":false,"template":"","format":"standard","meta":{"footnotes":""},"categories":[25],"tags":[8398,1575,1272],"class_list":["post-69147","post","type-post","status-publish","format-standard","has-post-thumbnail","hentry","category-gundem","tag-avsa","tag-marmara","tag-saat"],"_links":{"self":[{"href":"https:\/\/ikimisli.tr\/index.php\/wp-json\/wp\/v2\/posts\/69147","targetHints":{"allow":["GET"]}}],"collection":[{"href":"https:\/\/ikimisli.tr\/index.php\/wp-json\/wp\/v2\/posts"}],"about":[{"href":"https:\/\/ikimisli.tr\/index.php\/wp-json\/wp\/v2\/types\/post"}],"author":[{"embeddable":true,"href":"https:\/\/ikimisli.tr\/index.php\/wp-json\/wp\/v2\/users\/1"}],"replies":[{"embeddable":true,"href":"https:\/\/ikimisli.tr\/index.php\/wp-json\/wp\/v2\/comments?post=69147"}],"version-history":[{"count":1,"href":"https:\/\/ikimisli.tr\/index.php\/wp-json\/wp\/v2\/posts\/69147\/revisions"}],"predecessor-version":[{"id":69149,"href":"https:\/\/ikimisli.tr\/index.php\/wp-json\/wp\/v2\/posts\/69147\/revisions\/69149"}],"wp:featuredmedia":[{"embeddable":true,"href":"https:\/\/ikimisli.tr\/index.php\/wp-json\/wp\/v2\/media\/69148"}],"wp:attachment":[{"href":"https:\/\/ikimisli.tr\/index.php\/wp-json\/wp\/v2\/media?parent=69147"}],"wp:term":[{"taxonomy":"category","embeddable":true,"href":"https:\/\/ikimisli.tr\/index.php\/wp-json\/wp\/v2\/categories?post=69147"},{"taxonomy":"post_tag","embeddable":true,"href":"https:\/\/ikimisli.tr\/index.php\/wp-json\/wp\/v2\/tags?post=69147"}],"curies":[{"name":"wp","href":"https:\/\/api.w.org\/{rel}","templated":true}]}}