{"id":6918,"date":"2025-01-26T04:23:42","date_gmt":"2025-01-26T04:23:42","guid":{"rendered":"https:\/\/ikimisli.tr\/?p=6918"},"modified":"2025-01-26T04:23:42","modified_gmt":"2025-01-26T04:23:42","slug":"fenomen-1-milyoncu-mehmet-oldu","status":"publish","type":"post","link":"https:\/\/ikimisli.tr\/index.php\/2025\/01\/26\/fenomen-1-milyoncu-mehmet-oldu\/","title":{"rendered":"Fenomen 1 Milyoncu Mehmet \u00f6ld\u00fc"},"content":{"rendered":"<p>Sosyal medyadaki g\u00f6r\u00fcnt\u00fclerden tan\u0131nan ve 1 Milyoncu Mehmet rumuzu ile tan\u0131nan Mehmet Bucak Mersin&#8217;in Yeni\u015fehir il\u00e7esinde hayat\u0131n\u0131 kaybetti.<\/p>\n<p><b>KALP KR\u0130Z\u0130NDEN \u00d6LD\u00dc<\/b><\/p>\n<p>Mersin Objektif gazetesinin haberine nazaran, &#8220;1 Milyoncu Mehmet&#8221; rumuzu ile tan\u0131nan Bucak&#8217;\u0131n ikamet etti\u011fi konutunda ge\u00e7irdi\u011fi kalp krizinden \u00f6t\u00fcr\u00fc hayat\u0131n\u0131 kaybetti\u011fi \u00f6\u011frenildi.<\/p>\n<p><img decoding=\"async\" src=\"https:\/\/ikimisli.tr\/wp-content\/uploads\/2025\/01\/fenomen-1-milyoncu-mehmet-oldu-0-cJcalhfr.jpg\"\/><\/p>\n<p>Bucak\u2019\u0131n cans\u0131z bedeni Mersin \u015eehir Hastanesi morguna kald\u0131r\u0131l\u0131rken cenazeyle ilgili \u015fimdi bir a\u00e7\u0131klama yap\u0131lmad\u0131.<\/p>\n<p><b>1 M\u0130LYONCU MEHMET K\u0130MD\u0130R?<\/b><\/p>\n<p>1 Milyoncu Mehmet olarak tan\u0131nan Mehmet Bucak, 1968 y\u0131l\u0131nda Mersin\u2019de d\u00fcnyaya geldi. Bir m\u00fcddet kaportac\u0131l\u0131k yaparak ge\u00e7imini sa\u011flayan Bucak, ruhsal problemlerinin akabinde insanlardan eski para ile 1 Milyon istemeye ba\u015flad\u0131. Bu hareketinden \u00f6t\u00fcr\u00fc ismi 1 Milyoncu Mehmet kalan ve Mersin \u00e7ar\u015f\u0131s\u0131n\u0131n renkli simasi haline gelen Bucak, \u00e7ekilen g\u00f6r\u00fcnt\u00fcler ile toplumsal medyada fenomen oldu.<\/p>\n","protected":false},"excerpt":{"rendered":"<p>Toplumsal medyada &#8216;1 Milyoncu Mehmet&#8217; rumuzu ile tan\u0131nan Mehmet Bucak, ge\u00e7irdi\u011fi kalp krizi sonucu \u00f6mr\u00fcn\u00fc yitirdi<\/p>\n","protected":false},"author":1,"featured_media":6919,"comment_status":"open","ping_status":"open","sticky":false,"template":"","format":"standard","meta":{"footnotes":""},"categories":[25],"tags":[1771,1318],"class_list":["post-6918","post","type-post","status-publish","format-standard","has-post-thumbnail","hentry","category-gundem","tag-bucak","tag-mersin"],"_links":{"self":[{"href":"https:\/\/ikimisli.tr\/index.php\/wp-json\/wp\/v2\/posts\/6918","targetHints":{"allow":["GET"]}}],"collection":[{"href":"https:\/\/ikimisli.tr\/index.php\/wp-json\/wp\/v2\/posts"}],"about":[{"href":"https:\/\/ikimisli.tr\/index.php\/wp-json\/wp\/v2\/types\/post"}],"author":[{"embeddable":true,"href":"https:\/\/ikimisli.tr\/index.php\/wp-json\/wp\/v2\/users\/1"}],"replies":[{"embeddable":true,"href":"https:\/\/ikimisli.tr\/index.php\/wp-json\/wp\/v2\/comments?post=6918"}],"version-history":[{"count":1,"href":"https:\/\/ikimisli.tr\/index.php\/wp-json\/wp\/v2\/posts\/6918\/revisions"}],"predecessor-version":[{"id":6921,"href":"https:\/\/ikimisli.tr\/index.php\/wp-json\/wp\/v2\/posts\/6918\/revisions\/6921"}],"wp:featuredmedia":[{"embeddable":true,"href":"https:\/\/ikimisli.tr\/index.php\/wp-json\/wp\/v2\/media\/6919"}],"wp:attachment":[{"href":"https:\/\/ikimisli.tr\/index.php\/wp-json\/wp\/v2\/media?parent=6918"}],"wp:term":[{"taxonomy":"category","embeddable":true,"href":"https:\/\/ikimisli.tr\/index.php\/wp-json\/wp\/v2\/categories?post=6918"},{"taxonomy":"post_tag","embeddable":true,"href":"https:\/\/ikimisli.tr\/index.php\/wp-json\/wp\/v2\/tags?post=6918"}],"curies":[{"name":"wp","href":"https:\/\/api.w.org\/{rel}","templated":true}]}}