{"id":69329,"date":"2025-08-17T01:56:40","date_gmt":"2025-08-17T01:56:40","guid":{"rendered":"https:\/\/ikimisli.tr\/?p=69329"},"modified":"2025-08-17T01:56:40","modified_gmt":"2025-08-17T01:56:40","slug":"son-15-gun-tapunuz-kiraya-verilebilir","status":"publish","type":"post","link":"https:\/\/ikimisli.tr\/index.php\/2025\/08\/17\/son-15-gun-tapunuz-kiraya-verilebilir\/","title":{"rendered":"Son 15 g\u00fcn: Tapunuz kiraya verilebilir"},"content":{"rendered":"<p>T\u00fcrkiye\u2019de uzun m\u00fcddettir bo\u015f b\u0131rak\u0131lan tar\u0131m yerleri i\u00e7in yeni bir periyot ba\u015fl\u0131yor. Tar\u0131m ve Orman Bakanl\u0131\u011f\u0131\u2019n\u0131n hayata ge\u00e7irece\u011fi uygulamayla, iki y\u0131l boyunca ekilmeyen tarlalar, arazi sahibinin iste\u011fi aranmadan devlet arac\u0131l\u0131\u011f\u0131yla \u00fcretime a\u00e7\u0131lacak.<\/p>\n<p><b>1 EYL\u00dcL&#8217;DE Y\u00dcR\u00dcRL\u00dc\u011eE G\u0130RECEK <\/b><\/p>\n<p>Bakanl\u0131k taraf\u0131ndan 2023 y\u0131l\u0131nda duyurulan d\u00fczenleme, 1 Eyl\u00fcl 2025\u2019te resmen y\u00fcr\u00fcrl\u00fc\u011fe girecek. Yeni sistemde, \u00fcretim d\u0131\u015f\u0131 kalan topraklar kiralama sistemiyle zira\u00ee \u00fcretime kazand\u0131r\u0131lacak. Kira bedelleri ise resmi kurullar taraf\u0131ndan belirlenecek.<\/p>\n<p><b>KR\u0130T\u0130K 45 G\u00dcN UYARISI!<\/b><\/p>\n<p>Arazi sahiplerinin bu noktada dikkat etmesi gereken en kritik detay, m\u00fcracaat m\u00fchleti olacak. D\u00fczenleme kapsam\u0131nda, tarlas\u0131n\u0131n kiraya verilmesini istemeyen vatanda\u015flar\u0131n, 45 g\u00fcn i\u00e7inde ilgili makamlara m\u00fcracaatta bulunmalar\u0131 gerekiyor.<\/p>\n<p>Bu m\u00fcddet i\u00e7erisinde itiraz etmeyenlerin topraklar\u0131 otomatik olarak kiraya verilecek.<\/p>\n<p>\u00d6te yandan devletin yapaca\u011f\u0131 kiralama s\u00fcre\u00e7leri sonucunda elde edilen gelirler, rastgele bir kesinti yap\u0131lmadan direkt arazi sahiplerinin banka hesaplar\u0131na yat\u0131r\u0131lacak.<\/p>\n<p>B\u00f6ylece hem \u00fcretim artacak hem de arazi sahipleri gelir elde etmeyi s\u00fcrd\u00fcrecek.<\/p>\n<p>Tar\u0131m ve Orman Bakanl\u0131\u011f\u0131, bu ad\u0131mla y\u0131llard\u0131r bo\u015f kalan tar\u0131m topraklar\u0131n\u0131 yine \u00fcretime kazand\u0131rmay\u0131 ama\u00e7l\u0131yor. Uygulaman\u0131n hem besin arz g\u00fcvenli\u011fi hem de \u00fclke iktisad\u0131na de\u011ferli katk\u0131lar sa\u011flamas\u0131 bekleniyor.<\/p>\n<p>Uzmanlara nazaran, zira\u00ee \u00fcretimin artmas\u0131yla birlikte hem \u00e7ift\u00e7iler hem de t\u00fcketiciler kazanacak.<\/p>\n","protected":false},"excerpt":{"rendered":"<p>1 Eyl\u00fcl 2025&#8217;te y\u00fcr\u00fcrl\u00fc\u011fe girecek yeni d\u00fczenlemeyle birlikte, iki yol boyunca ekilmeyen tar\u0131m topraklar\u0131 devlet eliyle \u00fc\u00e7\u00fcnc\u00fc \u015fah\u0131slara kiralanabilecek. Arazi sahiplerine 45 g\u00fcn i\u00e7inde itiraz hakk\u0131 tan\u0131n\u0131rken, kira bedeli direkt tapu sahibinin hesab\u0131na aktar\u0131lacak.<\/p>\n","protected":false},"author":1,"featured_media":69330,"comment_status":"open","ping_status":"open","sticky":false,"template":"","format":"standard","meta":{"footnotes":""},"categories":[24],"tags":[2155,438,507,209],"class_list":["post-69329","post","type-post","status-publish","format-standard","has-post-thumbnail","hentry","category-ekonomi","tag-arazi","tag-kira","tag-tarim","tag-uretim"],"_links":{"self":[{"href":"https:\/\/ikimisli.tr\/index.php\/wp-json\/wp\/v2\/posts\/69329","targetHints":{"allow":["GET"]}}],"collection":[{"href":"https:\/\/ikimisli.tr\/index.php\/wp-json\/wp\/v2\/posts"}],"about":[{"href":"https:\/\/ikimisli.tr\/index.php\/wp-json\/wp\/v2\/types\/post"}],"author":[{"embeddable":true,"href":"https:\/\/ikimisli.tr\/index.php\/wp-json\/wp\/v2\/users\/1"}],"replies":[{"embeddable":true,"href":"https:\/\/ikimisli.tr\/index.php\/wp-json\/wp\/v2\/comments?post=69329"}],"version-history":[{"count":1,"href":"https:\/\/ikimisli.tr\/index.php\/wp-json\/wp\/v2\/posts\/69329\/revisions"}],"predecessor-version":[{"id":69331,"href":"https:\/\/ikimisli.tr\/index.php\/wp-json\/wp\/v2\/posts\/69329\/revisions\/69331"}],"wp:featuredmedia":[{"embeddable":true,"href":"https:\/\/ikimisli.tr\/index.php\/wp-json\/wp\/v2\/media\/69330"}],"wp:attachment":[{"href":"https:\/\/ikimisli.tr\/index.php\/wp-json\/wp\/v2\/media?parent=69329"}],"wp:term":[{"taxonomy":"category","embeddable":true,"href":"https:\/\/ikimisli.tr\/index.php\/wp-json\/wp\/v2\/categories?post=69329"},{"taxonomy":"post_tag","embeddable":true,"href":"https:\/\/ikimisli.tr\/index.php\/wp-json\/wp\/v2\/tags?post=69329"}],"curies":[{"name":"wp","href":"https:\/\/api.w.org\/{rel}","templated":true}]}}