{"id":6936,"date":"2025-01-26T05:59:44","date_gmt":"2025-01-26T05:59:44","guid":{"rendered":"https:\/\/ikimisli.tr\/?p=6936"},"modified":"2025-01-26T05:59:44","modified_gmt":"2025-01-26T05:59:44","slug":"yeni-bop-haritasini-new-york-times-12-yil-onceden-cizmis-5-ulke-nasil-14-olabilir","status":"publish","type":"post","link":"https:\/\/ikimisli.tr\/index.php\/2025\/01\/26\/yeni-bop-haritasini-new-york-times-12-yil-onceden-cizmis-5-ulke-nasil-14-olabilir\/","title":{"rendered":"Yeni BOP Haritas\u0131n\u0131 New York Times 12 y\u0131l \u00f6nceden \u00e7izmi\u015f: &#8216;5 \u00fclke nas\u0131l 14 olabilir?&#8217;"},"content":{"rendered":"<p>Suriye&#8217;de 61 y\u0131ll\u0131k BAAS iktidar\u0131n\u0131n sona ermesinin akabinde g\u00fcndeme tekrar gelen B\u00fcy\u00fck Ortado\u011fu Projesi bilhassa T\u00fcrkiye&#8217;de \u00f6nemli tart\u0131\u015fmalara husus olmaya devam ediyor.<\/p>\n<p>The New York Times Mecmuas\u0131n\u0131n 28 Eyl\u00fcl 2013 tarihli bir makalesinde yay\u0131nlanan harita ise yine g\u00fcndeme oturdu.\u00a0<\/p>\n<p><img decoding=\"async\" src=\"https:\/\/ikimisli.tr\/wp-content\/uploads\/2025\/01\/yeni-bop-haritasini-new-york-times-12-yil-onceden-cizmis-5-ulke-nasil-14-GvixrcMX.jpg\"\/><\/p>\n<p><b>&#8220;SUR\u0130YE ORTADO\u011eU&#8217;NUN MERKEZ\u0130 OLUR&#8221;<\/b><\/p>\n<p>Robin Wrigth imzas\u0131yla yay\u0131nlanan &#8220;Yeniden Haritaland\u0131r\u0131lan Ortado\u011fu&#8217;yu D\u00fc\u015f\u00fcnmek&#8221; isimli makalede bilhassa Arap d\u00fcnyas\u0131n\u0131n otoriter idarelerce k\u0131skaca al\u0131nd\u0131\u011f\u0131 ve bu idarelerin y\u0131k\u0131lmas\u0131yla birlikte bilhassa Suriye&#8217;nin merkez olaca\u011f\u0131 s\u00f6yleniyor.<\/p>\n<p><b>&#8220;SUR\u0130YE 3&#8217;E B\u00d6L\u00dcN\u00dcR&#8221;<\/b><\/p>\n<p>Makalede Suriye&#8217;de ya\u015fanan i\u00e7 sava\u015f s\u00fcrecinin sonlanmas\u0131yla birlikte ya\u015fanacak s\u00fcre\u00e7lere dair de bir de\u011ferlendirmede bulunuluyor. Suriye&#8217;nin \u00fc\u00e7e b\u00f6l\u00fcnece\u011finin yaz\u0131ld\u0131\u011f\u0131 k\u0131s\u0131mlarda \u015fu tabirler kullan\u0131l\u0131yor:<\/p>\n<p>&#8220;Suriye, her biri kendi bayra\u011f\u0131 ve g\u00fcvenlik g\u00fc\u00e7lerine sahip \u00fc\u00e7 tan\u0131mlanabilir b\u00f6lgeye b\u00f6l\u00fcnd\u00fc. Farkl\u0131 bir gelecek \u015fekilleniyor: G\u00fcneyden \u015eam, Humus ve Hama&#8217;dan ge\u00e7erek Esad&#8217;lar\u0131n az\u0131nl\u0131k Alevi mezhebinin denetimindeki kuzey Akdeniz k\u0131y\u0131s\u0131na kadar uzanan bir koridor boyunca dar bir devlet\u00e7ik. Kuzeyde, 2012 ortalar\u0131ndan beri b\u00fcy\u00fck \u00f6l\u00e7\u00fcde \u00f6zerk olan k\u00fc\u00e7\u00fck bir K\u00fcrdistan. En b\u00fcy\u00fck mod\u00fcl S\u00fcnnilerin h\u00fck\u00fcmran oldu\u011fu merkez b\u00f6lge.&#8221;<\/p>\n<p><b>&#8220;SUR\u0130YE&#8217;DE \u00c7\u00d6Z\u00dcLME IRAK&#8217;A DA YANSIR&#8221;<\/b><\/p>\n<p>Makalede bilhassa \u015eii siyasetin kapsama alan\u0131nda bulunan Suriye&#8217;de ya\u015fanacak bir \u00e7\u00f6z\u00fclmenin b\u00f6lgede ba\u015fka \u00fclkeler i\u00e7inde emsal te\u015fkil edece\u011finden bahsediliyor:<\/p>\n<p>&#8220;Suriye&#8217;nin \u00e7\u00f6z\u00fclmesi, \u00e7abucak yan\u0131 ba\u015f\u0131nda ba\u015flayarak b\u00f6lge i\u00e7in emsal te\u015fkil edecektir. \u015eimdiye kadar Irak, yabanc\u0131 bask\u0131, b\u00f6lgesel olarak tek ba\u015f\u0131na hareket etme korkusu ve en az\u0131ndan ka\u011f\u0131t \u00fczerinde sadakat sat\u0131n alan petrol zenginli\u011fi nedeniyle da\u011f\u0131lmaya direndi. Fakat Suriye art\u0131k Irak&#8217;\u0131 kendi girdab\u0131na \u00e7ekiyor.&#8221;<\/p>\n<p><b>ORTADO\u011eU&#8217;NUN YEN\u0130 HAR\u0130TASI DA YAYINLADILAR<\/b><\/p>\n<p>Makalenin i\u00e7eri\u011finde yer alan harita ise ak\u0131llara B\u00fcy\u00fck Ortado\u011fu Projesi haritas\u0131n\u0131 getirdi.<\/p>\n<p><img decoding=\"async\" src=\"https:\/\/ikimisli.tr\/wp-content\/uploads\/2025\/01\/yeni-bop-haritasini-new-york-times-12-yil-onceden-cizmis-5-ulke-nasil-14-J3JWmQ9P.jpg\"\/><\/p>\n<p>B\u00fcy\u00fck Ortado\u011fu Projesi olarak bilinen men\u015fei ABD olan Proje, ABD Liderlerinden Goerge Bush periyodunda ortaya \u00e7\u0131kt\u0131.<\/p>\n<p><b>&#8217;22 \u00dcLKEN\u0130N HUDUTLARI DE\u011e\u0130\u015eECEK&#8217;<\/b><\/p>\n<p>ABD&#8217;nin 26 Ocak 2005 \u2013 20 Ocak 2009 tarihleri aras\u0131nda D\u0131\u015fi\u015fleri Bakanl\u0131\u011f\u0131 g\u00f6revini \u00fcstlenen Condoleezza Rice\u2019\u0131n 2003 y\u0131l\u0131nda Ulusal G\u00fcvenlik Dan\u0131\u015fman\u0131 oldu\u011fu g\u00fcnlerde yazd\u0131\u011f\u0131 bir makalede \u201cOrtado\u011fu\u2019da 22 \u00fclkenin sonlar\u0131 de\u011fi\u015fecek\u201d halinde bir s\u00f6z kullanm\u0131\u015ft\u0131.<\/p>\n","protected":false},"excerpt":{"rendered":"<p>Ortado\u011fu&#8217;da ya\u015fanan kriz denince ak\u0131llara B\u00fcy\u00fck Ortado\u011fu Projesi haritas\u0131 geliyor. D\u00fcnyaca \u00fcnl\u00fc The New York Times 28 Eyl\u00fcl 2013 tarihinde yay\u0131nlad\u0131\u011f\u0131 yeni Ortado\u011fu haritas\u0131 ortaya \u00e7\u0131kt\u0131. Dikkat al\u0131ml\u0131 harita 12 y\u0131l \u00f6ncesinden bug\u00fcnk\u00fc hudutlar\u0131 neredeyse ortaya koyuyor<\/p>\n","protected":false},"author":1,"featured_media":6937,"comment_status":"open","ping_status":"open","sticky":false,"template":"","format":"standard","meta":{"footnotes":""},"categories":[25],"tags":[1655,1773,1772,295],"class_list":["post-6936","post","type-post","status-publish","format-standard","has-post-thumbnail","hentry","category-gundem","tag-bolge","tag-harita","tag-ortadogu","tag-suriye"],"_links":{"self":[{"href":"https:\/\/ikimisli.tr\/index.php\/wp-json\/wp\/v2\/posts\/6936","targetHints":{"allow":["GET"]}}],"collection":[{"href":"https:\/\/ikimisli.tr\/index.php\/wp-json\/wp\/v2\/posts"}],"about":[{"href":"https:\/\/ikimisli.tr\/index.php\/wp-json\/wp\/v2\/types\/post"}],"author":[{"embeddable":true,"href":"https:\/\/ikimisli.tr\/index.php\/wp-json\/wp\/v2\/users\/1"}],"replies":[{"embeddable":true,"href":"https:\/\/ikimisli.tr\/index.php\/wp-json\/wp\/v2\/comments?post=6936"}],"version-history":[{"count":1,"href":"https:\/\/ikimisli.tr\/index.php\/wp-json\/wp\/v2\/posts\/6936\/revisions"}],"predecessor-version":[{"id":6940,"href":"https:\/\/ikimisli.tr\/index.php\/wp-json\/wp\/v2\/posts\/6936\/revisions\/6940"}],"wp:featuredmedia":[{"embeddable":true,"href":"https:\/\/ikimisli.tr\/index.php\/wp-json\/wp\/v2\/media\/6937"}],"wp:attachment":[{"href":"https:\/\/ikimisli.tr\/index.php\/wp-json\/wp\/v2\/media?parent=6936"}],"wp:term":[{"taxonomy":"category","embeddable":true,"href":"https:\/\/ikimisli.tr\/index.php\/wp-json\/wp\/v2\/categories?post=6936"},{"taxonomy":"post_tag","embeddable":true,"href":"https:\/\/ikimisli.tr\/index.php\/wp-json\/wp\/v2\/tags?post=6936"}],"curies":[{"name":"wp","href":"https:\/\/api.w.org\/{rel}","templated":true}]}}