{"id":69705,"date":"2025-08-18T00:08:49","date_gmt":"2025-08-18T00:08:49","guid":{"rendered":"https:\/\/ikimisli.tr\/?p=69705"},"modified":"2025-08-18T00:08:49","modified_gmt":"2025-08-18T00:08:49","slug":"genclerbirligi-super-ligin-gediklisi-olacak","status":"publish","type":"post","link":"https:\/\/ikimisli.tr\/index.php\/2025\/08\/18\/genclerbirligi-super-ligin-gediklisi-olacak\/","title":{"rendered":"&#8220;Gen\u00e7lerbirli\u011fi S\u00fcper Lig&#8217;in gediklisi olacak&#8221;"},"content":{"rendered":"<p>Gen\u00e7lerbirli\u011fi Kul\u00fcb\u00fc Lideri Osman Sungur, Trendyol Harika Lig&#8217;e 4 y\u0131l ortadan sonra d\u00f6nmenin ehemmiyetine dikkati \u00e7ekerek kul\u00fcb\u00fc, 3 senede tekrar &#8220;S\u00fcper Lig&#8217;in gediklisi&#8221; haline getirmeyi hedefledi\u011fini s\u00f6yledi.<\/p>\n<p>Sungur, yapt\u0131\u011f\u0131 yaz\u0131l\u0131 a\u00e7\u0131klamada, uzun ortan\u0131n akabinde taraftarla bulu\u015facaklar\u0131n\u0131 belirterek &#8220;S\u00fcper Lig&#8217;de konutumuzda oynad\u0131\u011f\u0131m\u0131z son ma\u00e7\u0131n \u00fczerinden 4 y\u0131l ge\u00e7mi\u015f. Elbette insan \u00f6mr\u00fcnde de 102 y\u0131ll\u0131k kul\u00fcb\u00fcn tarihinde de 4 y\u0131l k\u0131sa bir m\u00fchlet. Fakat Gen\u00e7lerbirli\u011fi&#8217;ni yak\u0131ndan takip edenler bu 4 y\u0131l\u0131n bizim i\u00e7in \u00e7ok uzun bir m\u00fchlet \u00fczere ya\u015fand\u0131\u011f\u0131n\u0131n fark\u0131nda. \u00dcst\u00fcn Lig\u2019e d\u00f6nd\u00fck. Ya\u015famak i\u00e7in Harika Lig&#8217;e d\u00f6nmek zorundayd\u0131k. Art\u0131k de \u00f6n\u00fcm\u00fczde \u00e7ok k\u0131ymetli 3 sene var. Lider olarak gayem, bu 3 senede Gen\u00e7lerbirli\u011fi\u2019ni t\u0131pk\u0131 evvelden oldu\u011fu \u00fczere Muhte\u015fem Lig\u2019in gediklisi kul\u00fcp haline getirmek, ke\u015ffeden, yeti\u015ftiren bir Gen\u00e7lerbirli\u011fi&#8217;ni yine kurmak.&#8221; s\u00f6zlerini kulland\u0131.<\/p>\n<p>\u00d6nceliklerinin bu sene A kadro oldu\u011funu aktaran Sungur, &#8220;Temkinli hareket ediyoruz. Ge\u00e7en y\u0131llarda istikrarl\u0131 bi\u00e7imde m\u00fcddet alm\u0131\u015f oyuncular\u0131 katt\u0131k gruba. Bug\u00fcn Adama Traore geliyor. Aya\u011f\u0131n\u0131n tozuyla yar\u0131n alana bile \u00e7\u0131kabilir. Deneyimli, \u00fclkesinin ulusal ekibinde oynam\u0131\u015f, \u00fcst seviye turnuvalarda alana \u00e7\u0131km\u0131\u015f bir isim. B\u00f6ylelikle kanatlar\u0131 tamaml\u0131yoruz. \u00d6n\u00fcm\u00fczdeki hafta 2 transferimiz daha olacak. Ge\u00e7 kald\u0131k, eksiklerimiz var diye endi\u015felenmeye gerek yok. Futbol dinamik s\u00fcre\u00e7. Transfer sadece transfer yapmak i\u00e7in ger\u00e7ekle\u015ftirilmiyor. \u015eimdiye kadar ald\u0131\u011f\u0131m\u0131z\u0131n iki kat\u0131 oyuncu al\u0131rd\u0131k, sonra i\u015fimiz b\u00fcsb\u00fct\u00fcn talihe kal\u0131rd\u0131. Elbette futbolda baht fakt\u00f6r\u00fc var lakin \u015fayet oyuncular\u0131n\u0131z yeterliyse baht\u0131n\u0131z da \u00e7o\u011fal\u0131r. \u0130mkanlar\u0131 sonuna kadar zorlayarak tak\u0131m\u0131m\u0131za en d\u00fczg\u00fcnlerini kazand\u0131rmaya \u00e7al\u0131\u015f\u0131yoruz. Bu manada taraftar\u0131m\u0131zdan sab\u0131rla hareket etmelerini bekliyorum, futbolda pani\u011fe yer yok.&#8221; de\u011ferlendirmesinde bulundu.<\/p>\n<p>Sungur, yar\u0131n ak\u015fam oynanacak Gen\u00e7lerbirli\u011fi-Antalyaspor m\u00fcsabakas\u0131 i\u00e7in Ankaral\u0131lar\u0131 ve taraftar\u0131, &#8220;Sahada futbolcular\u0131m\u0131z, trib\u00fcnde taraftar\u0131m\u0131z, Gen\u00e7lerbirli\u011fi&#8217;ne yak\u0131\u015fan bir ak\u015fam olaca\u011f\u0131ndan eminim.&#8221; kelamlar\u0131yla Eryaman Stadyumu&#8217;na davet ederek a\u00e7\u0131klamas\u0131n\u0131 tamamlad\u0131.<\/p>\n","protected":false},"excerpt":{"rendered":"<p>Trendyol \u00dcst\u00fcn Lig&#8217;e 4 y\u0131l\u0131n akabinde d\u00f6nen k\u0131rm\u0131z\u0131-siyahl\u0131 kul\u00fcb\u00fcn ba\u015fkan\u0131 Osman Sungur, &#8220;Hedefim 3 senede Gen\u00e7lerbirli\u011fi\u2019ni t\u0131pk\u0131 evvelce oldu\u011fu \u00fczere Harika Lig\u2019in gediklisi kul\u00fcp haline getirmek&#8221; dedi.<\/p>\n","protected":false},"author":1,"featured_media":69706,"comment_status":"open","ping_status":"open","sticky":false,"template":"","format":"standard","meta":{"footnotes":""},"categories":[30],"tags":[4513,6164,5303],"class_list":["post-69705","post","type-post","status-publish","format-standard","has-post-thumbnail","hentry","category-spor","tag-genclerbirligi","tag-sene","tag-super"],"_links":{"self":[{"href":"https:\/\/ikimisli.tr\/index.php\/wp-json\/wp\/v2\/posts\/69705","targetHints":{"allow":["GET"]}}],"collection":[{"href":"https:\/\/ikimisli.tr\/index.php\/wp-json\/wp\/v2\/posts"}],"about":[{"href":"https:\/\/ikimisli.tr\/index.php\/wp-json\/wp\/v2\/types\/post"}],"author":[{"embeddable":true,"href":"https:\/\/ikimisli.tr\/index.php\/wp-json\/wp\/v2\/users\/1"}],"replies":[{"embeddable":true,"href":"https:\/\/ikimisli.tr\/index.php\/wp-json\/wp\/v2\/comments?post=69705"}],"version-history":[{"count":1,"href":"https:\/\/ikimisli.tr\/index.php\/wp-json\/wp\/v2\/posts\/69705\/revisions"}],"predecessor-version":[{"id":69707,"href":"https:\/\/ikimisli.tr\/index.php\/wp-json\/wp\/v2\/posts\/69705\/revisions\/69707"}],"wp:featuredmedia":[{"embeddable":true,"href":"https:\/\/ikimisli.tr\/index.php\/wp-json\/wp\/v2\/media\/69706"}],"wp:attachment":[{"href":"https:\/\/ikimisli.tr\/index.php\/wp-json\/wp\/v2\/media?parent=69705"}],"wp:term":[{"taxonomy":"category","embeddable":true,"href":"https:\/\/ikimisli.tr\/index.php\/wp-json\/wp\/v2\/categories?post=69705"},{"taxonomy":"post_tag","embeddable":true,"href":"https:\/\/ikimisli.tr\/index.php\/wp-json\/wp\/v2\/tags?post=69705"}],"curies":[{"name":"wp","href":"https:\/\/api.w.org\/{rel}","templated":true}]}}