{"id":69745,"date":"2025-08-18T02:20:49","date_gmt":"2025-08-18T02:20:49","guid":{"rendered":"https:\/\/ikimisli.tr\/?p=69745"},"modified":"2025-08-18T02:20:49","modified_gmt":"2025-08-18T02:20:49","slug":"israildeki-ankette-turkiye-acik-ara-birinci-oldu","status":"publish","type":"post","link":"https:\/\/ikimisli.tr\/index.php\/2025\/08\/18\/israildeki-ankette-turkiye-acik-ara-birinci-oldu\/","title":{"rendered":"\u0130srail&#8217;deki ankette T\u00fcrkiye a\u00e7\u0131k ara birinci oldu"},"content":{"rendered":"<p>\u00a0\u0130srail&#8217;in bilinen gazetelerinden Israel Hayom&#8217;un derledi\u011fi ve Haziran 2025&#8217;te yay\u0131mlanan ara\u015ft\u0131rmaya nazaran, T\u00fcrk i\u015ftirak\u00e7ilerin y\u00fczde 84&#8217;\u00fc \u0130srail&#8217;e kar\u015f\u0131 &#8220;\u00e7ok olumsuz&#8221;, y\u00fczde 10&#8217;u ise &#8220;olumsuz&#8221; g\u00f6r\u00fc\u015f bildirdi. B\u00f6ylelikle toplamda y\u00fczde 94&#8217;l\u00fck oranla T\u00fcrkiye, \u0130srail&#8217;e kar\u015f\u0131 en sert tavra sahip \u00fclke olarak \u00f6ne \u00e7\u0131kt\u0131.<\/p>\n<p><b>GAZZE ATAKLARI D\u00dcNYANIN BAKI\u015eINI DE\u011e\u0130\u015eT\u0130RD\u0130<\/b><\/p>\n<p>T\u00fcrkiye&#8217;nin akabinde \u0130srail&#8217;e en olumsuz yakla\u015fan \u00fclkeler ortas\u0131nda \u0130spanya ve Hollanda (y\u00fczde 57), \u0130sve\u00e7 (y\u00fczde 56), Fransa (y\u00fczde 55) ve Yunanistan (y\u00fczde 53) yer ald\u0131.<\/p>\n<p>Anket, bilhassa Gazze&#8217;ye y\u00f6nelik ak\u0131nlar\u0131n akabinde \u0130srail&#8217;e kar\u015f\u0131 olumsuz g\u00f6r\u00fc\u015flerin d\u00fcnya genelinde artt\u0131\u011f\u0131n\u0131 ortaya koydu. \u00d6rne\u011fin \u0130ngiltere&#8217;de 2013&#8217;te s\u0131rf y\u00fczde 11 olan &#8220;\u00e7ok olumsuz&#8221; g\u00f6r\u00fc\u015f oran\u0131, 2025&#8217;te y\u00fczde 44&#8217;e y\u00fckseldi. ABD&#8217;de ise 2022&#8217;ye k\u0131yasla olumsuz tav\u0131rlarda y\u00fczde 11 art\u0131\u015f g\u00f6r\u00fcld\u00fc.<\/p>\n<p><b>OLUMLU BAKAN 4 \u00dcLKE \u00d6NE \u00c7IKTI<\/b><\/p>\n<p>\u00c7al\u0131\u015fmaya nazaran y\u00fcksek gelirli \u00fclkelerde gen\u00e7ler, yeti\u015fkinlere k\u0131yasla \u0130srail&#8217;e \u00e7ok daha ele\u015ftirel yakla\u015f\u0131yor. Bu e\u011filim bilhassa Avustralya, Kanada, Fransa, Polonya, G\u00fcney Kore ve ABD&#8217;de besbelli. ABD&#8217;de gen\u00e7ler daha olumsuz bakarken, yeti\u015fkinler daha istikrarl\u0131 g\u00f6r\u00fc\u015fler lisana getiriyor.<\/p>\n<p>Ara\u015ft\u0131rmada olumlu g\u00f6r\u00fc\u015f bildiren \u00fclkeler de var. Afrika&#8217;da Nijerya ve Kenya y\u00fczde 35 oranla olumlu yakla\u015f\u0131rken, Avrupa&#8217;da Macaristan y\u00fczde 36 ile \u00f6ne \u00e7\u0131kt\u0131. Hindistan&#8217;da ise i\u015ftirak\u00e7ilerin y\u00fczde 34&#8217;\u00fc olumlu, y\u00fczde 29&#8217;u olumsuz g\u00f6r\u00fc\u015f belirtti.<\/p>\n","protected":false},"excerpt":{"rendered":"<p>ABD merkezli ara\u015ft\u0131rma \u015firketi Pew Research Center&#8217;\u0131n 23 \u00fclkede yapt\u0131\u011f\u0131 son anket, \u00fclkelere nazaran \u0130srail&#8217;e y\u00f6nelik tav\u0131rlar\u0131 ele ald\u0131.<\/p>\n","protected":false},"author":1,"featured_media":69746,"comment_status":"open","ping_status":"open","sticky":false,"template":"","format":"standard","meta":{"footnotes":""},"categories":[43],"tags":[3105,5960,1167,145],"class_list":["post-69745","post","type-post","status-publish","format-standard","has-post-thumbnail","hentry","category-dunya","tag-gorus","tag-israile","tag-olumsuz","tag-ulke"],"_links":{"self":[{"href":"https:\/\/ikimisli.tr\/index.php\/wp-json\/wp\/v2\/posts\/69745","targetHints":{"allow":["GET"]}}],"collection":[{"href":"https:\/\/ikimisli.tr\/index.php\/wp-json\/wp\/v2\/posts"}],"about":[{"href":"https:\/\/ikimisli.tr\/index.php\/wp-json\/wp\/v2\/types\/post"}],"author":[{"embeddable":true,"href":"https:\/\/ikimisli.tr\/index.php\/wp-json\/wp\/v2\/users\/1"}],"replies":[{"embeddable":true,"href":"https:\/\/ikimisli.tr\/index.php\/wp-json\/wp\/v2\/comments?post=69745"}],"version-history":[{"count":1,"href":"https:\/\/ikimisli.tr\/index.php\/wp-json\/wp\/v2\/posts\/69745\/revisions"}],"predecessor-version":[{"id":69747,"href":"https:\/\/ikimisli.tr\/index.php\/wp-json\/wp\/v2\/posts\/69745\/revisions\/69747"}],"wp:featuredmedia":[{"embeddable":true,"href":"https:\/\/ikimisli.tr\/index.php\/wp-json\/wp\/v2\/media\/69746"}],"wp:attachment":[{"href":"https:\/\/ikimisli.tr\/index.php\/wp-json\/wp\/v2\/media?parent=69745"}],"wp:term":[{"taxonomy":"category","embeddable":true,"href":"https:\/\/ikimisli.tr\/index.php\/wp-json\/wp\/v2\/categories?post=69745"},{"taxonomy":"post_tag","embeddable":true,"href":"https:\/\/ikimisli.tr\/index.php\/wp-json\/wp\/v2\/tags?post=69745"}],"curies":[{"name":"wp","href":"https:\/\/api.w.org\/{rel}","templated":true}]}}