{"id":69902,"date":"2025-08-18T10:56:48","date_gmt":"2025-08-18T10:56:48","guid":{"rendered":"https:\/\/ikimisli.tr\/?p=69902"},"modified":"2025-08-18T10:56:48","modified_gmt":"2025-08-18T10:56:48","slug":"kilosu-450-bin-lira-hasat-bitti-ekim-basladi","status":"publish","type":"post","link":"https:\/\/ikimisli.tr\/index.php\/2025\/08\/18\/kilosu-450-bin-lira-hasat-bitti-ekim-basladi\/","title":{"rendered":"Kilosu 450 bin lira: Hasat bitti, ekim ba\u015flad\u0131"},"content":{"rendered":"<p>Mor \u00e7i\u00e7ekleriyle dikkat \u00e7eken safran, yemeklerde baharat olarak kullan\u0131lmas\u0131n\u0131n yan\u0131 s\u0131ra g\u00fc\u00e7l\u00fc antioksidan \u00f6zelli\u011fiyle s\u0131hhat i\u00e7in de k\u0131ymet ta\u015f\u0131yor. Bunun yan\u0131nda kozmetik, boya ve ila\u00e7 end\u00fcstrisinde de bedellendirilen safran, y\u00fcksek ekonomik k\u0131ymetiyle \u00fcreticilerin ilgisini \u00e7ekiyor.<\/p>\n<p><b>15 DEKARLIK ALANDA D\u0130K\u0130M YAPILDI<\/b><\/p>\n<p>Safranbolu\u2019nun Gayza k\u00f6y\u00fcnde bulunan 15 dekarl\u0131k Safranova proje alan\u0131nda safran so\u011fanlar\u0131n\u0131n dikimine ba\u015fland\u0131. Y\u00fcz y\u0131llard\u0131r bu topraklarda klasik tekniklerle \u00fcretilen safran, il\u00e7enin k\u00fclt\u00fcrel kimli\u011finde de k\u0131ymetli bir yer tutuyor.<\/p>\n<p><b>\u201cGELENE\u011e\u0130M\u0130Z\u0130 YA\u015eATIYORUZ\u201d<\/b><\/p>\n<p>\u0130l\u00e7e Tar\u0131m ve Orman M\u00fcd\u00fcr\u00fc Mehmet Akg\u00fcl, safran\u0131n Safranbolu i\u00e7in sembolik bir k\u0131ymet ta\u015f\u0131d\u0131\u011f\u0131n\u0131 belirterek, \u201cSafran dikimini ba\u015flatt\u0131k. Bu bitki, il\u00e7emize ismini veren ve klasik \u00fcretimle g\u00fcn\u00fcm\u00fcze kadar korunarak gelmi\u015f \u00f6zel bir eser. Asl\u0131nda s\u0131rf safran ekmiyoruz, t\u0131pk\u0131 vakitte gelene\u011fimizi ya\u015fat\u0131yoruz. Bug\u00fcn prestijiyle ortalama 1 kilogram safran\u0131n fiyat\u0131 450 bin lira seviyesinde\u201d dedi.<\/p>\n","protected":false},"excerpt":{"rendered":"<p>UNESCO D\u00fcnya Miras Listesi\u2019nde bulunan ve Cittaslow a\u011f\u0131na kat\u0131larak \u201csakin \u015fehir\u201d unvan\u0131 alan Karab\u00fck\u2019\u00fcn Safranbolu il\u00e7esinde, il\u00e7eye ismini veren safran\u0131n ekimi ba\u015flad\u0131. \u0130l\u00e7e Tar\u0131m ve Orman M\u00fcd\u00fcr\u00fc Mehmet Akg\u00fcl, bu y\u0131l dikimi yap\u0131lan safran\u0131n kilogram sat\u0131\u015f fiyat\u0131n\u0131n yakla\u015f\u0131k 450 bin lira oldu\u011funu a\u00e7\u0131klad\u0131.<\/p>\n","protected":false},"author":1,"featured_media":69903,"comment_status":"open","ping_status":"open","sticky":false,"template":"","format":"standard","meta":{"footnotes":""},"categories":[24],"tags":[1959],"class_list":["post-69902","post","type-post","status-publish","format-standard","has-post-thumbnail","hentry","category-ekonomi","tag-safran"],"_links":{"self":[{"href":"https:\/\/ikimisli.tr\/index.php\/wp-json\/wp\/v2\/posts\/69902","targetHints":{"allow":["GET"]}}],"collection":[{"href":"https:\/\/ikimisli.tr\/index.php\/wp-json\/wp\/v2\/posts"}],"about":[{"href":"https:\/\/ikimisli.tr\/index.php\/wp-json\/wp\/v2\/types\/post"}],"author":[{"embeddable":true,"href":"https:\/\/ikimisli.tr\/index.php\/wp-json\/wp\/v2\/users\/1"}],"replies":[{"embeddable":true,"href":"https:\/\/ikimisli.tr\/index.php\/wp-json\/wp\/v2\/comments?post=69902"}],"version-history":[{"count":1,"href":"https:\/\/ikimisli.tr\/index.php\/wp-json\/wp\/v2\/posts\/69902\/revisions"}],"predecessor-version":[{"id":69904,"href":"https:\/\/ikimisli.tr\/index.php\/wp-json\/wp\/v2\/posts\/69902\/revisions\/69904"}],"wp:featuredmedia":[{"embeddable":true,"href":"https:\/\/ikimisli.tr\/index.php\/wp-json\/wp\/v2\/media\/69903"}],"wp:attachment":[{"href":"https:\/\/ikimisli.tr\/index.php\/wp-json\/wp\/v2\/media?parent=69902"}],"wp:term":[{"taxonomy":"category","embeddable":true,"href":"https:\/\/ikimisli.tr\/index.php\/wp-json\/wp\/v2\/categories?post=69902"},{"taxonomy":"post_tag","embeddable":true,"href":"https:\/\/ikimisli.tr\/index.php\/wp-json\/wp\/v2\/tags?post=69902"}],"curies":[{"name":"wp","href":"https:\/\/api.w.org\/{rel}","templated":true}]}}