{"id":70047,"date":"2025-08-18T19:20:50","date_gmt":"2025-08-18T19:20:50","guid":{"rendered":"https:\/\/ikimisli.tr\/?p=70047"},"modified":"2025-08-18T19:20:50","modified_gmt":"2025-08-18T19:20:50","slug":"yandas-medyanin-hedef-gosterdigi-fatih-kelesten-dikkat-ceken-aciklama","status":"publish","type":"post","link":"https:\/\/ikimisli.tr\/index.php\/2025\/08\/18\/yandas-medyanin-hedef-gosterdigi-fatih-kelesten-dikkat-ceken-aciklama\/","title":{"rendered":"Yanda\u015f medyan\u0131n hedef g\u00f6sterdi\u011fi Fatih Kele\u015f&#8217;ten dikkat \u00e7eken a\u00e7\u0131klama"},"content":{"rendered":"<p>CHP Genel Ba\u015fkan\u0131 \u00d6zg\u00fcr \u00d6zel&#8217;in &#8216;\u0130BB borsas\u0131&#8217; ismi alt\u0131nda a\u00e7\u0131klad\u0131\u011f\u0131 if\u015faat\u0131n akabinde \u00e7ok konu\u015fulacak bir olay daha ya\u015fand\u0131\u011f\u0131 ortaya \u00e7\u0131kt\u0131.<\/p>\n<p>\u0130BB Ba\u015fkan\u0131 ve Cumhurba\u015fkan\u0131 aday\u0131 Ekrem \u0130mamo\u011flu ile birlikte 19 Mart g\u00fcn\u00fc d\u00fczenlenen operasyonla g\u00f6zalt\u0131na al\u0131narak tutuklanan \u0130BB Spor Kul\u00fcb\u00fc Lideri Fatih Kele\u015f, bilhassa son devirde iktidara yak\u0131n medya taraf\u0131ndan ama\u00e7 tahtas\u0131na oturtulmu\u015f durumda.<\/p>\n<p>Yanda\u015f bir gazetede Kele\u015f hakk\u0131nda, su\u00e7 \u00f6rg\u00fct\u00fc lideri oldu\u011fu \u00f6ne s\u00fcr\u00fclmesine kar\u015f\u0131n faal pi\u015fmanl\u0131ktan yararlanarak tahliye edilen ve verdi\u011fi tabirlerle y\u00fczlerce ki\u015finin tutuklanmas\u0131na neden olan Aziz \u0130hsan Akta\u015f&#8217;a suikast plan\u0131 yapt\u0131\u011f\u0131 ileri s\u00fcr\u00fcld\u00fc.<\/p>\n<p>Kele\u015f, kelam konusu savlara, toplumsal medya hesab\u0131ndan yapt\u0131\u011f\u0131 uzun bir a\u00e7\u0131klamayla kar\u015f\u0131l\u0131k verdi.<\/p>\n<p>Aziz \u0130hsan Akta\u015f&#8217;\u0131n kendisiyle ilgili rastgele bir beyan\u0131 olmad\u0131\u011f\u0131n\u0131 ve kendisiyle rastgele bir ili\u015fi\u011finin olmad\u0131\u011f\u0131n\u0131 belirten Kele\u015f, arg\u00fcmanlar\u0131 sert bir lisanla yalanlad\u0131.<\/p>\n<p>\u00d6zel&#8217;in &#8220;Defalarca ailesiyle tehdit ettiler&#8221; dedi\u011fi ve o\u011flu, a\u011fabeyi ile ye\u011feni de tutuklanan Fatih Kele\u015f, payla\u015f\u0131m\u0131nda ayr\u0131yeten &#8216;itiraf\u00e7\u0131&#8217; olmas\u0131 i\u00e7in avukatlar\u0131n kendisiyle g\u00f6r\u00fc\u015ft\u00fc\u011f\u00fcn\u00fc ve bunlar\u0131 reddetti\u011fini s\u00f6yledi.<\/p>\n<p>Kele\u015f&#8217;in a\u00e7\u0131klamas\u0131 \u015f\u00f6yle:<\/p>\n<p>&#8220;Kamuoyunun bildi\u011fi \u00fczere uzun m\u00fcddettir \u0130BB evrak\u0131 kapsam\u0131nda tutuklu bulunmaktay\u0131m. Bu s\u00fcre\u00e7te \u015fahs\u0131ma y\u00f6nelik hi\u00e7bir ger\u00e7ekle ilgisi olmayan faal pi\u015fmanl\u0131k ismi alt\u0131nda iftiralar \u00fcretilmi\u015f, kamuoyu temelsiz arg\u00fcmanlarla y\u00f6nlendirilmeye \u00e7al\u0131\u015f\u0131lm\u0131\u015ft\u0131r. Son olarak 17 A\u011fustos 2025 tarihinde Sabah Gazetesi\u2019nde \u00e7\u0131kan \u201c\u0130BB \u00e7etesinin kiral\u0131k katil plan\u0131\u201d ba\u015fl\u0131kl\u0131 fantastik arg\u00fcmanlarla dolu haber, bu sistematik karalama ve kumpas s\u00fcrecinin son halkas\u0131d\u0131r.<\/p>\n<p>Haberde ismi ge\u00e7en Selahattin YILMAZ ve Aziz \u0130hsan AKTA\u015e isimlerini bas\u0131ndan \u00f6\u011frenmi\u015f bulunmaktay\u0131m. Ne ben ne de avukatlar\u0131m bu haberlerde ismi ge\u00e7en \u015fah\u0131slar\u0131 tan\u0131r\u0131z, ne de ortam\u0131zda rastgele bir has\u0131ml\u0131k kelam mevzusudur. Hakikaten aktif pi\u015fmanl\u0131k beyan\u0131 veren hi\u00e7 tan\u0131\u015fmad\u0131\u011f\u0131m Aziz \u0130hsan AKTA\u015e\u2019\u0131n, hakk\u0131mda lehte ya da aleyhte hi\u00e7bir tabiri bulunmamaktad\u0131r. Ortam\u0131zda bir has\u0131ml\u0131k de bulunmamaktad\u0131r. M\u00fcnasebetiyle kelam konusu arg\u00fcmanlar b\u00fcsb\u00fct\u00fcn hayal eseri ve temelsiz oldu\u011fu a\u00e7\u0131kt\u0131r.<\/p>\n<p>Oysa bu senaryonun bana dayat\u0131lma te\u015febb\u00fcs\u00fc, kelam konusu haberden yakla\u015f\u0131k 1 ay \u00f6ncesine dayanmaktad\u0131r. Genel Liderimizin g\u00fcndeme getirdi\u011fi para ve istenilen ifadeyi ver ve kurtul zincirinin kurban\u0131 oldum. Bu hayal eseri savlar da bu kumpas\u0131n mod\u00fcl\u00fcd\u00fcr.<\/p>\n<p>\u0130lk olarak 23 Temmuz\u2019da \u201cetkin pi\u015fmanl\u0131ktan\u201d faydalan\u0131p tahliye olan Adem Soytekin\u2019in \u201cetkin pi\u015fmanl\u0131k\u201d s\u00fcrecini y\u00fcr\u00fcten avukat\u0131 cezaevinde g\u00f6r\u00fc\u015f\u00fcme gelmi\u015f bana faal pi\u015fmanl\u0131k beyan\u0131nda bulunmam, Adem Soytekin\u2019in tabirlerini do\u011frulamam, savc\u0131l\u0131\u011f\u0131n istedi\u011fi kimi konularda beyanda bulunmam gerekti\u011fi s\u00f6ylenmi\u015ftir. Bu istikamette i\u015fbirli\u011fi yapmam halinde kurtulabilece\u011fim, ailemin tahliye olabilece\u011fi; aksi halde su\u00e7lamalar\u0131n daha da a\u011f\u0131rla\u015ft\u0131r\u0131laca\u011f\u0131 a\u00e7\u0131k\u00e7a tabir edilmi\u015ftir.<\/p>\n<p>Ben bu teklifleri kesin bir lisanla reddettim. Zira hayat\u0131m boyunca i\u015flemedi\u011fim bir c\u00fcrm\u00fc kabul etmedim, etmeyece\u011fim. Kimseye iftira atmad\u0131m atmayaca\u011f\u0131m. <\/p>\n<p>Daha sonra 5 A\u011fustos tarihinde birebir avukat ve Adem Soytekin\u2019in ba\u015fka avukat\u0131 gece vakti tekrar g\u00f6r\u00fc\u015fmeye gelmi\u015f g\u00f6r\u00fc\u015fmede haberde yer alan \u201cistihbarat taraf\u0131ndan b\u00e2t\u0131n y\u00fcr\u00fct\u00fcld\u00fc\u011f\u00fc\u201d sav edilen bu hayali senaryolardan bahsetmi\u015ftir. Ben de sa\u00e7ma sapan savlar\u0131 dinleyemeyece\u011fimi s\u00f6yleyerek g\u00f6r\u00fc\u015fmeyi sonland\u0131rd\u0131m ve bir sonraki g\u00fcn bu durumu avukat\u0131ma mektupla bildirdim. Yani ya\u015fad\u0131klar\u0131m kan\u0131tlarla sabittir. Farkl\u0131 olan ise bu hayali tezlerin, k\u0131sa bir m\u00fcddet sonra gazete man\u015fetlerinde yer bulmu\u015f olmas\u0131d\u0131r. Bu durum, \u015fahs\u0131ma y\u00f6nelik bir kumpas\u0131n\u0131n varl\u0131\u011f\u0131n\u0131 a\u00e7\u0131k\u00e7a ortaya koymaktad\u0131r.<\/p>\n<p>Tutuklulu\u011fumun ba\u015f\u0131ndan itibaren \u00fczerimde a\u011f\u0131r bir bask\u0131 kurulmu\u015ftur. Evvel malvarl\u0131\u011f\u0131ma ve k\u0131rk y\u0131ll\u0131k \u015firketime el konulmu\u015f, temelsiz savlarla a\u011fabeyim tutuklanm\u0131\u015f, medyada tekraren \u201citiraf\u00e7\u0131 oldu\u201d halinde ger\u00e7e\u011fe kar\u015f\u0131t haberler yay\u0131mlanm\u0131\u015f, akabinde saf o\u011flum ve pak ye\u011fenim tutuklanm\u0131\u015ft\u0131r. Art\u0131k ise hayali senaryolarla yap\u0131lan bask\u0131lar bas\u0131n \u00fczerinden servis edilmektedir. Bug\u00fcn avukat\u0131m t\u00fcm olanlarla ilgili hem bu palavra haberi yapanlar hem de bu kumpas\u0131 kuranlar hakk\u0131nda kabahat duyurusunda bulunmu\u015ftur.<\/p>\n<p>Benim tek iste\u011fim, su\u00e7suz o\u011flumun, ye\u011fenimin ve a\u011fabeyimin h\u00fcr b\u0131rak\u0131lmas\u0131, ba\u011f\u0131ms\u0131z ve tarafs\u0131z bir yarg\u0131laman\u0131n ger\u00e7ekle\u015fmesi ve adaletin tecelli etmesidir. Kamuoyunun da bu kumpaslara ve sistematik itibars\u0131zla\u015ft\u0131rma gayretlerine kar\u015f\u0131 hassas olmas\u0131n\u0131 k\u0131ymetle rica ediyorum.&#8221;<\/p>\n","protected":false},"excerpt":{"rendered":"<p>CHP lideri \u00d6zg\u00fcr \u00d6zel&#8217;in &#8220;Defalarca ailesiyle tehdit ettiler&#8221; dedi\u011fi ve yanda\u015f medyan\u0131n ama\u00e7 g\u00f6sterdi\u011fi \u0130BB Spor Kul\u00fcb\u00fc Lideri Fatih Kele\u015f&#8217;ten a\u00e7\u0131klama geldi. Kendisi hakk\u0131nda \u00e7\u0131kan haberler hakk\u0131nda c\u00fcr\u00fcm duyurusunda bulundu\u011funu belirten Kele\u015f, kimi avukatlar\u0131n &#8216;itiraf\u00e7\u0131l\u0131k&#8217; teklifi yapt\u0131klar\u0131n\u0131 ileri s\u00fcrd\u00fc.<\/p>\n","protected":false},"author":1,"featured_media":70048,"comment_status":"open","ping_status":"open","sticky":false,"template":"","format":"standard","meta":{"footnotes":""},"categories":[25],"tags":[793,6582,1735,8475,193],"class_list":["post-70047","post","type-post","status-publish","format-standard","has-post-thumbnail","hentry","category-gundem","tag-avukat","tag-etkin-pismanlik","tag-iddialar","tag-keles","tag-sure"],"_links":{"self":[{"href":"https:\/\/ikimisli.tr\/index.php\/wp-json\/wp\/v2\/posts\/70047","targetHints":{"allow":["GET"]}}],"collection":[{"href":"https:\/\/ikimisli.tr\/index.php\/wp-json\/wp\/v2\/posts"}],"about":[{"href":"https:\/\/ikimisli.tr\/index.php\/wp-json\/wp\/v2\/types\/post"}],"author":[{"embeddable":true,"href":"https:\/\/ikimisli.tr\/index.php\/wp-json\/wp\/v2\/users\/1"}],"replies":[{"embeddable":true,"href":"https:\/\/ikimisli.tr\/index.php\/wp-json\/wp\/v2\/comments?post=70047"}],"version-history":[{"count":1,"href":"https:\/\/ikimisli.tr\/index.php\/wp-json\/wp\/v2\/posts\/70047\/revisions"}],"predecessor-version":[{"id":70049,"href":"https:\/\/ikimisli.tr\/index.php\/wp-json\/wp\/v2\/posts\/70047\/revisions\/70049"}],"wp:featuredmedia":[{"embeddable":true,"href":"https:\/\/ikimisli.tr\/index.php\/wp-json\/wp\/v2\/media\/70048"}],"wp:attachment":[{"href":"https:\/\/ikimisli.tr\/index.php\/wp-json\/wp\/v2\/media?parent=70047"}],"wp:term":[{"taxonomy":"category","embeddable":true,"href":"https:\/\/ikimisli.tr\/index.php\/wp-json\/wp\/v2\/categories?post=70047"},{"taxonomy":"post_tag","embeddable":true,"href":"https:\/\/ikimisli.tr\/index.php\/wp-json\/wp\/v2\/tags?post=70047"}],"curies":[{"name":"wp","href":"https:\/\/api.w.org\/{rel}","templated":true}]}}