{"id":70082,"date":"2025-08-18T21:08:51","date_gmt":"2025-08-18T21:08:51","guid":{"rendered":"https:\/\/ikimisli.tr\/?p=70082"},"modified":"2025-08-18T21:08:51","modified_gmt":"2025-08-18T21:08:51","slug":"yeni-katliam-planini-onayladilar","status":"publish","type":"post","link":"https:\/\/ikimisli.tr\/index.php\/2025\/08\/18\/yeni-katliam-planini-onayladilar\/","title":{"rendered":"Yeni katliam plan\u0131n\u0131 onaylad\u0131lar"},"content":{"rendered":"<p>\u0130srail devlet televizyonu KAN&#8217;\u0131n haberinde, Zamir&#8217;in ordu yetkilileriyle ger\u00e7ekle\u015ftirdi\u011fi ve \u0130srail ordusunun esir ve kay\u0131plardan sorumlu kumandan\u0131 Nitzan Alon&#8217;un da kat\u0131ld\u0131\u011f\u0131 toplant\u0131da Gazze&#8217;yi i\u015fgal etme plan\u0131n\u0131 onaylad\u0131\u011f\u0131 ifade edildi.<\/p>\n<p>Savunma Bakan\u0131 Yisrael Katz&#8217;\u0131n plan\u0131 19 A\u011fustos&#8217;ta onaylayaca\u011f\u0131, \u0130srail g\u00fcvenlik kabinesinin de bu maksatla hafta sonu toplanaca\u011f\u0131 bilgisi verildi.<\/p>\n<p><b>PLAN ABD&#8217;YE DE SUNULACAK<\/b><\/p>\n<p>Gazze&#8217;deki Filistinlilerin tahliye plan\u0131n\u0131n, talep \u00fczerine ABD&#8217;ye de sunulaca\u011f\u0131 aktar\u0131ld\u0131.<\/p>\n<p>Plan do\u011frultusunda, &#8220;en az 2 hafta i\u00e7inde Filistinlilerin kenti bo\u015faltaca\u011f\u0131 ve akabinde askeri bir operasyonla kente kademeli olarak girilece\u011fi&#8221; kaydedildi.<\/p>\n<p>\u0130srail Kanal 12 televizyonu ise \u0130srail Genelkurmay Lideri&#8217;nin Gazze kentini i\u015fgal plan\u0131n\u0131 onaylad\u0131\u011f\u0131n\u0131 ve plan\u0131n hafta sonundan evvel h\u00fck\u00fcmet taraf\u0131ndan da onaylanaca\u011f\u0131n\u0131 belirtti.<\/p>\n<p>\u0130srail ordu radyosu, Genelkurmay Ba\u015fkan\u0131 Zamir&#8217;in, Gazze kentinin i\u015fgal plan\u0131n\u0131 onaylamak \u00fczere bug\u00fcn G\u00fcney B\u00f6lgesi Komutanl\u0131\u011f\u0131 ile bir ortaya gelece\u011fini duyurmu\u015ftu.<\/p>\n<p><img decoding=\"async\" src=\"https:\/\/ikimisli.tr\/wp-content\/uploads\/2025\/08\/yeni-katliam-planini-onayladilar-0-JkejU9D8.jpg\"\/><\/p>\n<p><b>\u0130\u015eGAL KARARI ALINMI\u015eTI<\/b><\/p>\n<p>\u0130srail G\u00fcvenlik Kabinesi, 8 A\u011fustos&#8217;ta b\u00f6lgenin kuzeyindeki Gazze kentinin i\u015fgal edilmesine y\u00f6nelik plana onay vermi\u015fti.<\/p>\n<p>Ba\u015fbakan Binyamin Netanyahu, kabine toplant\u0131s\u0131 \u00f6ncesi verdi\u011fi bir r\u00f6portajda, Gazze \u015eeridi&#8217;nin tamam\u0131n\u0131 i\u015fgal etmeyi hedeflediklerini s\u00f6ylemi\u015fti.<\/p>\n<p>\u0130srail Kamu Yay\u0131n Kurumu KAN da ordunun Gazze kentini i\u015fgal etmeyi hedefleyen askeri operasyonu h\u0131zland\u0131rmaya haz\u0131rland\u0131\u011f\u0131n\u0131 bildirmi\u015fti.<\/p>\n<p>\u0130srail bas\u0131nda yer alan haberlerde de ordunun Gazze&#8217;nin geri kalan\u0131n\u0131 i\u015fgal etme buyru\u011fu ald\u0131\u011f\u0131, fakat bu ad\u0131m\u0131n eyl\u00fcl ay\u0131ndan evvel hayata ge\u00e7irilmesinin beklenmedi\u011fi aktar\u0131lm\u0131\u015ft\u0131.<\/p>\n<p>Plana nazaran birinci basamakta Gazze kenti i\u015fgal edilecek, yakla\u015f\u0131k bir milyon Filistinli g\u00fcneye kayd\u0131r\u0131lacak, kent ku\u015fat\u0131lacak ve a\u011f\u0131r taarruzlar d\u00fczenlenecek.<\/p>\n<p>\u0130kinci etapta ise b\u00fcy\u00fck \u00f6l\u00e7\u00fcde harabeye d\u00f6nm\u00fc\u015f olan Gazze&#8217;nin merkezindeki m\u00fclteci kamplar\u0131n\u0131n i\u015fgali \u00f6ng\u00f6r\u00fcl\u00fcyor.<\/p>\n<p>\u0130srail, 1967&#8217;den 2005&#8217;e kadar 38 y\u0131l boyunca Gazze \u015eeridi&#8217;ni i\u015fgal alt\u0131nda tutmu\u015ftu. Bug\u00fcn yakla\u015f\u0131k 2,4 milyon Filistinlinin ya\u015fad\u0131\u011f\u0131 Gazze \u015eeridi 18 y\u0131ld\u0131r a\u011f\u0131r bir abluka alt\u0131nda bulunuyor.<\/p>\n","protected":false},"excerpt":{"rendered":"<p>Gazze&#8217;de yeni katliama yol a\u00e7\u0131ld\u0131. \u0130srail Genelkurmay Ba\u015fkan\u0131 Eyal Zamir&#8217;in, Gazze kentini i\u015fgal plan\u0131n\u0131 onaylad\u0131\u011f\u0131 belirtildi.<\/p>\n","protected":false},"author":1,"featured_media":70083,"comment_status":"open","ping_status":"open","sticky":false,"template":"","format":"standard","meta":{"footnotes":""},"categories":[43],"tags":[83,2009,80,2496,3892],"class_list":["post-70082","post","type-post","status-publish","format-standard","has-post-thumbnail","hentry","category-dunya","tag-gazze","tag-isgal","tag-israil","tag-onay","tag-plani"],"_links":{"self":[{"href":"https:\/\/ikimisli.tr\/index.php\/wp-json\/wp\/v2\/posts\/70082","targetHints":{"allow":["GET"]}}],"collection":[{"href":"https:\/\/ikimisli.tr\/index.php\/wp-json\/wp\/v2\/posts"}],"about":[{"href":"https:\/\/ikimisli.tr\/index.php\/wp-json\/wp\/v2\/types\/post"}],"author":[{"embeddable":true,"href":"https:\/\/ikimisli.tr\/index.php\/wp-json\/wp\/v2\/users\/1"}],"replies":[{"embeddable":true,"href":"https:\/\/ikimisli.tr\/index.php\/wp-json\/wp\/v2\/comments?post=70082"}],"version-history":[{"count":1,"href":"https:\/\/ikimisli.tr\/index.php\/wp-json\/wp\/v2\/posts\/70082\/revisions"}],"predecessor-version":[{"id":70085,"href":"https:\/\/ikimisli.tr\/index.php\/wp-json\/wp\/v2\/posts\/70082\/revisions\/70085"}],"wp:featuredmedia":[{"embeddable":true,"href":"https:\/\/ikimisli.tr\/index.php\/wp-json\/wp\/v2\/media\/70083"}],"wp:attachment":[{"href":"https:\/\/ikimisli.tr\/index.php\/wp-json\/wp\/v2\/media?parent=70082"}],"wp:term":[{"taxonomy":"category","embeddable":true,"href":"https:\/\/ikimisli.tr\/index.php\/wp-json\/wp\/v2\/categories?post=70082"},{"taxonomy":"post_tag","embeddable":true,"href":"https:\/\/ikimisli.tr\/index.php\/wp-json\/wp\/v2\/tags?post=70082"}],"curies":[{"name":"wp","href":"https:\/\/api.w.org\/{rel}","templated":true}]}}