{"id":70467,"date":"2025-08-19T18:44:47","date_gmt":"2025-08-19T18:44:47","guid":{"rendered":"https:\/\/ikimisli.tr\/?p=70467"},"modified":"2025-08-19T18:44:47","modified_gmt":"2025-08-19T18:44:47","slug":"dilan-polat-kara-kutusu-sule-ile-kavga-etti","status":"publish","type":"post","link":"https:\/\/ikimisli.tr\/index.php\/2025\/08\/19\/dilan-polat-kara-kutusu-sule-ile-kavga-etti\/","title":{"rendered":"Dilan Polat kara kutusu \u015eule ile kavga etti"},"content":{"rendered":"<p>Dilan Polat ve Engin Polat, kara para aklama ve vergi ka\u00e7\u0131rma su\u00e7lamalar\u0131ndan cezaevine girene kadar Polat ailesi ile ya\u015fayan yard\u0131mc\u0131 \u015eule her hareketiyle g\u00fcndemde s\u0131k\u00e7a yer al\u0131yordu. Dilan Polat&#8217;\u0131n \u00e7abucak her payla\u015f\u0131m\u0131nda \u015eule de vard\u0131. Polat&#8217;\u0131n sa\u011f kolu olarak bilindi\u011fi i\u00e7in de &#8216;kara kutu&#8217; lakab\u0131n\u0131 alm\u0131\u015ft\u0131. Dilan ve Engin Polat \u00e7iftinin \u00e7ocuklar\u0131 Milan Efe ve Nilda&#8217;yla da daima payla\u015f\u0131m yap\u0131yordu.<\/p>\n<p><img decoding=\"async\" src=\"https:\/\/ikimisli.tr\/wp-content\/uploads\/2025\/08\/dilan-polat-kara-kutusu-sule-ile-kavga-etti-0-I2CHiWtP.jpeg\"\/><\/p>\n<p>Polat&#8217;lar\u0131n cezaevine girmesinin akabinde \u015eule ikamet m\u00fcsaadesinin bitti\u011fi ortaya \u00e7\u0131k\u0131nca \u00fclkeden hudut d\u0131\u015f\u0131 edilmi\u015f ve memleketi \u00d6zbekistan&#8217;a g\u00f6nderilmi\u015fti. \u00dclkesinde de toplumsal medyay\u0131 faal kullanmaya devam etmi\u015fti hatta \u00d6zbekistan&#8217;da gece kul\u00fcb\u00fc a\u00e7t\u0131\u011f\u0131 arg\u00fcman edilmi\u015fti.<\/p>\n<p>Tahliye edildikten sonra payla\u015f\u0131mlar\u0131na s\u00fcrat kesmeden devam eden Dilan Polat da hudut d\u0131\u015f\u0131 edilen yard\u0131mc\u0131s\u0131 \u015eule&#8217;yi geri getirebilmek i\u00e7in elinden geleni yapt\u0131\u011f\u0131n\u0131 s\u00f6ylemi\u015f, daha sonra \u015eule&#8217;nin d\u00f6nmesiyle memnunluktan havaya u\u00e7mu\u015ftu.<\/p>\n<p>\u015eule ile Dilan Polat evvelki g\u00fcn birbirine girdi. Dilan Polat yard\u0131mc\u0131s\u0131n\u0131n bildirilerini Instagram&#8217;da payla\u015farak &#8220;Sen benim i\u015fverenim de\u011filsin&#8221; dedi. Surat\u0131n\u0131 alamayan Polat ba\u011f\u0131ra \u00e7a\u011f\u0131ra a\u011fz\u0131na geleni s\u00f6yledi.<\/p>\n<p><img decoding=\"async\" src=\"https:\/\/ikimisli.tr\/wp-content\/uploads\/2025\/08\/dilan-polat-kara-kutusu-sule-ile-kavga-etti-1-ODqC4XlC.jpeg\"\/><\/p>\n<p>Fenomen &#8220;Bu kadar hadsizlik o kadar fazla ki, ger\u00e7ekten \u00e7al\u0131\u015fmak istemiyor, gelmek istemiyor zoraki geliyor lakin ger\u00e7ekten pardon derler adama yani. Sen zati \u00e7oktan kafana Dubai&#8217;ye gitmeyi g\u00f6ze alm\u0131\u015ft\u0131n, sen zati giderken bunu planlam\u0131\u015ft\u0131n! Haydi ya haydi&#8230; Bu alenen beni tehdit ediyor. Senin kar\u015f\u0131nda kim var ya sen beni elinde oynat\u0131yorsun&#8221; dedi.<\/p>\n<p>Dilan Polat &#8220;Sen benim konutuma gelen birine kar\u0131\u015famazs\u0131n. G.t\u00fcm\u00fc y\u0131rtt\u0131m ortadan ikiye \u00e7al\u0131\u015fma m\u00fcsaadesi alaca\u011f\u0131m diye, ni\u00e7in y\u0131rtt\u0131m kendimi. Yaz\u0131k yaz\u0131k&#8221; diyerek sonland\u0131.<\/p>\n","protected":false},"excerpt":{"rendered":"<p>Fenomen Dilan Polat, &#8216;kara kutusu&#8217; \u015eule ile hengame etti. Polat, toplumsal medyada iletileri payla\u015f\u0131p eli aya\u011f\u0131 yard\u0131mc\u0131s\u0131na a\u011fz\u0131na geleni s\u00f6yledi.<\/p>\n","protected":false},"author":1,"featured_media":70468,"comment_status":"open","ping_status":"open","sticky":false,"template":"","format":"standard","meta":{"footnotes":""},"categories":[27],"tags":[8499,1596,601,8498],"class_list":["post-70467","post","type-post","status-publish","format-standard","has-post-thumbnail","hentry","category-magazin","tag-dilan-polat","tag-polat","tag-sen","tag-sule"],"_links":{"self":[{"href":"https:\/\/ikimisli.tr\/index.php\/wp-json\/wp\/v2\/posts\/70467","targetHints":{"allow":["GET"]}}],"collection":[{"href":"https:\/\/ikimisli.tr\/index.php\/wp-json\/wp\/v2\/posts"}],"about":[{"href":"https:\/\/ikimisli.tr\/index.php\/wp-json\/wp\/v2\/types\/post"}],"author":[{"embeddable":true,"href":"https:\/\/ikimisli.tr\/index.php\/wp-json\/wp\/v2\/users\/1"}],"replies":[{"embeddable":true,"href":"https:\/\/ikimisli.tr\/index.php\/wp-json\/wp\/v2\/comments?post=70467"}],"version-history":[{"count":1,"href":"https:\/\/ikimisli.tr\/index.php\/wp-json\/wp\/v2\/posts\/70467\/revisions"}],"predecessor-version":[{"id":70471,"href":"https:\/\/ikimisli.tr\/index.php\/wp-json\/wp\/v2\/posts\/70467\/revisions\/70471"}],"wp:featuredmedia":[{"embeddable":true,"href":"https:\/\/ikimisli.tr\/index.php\/wp-json\/wp\/v2\/media\/70468"}],"wp:attachment":[{"href":"https:\/\/ikimisli.tr\/index.php\/wp-json\/wp\/v2\/media?parent=70467"}],"wp:term":[{"taxonomy":"category","embeddable":true,"href":"https:\/\/ikimisli.tr\/index.php\/wp-json\/wp\/v2\/categories?post=70467"},{"taxonomy":"post_tag","embeddable":true,"href":"https:\/\/ikimisli.tr\/index.php\/wp-json\/wp\/v2\/tags?post=70467"}],"curies":[{"name":"wp","href":"https:\/\/api.w.org\/{rel}","templated":true}]}}