{"id":70485,"date":"2025-08-19T19:44:44","date_gmt":"2025-08-19T19:44:44","guid":{"rendered":"https:\/\/ikimisli.tr\/?p=70485"},"modified":"2025-08-19T19:44:44","modified_gmt":"2025-08-19T19:44:44","slug":"ekonomik-cokus-ahlaki-da-cokertti","status":"publish","type":"post","link":"https:\/\/ikimisli.tr\/index.php\/2025\/08\/19\/ekonomik-cokus-ahlaki-da-cokertti\/","title":{"rendered":"Ekonomik \u00e7\u00f6k\u00fc\u015f ahlak\u0131 da \u00e7\u00f6kertti"},"content":{"rendered":"<p><strong>Ali Can POLAT<\/strong><\/p>\n<p>Ekonomik \u00e7\u00f6k\u00fc\u015f\u00fcn ahlaki erozyonu tart\u0131\u015fmalara bahis olurken resmi bilgilerde de kendini g\u00f6stermeye ba\u015flad\u0131. Mali Su\u00e7lar\u0131 Ara\u015ft\u0131rma Kurulu (MASAK) eski Lider Yard\u0131mc\u0131s\u0131 Ramazan Ba\u015fak, MASAK\u2019\u0131n 4 y\u0131ll\u0131k faliyet raporlar\u0131n\u0131 inceleyerek doland\u0131r\u0131c\u0131l\u0131k bildirimlerini derledi. Buna nazaran toplam bildirimler i\u00e7indeki doland\u0131r\u0131c\u0131l\u0131k bildirimleri oran\u0131 2021\u2019de y\u00fczde 4.6 iken 2024\u2019te y\u00fczde 20\u2019ye \u00e7\u0131kt\u0131.<\/p>\n<p><strong>D\u0130N\u0130 KILIF KURTARIYOR<\/strong><\/p>\n<p>Vergi ka\u00e7ak\u00e7\u0131l\u0131\u011f\u0131 bildirimlerinin oran\u0131 ise y\u00fczde 14.81\u2019den y\u00fczde 25\u2019e y\u00fckseldi. Bu datalar\u0131 2001 krizi ile k\u0131yaslayan Ba\u015fak, \u201cO devir daha \u00e7ok bankalarda b\u00fcy\u00fck montanl\u0131 fakat az say\u0131l\u0131 doland\u0131r\u0131c\u0131l\u0131klar vard\u0131. Art\u0131k bu doland\u0131r\u0131c\u0131l\u0131klar toplumun geneline yay\u0131ld\u0131. Bu s\u00fcre\u00e7lerin birden fazla da dini ve ulusal pahalar kullan\u0131larak yap\u0131l\u0131yor. Diploma \u00e7etesi tutuklan\u0131rken bile \u2018Ben T\u00fcrk milliyet\u00e7isiyim\u2019 diyor ve bozkurt i\u015fareti yap\u0131yor \u2018ne alaka?\u2019 diyeceksiniz. Bu k\u0131l\u0131fla cezalardan kurtuluyorlar. Bu da doland\u0131r\u0131c\u0131l\u0131\u011f\u0131 daha da te\u015fvik ediyor. Cezalar esasen yetersiz bir de bu k\u0131l\u0131flarla i\u015flenen c\u00fcr\u00fcmlerde o yetersiz cezalar bile al\u0131nm\u0131yor\u201d s\u00f6zlerini kulland\u0131. <\/p>\n<p><b><span>E-para kurulu\u015flar\u0131na dikkat<\/span><\/b><\/p>\n<p>2021\u2019de 600 binden fazla ku\u015fkulu s\u00fcre\u00e7 bildiriminin 284 bininin elektronik para kurulu\u015flar\u0131ndan yap\u0131ld\u0131\u011f\u0131n\u0131 s\u00f6yleyen Ramazan Ba\u015fak, \u201c2021\u2019de bankac\u0131l\u0131k b\u00f6l\u00fcm\u00fc 226 bin civar\u0131 s\u00fcre\u00e7 bildirimi yaparken, bu kurulu\u015flar 284 bin bildirim yapm\u0131\u015flar. Burada \u00e7ok \u00f6nemli bir sorun var. Merkez Bankas\u0131 bu kesimi g\u00fczel g\u00f6zetlemiyor, kesim de bu t\u00fcrl\u00fc d\u00fc\u015f\u00fcn\u00fcyor\u201d dedi.<\/p>\n<p><b><span>Emniyet datalar\u0131 daha fazla<\/span><\/b><\/p>\n<p>MASAK eski Lider Yard\u0131mc\u0131s\u0131 Ramazan Ba\u015fak ayr\u0131yeten bu bildirim say\u0131lar\u0131n\u0131n sadece MASAK\u2019a bildirilen b\u00fcy\u00fck doland\u0131r\u0131c\u0131lar oldu\u011funu, bunlar\u0131n yan\u0131 s\u0131ra Emniyet Genel M\u00fcd\u00fcrl\u00fc\u011f\u00fc\u2019ne iletilen doland\u0131r\u0131c\u0131l\u0131k olaylar\u0131n\u0131 da ekleyince \u00e7ok b\u00fcy\u00fck bir doland\u0131r\u0131c\u0131lar toplumu olu\u015ftu\u011funu s\u00f6yledi.<\/p>\n","protected":false},"excerpt":{"rendered":"<p>Yoksulluk, yolsuzluk ve yasaklarla (3Y) gayret edece\u011fini belirterek iktidara gelen AKP, \u00fclkeyi teslim ald\u0131\u011f\u0131 b\u00fcy\u00fck 2001 krizinden daha derin bir krize soktu. Bu kriz, milyonlarca fakir vatanda\u015f\u0131n yan\u0131nda b\u00fcy\u00fck bir doland\u0131r\u0131c\u0131, vergi ka\u00e7ak\u00e7\u0131s\u0131 ve c\u00fcr\u00fcm \u00f6rg\u00fct\u00fc \u00e7etesi do\u011furdu.<\/p>\n","protected":false},"author":1,"featured_media":70486,"comment_status":"open","ping_status":"open","sticky":false,"template":"","format":"standard","meta":{"footnotes":""},"categories":[24],"tags":[4391,580],"class_list":["post-70485","post","type-post","status-publish","format-standard","has-post-thumbnail","hentry","category-ekonomi","tag-bildirim","tag-dolandiricilik"],"_links":{"self":[{"href":"https:\/\/ikimisli.tr\/index.php\/wp-json\/wp\/v2\/posts\/70485","targetHints":{"allow":["GET"]}}],"collection":[{"href":"https:\/\/ikimisli.tr\/index.php\/wp-json\/wp\/v2\/posts"}],"about":[{"href":"https:\/\/ikimisli.tr\/index.php\/wp-json\/wp\/v2\/types\/post"}],"author":[{"embeddable":true,"href":"https:\/\/ikimisli.tr\/index.php\/wp-json\/wp\/v2\/users\/1"}],"replies":[{"embeddable":true,"href":"https:\/\/ikimisli.tr\/index.php\/wp-json\/wp\/v2\/comments?post=70485"}],"version-history":[{"count":1,"href":"https:\/\/ikimisli.tr\/index.php\/wp-json\/wp\/v2\/posts\/70485\/revisions"}],"predecessor-version":[{"id":70487,"href":"https:\/\/ikimisli.tr\/index.php\/wp-json\/wp\/v2\/posts\/70485\/revisions\/70487"}],"wp:featuredmedia":[{"embeddable":true,"href":"https:\/\/ikimisli.tr\/index.php\/wp-json\/wp\/v2\/media\/70486"}],"wp:attachment":[{"href":"https:\/\/ikimisli.tr\/index.php\/wp-json\/wp\/v2\/media?parent=70485"}],"wp:term":[{"taxonomy":"category","embeddable":true,"href":"https:\/\/ikimisli.tr\/index.php\/wp-json\/wp\/v2\/categories?post=70485"},{"taxonomy":"post_tag","embeddable":true,"href":"https:\/\/ikimisli.tr\/index.php\/wp-json\/wp\/v2\/tags?post=70485"}],"curies":[{"name":"wp","href":"https:\/\/api.w.org\/{rel}","templated":true}]}}