{"id":70615,"date":"2025-08-20T02:56:46","date_gmt":"2025-08-20T02:56:46","guid":{"rendered":"https:\/\/ikimisli.tr\/?p=70615"},"modified":"2025-08-20T02:56:46","modified_gmt":"2025-08-20T02:56:46","slug":"sandikta-tesadufen-buldugu-belgeyle-300-milyon-lira-kazandi","status":"publish","type":"post","link":"https:\/\/ikimisli.tr\/index.php\/2025\/08\/20\/sandikta-tesadufen-buldugu-belgeyle-300-milyon-lira-kazandi\/","title":{"rendered":"Sand\u0131kta tesad\u00fcfen buldu\u011fu belgeyle 300 milyon lira kazand\u0131"},"content":{"rendered":"<p>Osmanl\u0131 \u0130mparatorlu\u011fu devrinden g\u00fcn\u00fcm\u00fcze gelen yap\u0131lar\u0131n sahiplikleri vakit zaman tart\u0131\u015fma konusu olmu\u015ftur. T\u00fcrkiye Cumhuriyeti ile birlikte bu m\u00fclklerin sahiplik ba\u011f\u0131 de\u011fi\u015firken, kimi yap\u0131lar\u0131n ise kime ili\u015fkin oldu\u011fu tespit edilemedi\u011finden y\u0131llarca s\u00fcren bir belirsizlik s\u00fcreci ya\u015fand\u0131.<\/p>\n<p><strong>TESAD\u00dcFEN BULUNAN TAPU G\u0130ZL\u0130 KALAN GER\u00c7E\u011e\u0130 ORTAYA \u00c7IKARDI<\/strong><\/p>\n<p>64 y\u0131l evvel bir miras\u00e7\u0131n\u0131n annesinin vefat\u0131 sonras\u0131nda eski evraklar\u0131 incelemesi s\u0131ras\u0131nda bir sand\u0131k i\u00e7inden Osmanl\u0131 periyoduna ili\u015fkin evraklar ve evraklar \u00e7\u0131kt\u0131. Osmanl\u0131 ar\u015fiv ara\u015ft\u0131rma grubu taraf\u0131ndan incelenen ilgili evraklar\u0131n \u00c7ardakl\u0131 Hamam\u0131\u2019n\u0131n tapusu oldu\u011fu tespit edildi. Lakin tapu Osmanl\u0131 periyoduna ili\u015fkin oldu\u011fundan, \u00fczerinde rastgele bir kimlik numaras\u0131 ya da soyad yer almad\u0131. Bu nedenle y\u0131llarca s\u00fcren mahkeme s\u00fcrecinde tapu sahibi H\u00fcseyin A\u011fa&#8217;n\u0131n soy a\u011fac\u0131 kademe a\u015fama incelenerek ortaya \u00e7\u0131kar\u0131ld\u0131.<\/p>\n<p><img decoding=\"async\" src=\"https:\/\/ikimisli.tr\/wp-content\/uploads\/2025\/08\/sandikta-tesadufen-buldugu-belgeyle-300-milyon-lira-kazandi-0-626YuABK.webp\"\/><\/p>\n<p>A\u00e7\u0131lan davalar, 2021 ve 2022 y\u0131llar\u0131nda sona ererken, en son miras\u00e7\u0131l\u0131k davas\u0131 da hissedarlardan Fatma Tevhide Meral \u00dcst\u00fcn, Ay\u015fe Zeyda \u00dcst\u00fcn, Sevil Tansal ve Emine Banu G\u00f6ker ismine Isparta 2&#8217;nci Sulh Hukuk Mahkemesi&#8217;nce 4 \u015eubat 2022&#8217;de karara ba\u011fland\u0131.<\/p>\n<p><strong>7.5 M\u0130LYON DOLAR PAHASINDAK\u0130 TAPULAR TESC\u0130L ED\u0130LD\u0130<\/strong><\/p>\n<p>Bu kararlar\u0131n akabinde t\u00fcm miras\u00e7\u0131lar ismine yap\u0131lan m\u00fcracaat \u00fczerine Fatih Tapu M\u00fcd\u00fcrl\u00fc\u011f\u00fc&#8217;nce n\u00fcfus kay\u0131t g\u00fcncellemeleri ve ilgili \u00f6teki t\u00fcm s\u00fcre\u00e7ler tamamlan\u0131p, 24 Mart 2023 tarihi prestijiyle 2 alanla ilgili tapular tescil ve teslim edildi.<\/p>\n<p><img decoding=\"async\" src=\"https:\/\/ikimisli.tr\/wp-content\/uploads\/2025\/08\/sandikta-tesadufen-buldugu-belgeyle-300-milyon-lira-kazandi-1-7pVD68sM.webp\"\/><\/p>\n<p>Avukat G\u00fclen Dokuzo\u011flu Can, H\u00fcseyin A\u011fa&#8217;n\u0131n soyundan gelen 16 miras\u00e7\u0131s\u0131 ismine 1960 y\u0131l\u0131nda sand\u0131kta tesad\u00fcf yap\u0131t\u0131 bulunan Osmanl\u0131ca tapu evraklar\u0131n\u0131n \u00fczerine ba\u015flat\u0131lan ve uzun y\u0131llar sonu\u00e7 al\u0131namayan miras davas\u0131nda, Isparta Sulh Hukuk Mahkemesi&#8217;nde a\u00e7t\u0131klar\u0131 davalar\u0131 kazand\u0131klar\u0131n\u0131 s\u00f6yledi.<\/p>\n<p>En son ge\u00e7en y\u0131l \u015fubat ay\u0131nda sonu\u00e7lanan davan\u0131n akabinde 16 hissedar ismine Fatih Tapu M\u00fcd\u00fcrl\u00fc\u011f\u00fc&#8217;ne m\u00fcracaat yap\u0131ld\u0131\u011f\u0131n\u0131 belirten Dokuzo\u011flu Can, isim d\u00fczenlemeleri ve g\u00fcncellemeler \u00fczere s\u00fcre\u00e7lerin tamamlanarak, hissedarlar ismine tapular\u0131n\u0131n tescil edildi\u011fini kaydetti.<\/p>\n","protected":false},"excerpt":{"rendered":"<p>65 y\u0131l evvel bir sand\u0131k i\u00e7erisinde bulunan ve Osmanl\u0131 periyoduna ili\u015fkin oldu\u011fu belirlenen tapular\u0131n gizemi \u00e7\u00f6z\u00fcld\u00fc. Tarihi \u00c7ardakl\u0131 Hamam\u0131 ve etraf\u0131nda bulunan konak yerini kapsayan tapular\u0131n y\u0131llar s\u00fcren soyba\u011f\u0131 incelemeleri sonucunda, Osmanl\u0131 devrinde ya\u015fayan harem a\u011fas\u0131 H\u00fcseyin A\u011fa&#8217;ya ili\u015fkin oldu\u011fu belirlendi. Aile taraf\u0131ndan a\u00e7\u0131lan davada mahkeme, tapular\u0131n tescil edilmesine karar verdi.<\/p>\n","protected":false},"author":1,"featured_media":70616,"comment_status":"open","ping_status":"open","sticky":false,"template":"","format":"standard","meta":{"footnotes":""},"categories":[25],"tags":[5605,1036,4936,512],"class_list":["post-70615","post","type-post","status-publish","format-standard","has-post-thumbnail","hentry","category-gundem","tag-adina","tag-miras","tag-osmanli","tag-tapu"],"_links":{"self":[{"href":"https:\/\/ikimisli.tr\/index.php\/wp-json\/wp\/v2\/posts\/70615","targetHints":{"allow":["GET"]}}],"collection":[{"href":"https:\/\/ikimisli.tr\/index.php\/wp-json\/wp\/v2\/posts"}],"about":[{"href":"https:\/\/ikimisli.tr\/index.php\/wp-json\/wp\/v2\/types\/post"}],"author":[{"embeddable":true,"href":"https:\/\/ikimisli.tr\/index.php\/wp-json\/wp\/v2\/users\/1"}],"replies":[{"embeddable":true,"href":"https:\/\/ikimisli.tr\/index.php\/wp-json\/wp\/v2\/comments?post=70615"}],"version-history":[{"count":1,"href":"https:\/\/ikimisli.tr\/index.php\/wp-json\/wp\/v2\/posts\/70615\/revisions"}],"predecessor-version":[{"id":70619,"href":"https:\/\/ikimisli.tr\/index.php\/wp-json\/wp\/v2\/posts\/70615\/revisions\/70619"}],"wp:featuredmedia":[{"embeddable":true,"href":"https:\/\/ikimisli.tr\/index.php\/wp-json\/wp\/v2\/media\/70616"}],"wp:attachment":[{"href":"https:\/\/ikimisli.tr\/index.php\/wp-json\/wp\/v2\/media?parent=70615"}],"wp:term":[{"taxonomy":"category","embeddable":true,"href":"https:\/\/ikimisli.tr\/index.php\/wp-json\/wp\/v2\/categories?post=70615"},{"taxonomy":"post_tag","embeddable":true,"href":"https:\/\/ikimisli.tr\/index.php\/wp-json\/wp\/v2\/tags?post=70615"}],"curies":[{"name":"wp","href":"https:\/\/api.w.org\/{rel}","templated":true}]}}