{"id":70726,"date":"2025-08-20T09:08:44","date_gmt":"2025-08-20T09:08:44","guid":{"rendered":"https:\/\/ikimisli.tr\/?p=70726"},"modified":"2025-08-20T09:08:44","modified_gmt":"2025-08-20T09:08:44","slug":"gecim-sikintisi-ceken-emekli-isci-kuyumcu-soymaya-kalkisti","status":"publish","type":"post","link":"https:\/\/ikimisli.tr\/index.php\/2025\/08\/20\/gecim-sikintisi-ceken-emekli-isci-kuyumcu-soymaya-kalkisti\/","title":{"rendered":"Ge\u00e7im s\u0131k\u0131nt\u0131s\u0131 \u00e7eken emekli i\u015f\u00e7i, kuyumcu soymaya kalk\u0131\u015ft\u0131"},"content":{"rendered":"<div>Karab\u00fck\u2019te meydana gelen kuyumcu soygununun bir emekli emek\u00e7i taraf\u0131ndan yap\u0131ld\u0131\u011f\u0131 ortaya \u00e7\u0131kt\u0131. 1977 \u00c7ank\u0131r\u0131 \u00c7erke\u015f do\u011fumlu olan Murat G\u00fcnd\u00fcz (M.G) ge\u00e7ti\u011fimiz aylarda EYT\u2019den yararlanarak emekli oldu. Ge\u00e7im derdi \u00e7ekti\u011fi ve \u00e7e\u015fitli yerlere bor\u00e7lar\u0131 oldu\u011fu \u00f6\u011frenilen acemi soyguncu Karab\u00fck merkezdeki Havuzlu Han\u2019a \u00f6\u011flen saatlerinde gelerek kuyumcuyu soymak istedi.<\/div>\n<div>Elindeki tabanca ile kuyumcu \u00e7al\u0131\u015fan\u0131n\u0131 tehdit eden ve alt\u0131nlar\u0131 bir torbaya koymas\u0131n\u0131 s\u00f6yleyen acemi soyguncu yere e\u011fildi\u011fi s\u0131rada kuyumcular\u0131n ayaklar\u0131 alt\u0131nda kald\u0131. \u0130\u015fyeri sahibi ve \u00e7al\u0131\u015fan taraf\u0131ndan bir m\u00fcddet tekmelenen acemi soyguncu, daha sonra etraftan olay yerine gelen kuyumcunun arkada\u015flar\u0131 ve esnaflar taraf\u0131ndan b\u00fcsb\u00fct\u00fcn etkisiz hale getirildi. Daha sonra da, olay yerine gelen polis tak\u0131mlar\u0131 taraf\u0131ndan ayk\u0131r\u0131 kelep\u00e7e ile g\u00f6zalt\u0131na al\u0131nd\u0131. <\/div>\n<p><b>SOYGUNCU EMEKL\u0130 PERSONEL \u00c7IKTI<\/b><\/p>\n<div>Karab\u00fck\u2019te son derece acemi bir bi\u00e7imde, kuyumcuyu soymaya kalk\u0131\u015f\u0131n soyguncunun 1977 do\u011fumlu emekli personel ve \u015fimdiye kadar hayat\u0131 boyunca hi\u00e7bir sab\u0131kas\u0131 bulunmayan M.G oldu\u011fu ortaya \u00e7\u0131kt\u0131. Acemi soyguncunun, bor\u00e7 bata\u011f\u0131 i\u00e7inde oldu\u011fu ve ge\u00e7im badiresi \u00e7ekti\u011fi \u00f6\u011frenildi. Olayla ilgili soru\u015fturma Karab\u00fck Cumhuriyet Savc\u0131l\u0131\u011f\u0131 taraf\u0131ndan s\u00fcrd\u00fcr\u00fcl\u00fcrken, kuyumcu soygununa kar\u0131\u015fan M.G\u2019nin sorgusu ise Karab\u00fck Emniyet M\u00fcd\u00fcrl\u00fc\u011f\u00fc\u2019nde devam ediyor. <\/div>\n","protected":false},"excerpt":{"rendered":"<p>Acemi soyguncu, yaln\u0131zca 10 saniyede, kuyumcu ve \u00e7al\u0131\u015fanlar\u0131 taraf\u0131ndan etkisiz hale getirildi. Olay yerine gelen polis gruplar\u0131, ecemi soyguncuyu ayk\u0131r\u0131 kelep\u00e7e ile emniyete g\u00f6t\u00fcrd\u00fc.<\/p>\n","protected":false},"author":1,"featured_media":70727,"comment_status":"open","ping_status":"open","sticky":false,"template":"","format":"standard","meta":{"footnotes":""},"categories":[25],"tags":[8520,3719,1674,8519,1780],"class_list":["post-70726","post","type-post","status-publish","format-standard","has-post-thumbnail","hentry","category-gundem","tag-acemi","tag-karabuk","tag-kuyumcu","tag-soyguncu","tag-tarafindan"],"_links":{"self":[{"href":"https:\/\/ikimisli.tr\/index.php\/wp-json\/wp\/v2\/posts\/70726","targetHints":{"allow":["GET"]}}],"collection":[{"href":"https:\/\/ikimisli.tr\/index.php\/wp-json\/wp\/v2\/posts"}],"about":[{"href":"https:\/\/ikimisli.tr\/index.php\/wp-json\/wp\/v2\/types\/post"}],"author":[{"embeddable":true,"href":"https:\/\/ikimisli.tr\/index.php\/wp-json\/wp\/v2\/users\/1"}],"replies":[{"embeddable":true,"href":"https:\/\/ikimisli.tr\/index.php\/wp-json\/wp\/v2\/comments?post=70726"}],"version-history":[{"count":1,"href":"https:\/\/ikimisli.tr\/index.php\/wp-json\/wp\/v2\/posts\/70726\/revisions"}],"predecessor-version":[{"id":70728,"href":"https:\/\/ikimisli.tr\/index.php\/wp-json\/wp\/v2\/posts\/70726\/revisions\/70728"}],"wp:featuredmedia":[{"embeddable":true,"href":"https:\/\/ikimisli.tr\/index.php\/wp-json\/wp\/v2\/media\/70727"}],"wp:attachment":[{"href":"https:\/\/ikimisli.tr\/index.php\/wp-json\/wp\/v2\/media?parent=70726"}],"wp:term":[{"taxonomy":"category","embeddable":true,"href":"https:\/\/ikimisli.tr\/index.php\/wp-json\/wp\/v2\/categories?post=70726"},{"taxonomy":"post_tag","embeddable":true,"href":"https:\/\/ikimisli.tr\/index.php\/wp-json\/wp\/v2\/tags?post=70726"}],"curies":[{"name":"wp","href":"https:\/\/api.w.org\/{rel}","templated":true}]}}