{"id":70821,"date":"2025-08-20T14:56:43","date_gmt":"2025-08-20T14:56:43","guid":{"rendered":"https:\/\/ikimisli.tr\/?p=70821"},"modified":"2025-08-20T14:56:43","modified_gmt":"2025-08-20T14:56:43","slug":"yuzbinlerce-kisinin-telefon-numarasi-calindi-buyuk-veri-sizintisi","status":"publish","type":"post","link":"https:\/\/ikimisli.tr\/index.php\/2025\/08\/20\/yuzbinlerce-kisinin-telefon-numarasi-calindi-buyuk-veri-sizintisi\/","title":{"rendered":"Y\u00fczbinlerce ki\u015finin telefon numaras\u0131 \u00e7al\u0131nd\u0131: B\u00fcy\u00fck veri s\u0131z\u0131nt\u0131s\u0131&#8230;"},"content":{"rendered":"<p>TPG Telecom K\u00fcmesi, ihlalin ayr\u0131nt\u0131lar\u0131n\u0131 kamuoyuyla payla\u015farak, yakla\u015f\u0131k 280 bin etkin e-posta adresi ve 20 bin sabit \u00e7izgi telefon numaras\u0131n\u0131n sistemden \u00e7ekildi\u011fini duyurdu. Buna ek olarak, yakla\u015f\u0131k 10 bin kullan\u0131c\u0131 ismi, a\u00e7\u0131k adres ve telefon numaras\u0131 ile bin 700 modem suram \u015fifresi de yetkisiz eri\u015fimle ele ge\u00e7irilmi\u015f olabilir.<\/p>\n<p><b>B\u0130R \u00c7ALI\u015eANIN B\u0130LG\u0130LER\u0130N\u0130 KULLANMI\u015eLAR<\/b><\/p>\n<p>Yap\u0131lan birinci incelemelere nazaran, sald\u0131rganlar bir \u00e7al\u0131\u015fan\u0131n kullan\u0131c\u0131 bilgilerini ele ge\u00e7irerek sisteme giri\u015f yapt\u0131. Siber ak\u0131n Cumartesi g\u00fcn\u00fc do\u011fruland\u0131, lakin \u015firket hem m\u00fc\u015fterileri hem de yat\u0131r\u0131mc\u0131lar\u0131 Sal\u0131 sabah\u0131 bilgilendirdi.<\/p>\n<p>TPG taraf\u0131ndan yap\u0131lan a\u00e7\u0131klamada, \u201cBu olaydan etkilenen iiNet m\u00fc\u015fterilerimize samimiyetle \u00f6z\u00fcr dileriz\u201d denildi. \u015eirket, etkilenen t\u00fcm m\u00fc\u015fterilerle ba\u011flant\u0131ya ge\u00e7erek at\u0131lmas\u0131 gereken ad\u0131mlar\u0131 payla\u015facaklar\u0131n\u0131 ve yard\u0131m sunacaklar\u0131n\u0131 belirtti. Ayr\u0131yeten etkilenmeyen m\u00fc\u015fterilere de durumun inan\u00e7l\u0131 oldu\u011funu teyit edeceklerini aktard\u0131.<\/p>\n<p><b>K\u0130ML\u0130K B\u0130LG\u0130LER\u0130 SIZDIRILMADI<\/b><\/p>\n<p>S\u00f6z konusu sistem, iiNet\u2019in broadband irtibatlar\u0131 \u00fczere sipari\u015fleri izlemek i\u00e7in kullan\u0131lan bir altyap\u0131y\u0131 kaps\u0131yor. Fakat \u015firketin a\u00e7\u0131klamas\u0131na nazaran, kredi kart\u0131, banka bilgileri yahut kimlik evraklar\u0131 (pasaport, ehliyet gibi) bu sistemde tutulmad\u0131\u011f\u0131 i\u00e7in s\u0131zd\u0131r\u0131lmad\u0131.<\/p>\n<p>\u0130hlalin akabinde \u015firket, yetkisiz eri\u015fimi sistemlerinden kald\u0131rd\u0131 ve m\u00fcdahale s\u00fcrecine dayanak vermesi i\u00e7in harici siber g\u00fcvenlik ve bili\u015fim uzmanlar\u0131yla \u00e7al\u0131\u015fmaya ba\u015flad\u0131. Ayr\u0131yeten olayla ilgili olarak Avustralya Siber G\u00fcvenlik Merkezi, Ulusal Siber G\u00fcvenlik Ofisi, Avustralya Bilgi Komiserli\u011fi Ofisi ve \u00f6teki yetkili kurumlarla i\u015f birli\u011fi y\u00fcr\u00fct\u00fcl\u00fcyor.<\/p>\n","protected":false},"excerpt":{"rendered":"<p>Avustralya\u2019n\u0131n en b\u00fcy\u00fck ikinci internet sa\u011flay\u0131c\u0131s\u0131 olan iiNet, b\u00fcy\u00fck bir siber ak\u0131n\u0131n maksad\u0131 oldu. \u015eirketin sipari\u015f idare sistemine yetkisiz eri\u015fim sa\u011flayan \u00fc\u00e7\u00fcnc\u00fc bir taraf, y\u00fcz binlerce m\u00fc\u015fterinin e-posta adresi ve telefon numaras\u0131 \u00fczere ferd\u00ee bilgilerine ula\u015ft\u0131.<\/p>\n","protected":false},"author":1,"featured_media":70822,"comment_status":"open","ping_status":"open","sticky":false,"template":"","format":"standard","meta":{"footnotes":""},"categories":[43],"tags":[644],"class_list":["post-70821","post","type-post","status-publish","format-standard","has-post-thumbnail","hentry","category-dunya","tag-bilgi"],"_links":{"self":[{"href":"https:\/\/ikimisli.tr\/index.php\/wp-json\/wp\/v2\/posts\/70821","targetHints":{"allow":["GET"]}}],"collection":[{"href":"https:\/\/ikimisli.tr\/index.php\/wp-json\/wp\/v2\/posts"}],"about":[{"href":"https:\/\/ikimisli.tr\/index.php\/wp-json\/wp\/v2\/types\/post"}],"author":[{"embeddable":true,"href":"https:\/\/ikimisli.tr\/index.php\/wp-json\/wp\/v2\/users\/1"}],"replies":[{"embeddable":true,"href":"https:\/\/ikimisli.tr\/index.php\/wp-json\/wp\/v2\/comments?post=70821"}],"version-history":[{"count":1,"href":"https:\/\/ikimisli.tr\/index.php\/wp-json\/wp\/v2\/posts\/70821\/revisions"}],"predecessor-version":[{"id":70823,"href":"https:\/\/ikimisli.tr\/index.php\/wp-json\/wp\/v2\/posts\/70821\/revisions\/70823"}],"wp:featuredmedia":[{"embeddable":true,"href":"https:\/\/ikimisli.tr\/index.php\/wp-json\/wp\/v2\/media\/70822"}],"wp:attachment":[{"href":"https:\/\/ikimisli.tr\/index.php\/wp-json\/wp\/v2\/media?parent=70821"}],"wp:term":[{"taxonomy":"category","embeddable":true,"href":"https:\/\/ikimisli.tr\/index.php\/wp-json\/wp\/v2\/categories?post=70821"},{"taxonomy":"post_tag","embeddable":true,"href":"https:\/\/ikimisli.tr\/index.php\/wp-json\/wp\/v2\/tags?post=70821"}],"curies":[{"name":"wp","href":"https:\/\/api.w.org\/{rel}","templated":true}]}}