{"id":70950,"date":"2025-08-20T22:08:42","date_gmt":"2025-08-20T22:08:42","guid":{"rendered":"https:\/\/ikimisli.tr\/?p=70950"},"modified":"2025-08-20T22:08:42","modified_gmt":"2025-08-20T22:08:42","slug":"tarih-belli-oldu-spotify-turkiyede-ofis-aciyor","status":"publish","type":"post","link":"https:\/\/ikimisli.tr\/index.php\/2025\/08\/20\/tarih-belli-oldu-spotify-turkiyede-ofis-aciyor\/","title":{"rendered":"Tarih belli oldu: Spotify, T\u00fcrkiye&#8217;de ofis a\u00e7\u0131yor"},"content":{"rendered":"<p>Online m\u00fczik platformu Spotify, 2026\u2019da \u0130stanbul\u2019da ofis a\u00e7acak.<\/p>\n<p>K\u00fclt\u00fcr ve Turizm Bakan\u0131 Mehmet Nuri Ersoy, global m\u00fczik sanayisinin \u00f6nc\u00fclerinden Spotify ile yap\u0131lan toplant\u0131da de\u011ferli ad\u0131mlar i\u00e7in kararlar ald\u0131klar\u0131n\u0131 s\u00f6yledi.<\/p>\n<p>Ersoy, &#8220;\u00dclkemizin m\u00fczik ekosisteminin Spotify\u2019dan hak etti\u011fi dayana\u011f\u0131 almas\u0131 i\u00e7in k\u0131sa m\u00fcddette somut ilerlemeler kaydedece\u011fiz. K\u0131ymetli bir eksiklik olan Spotify T\u00fcrkiye ofisi a\u00e7\u0131l\u0131yor. 2026\u2019da \u0130stanbul\u2019da ofis a\u00e7acak olan Spotify, bu alandaki i\u015f birliklerini daha da derinle\u015ftirecek&#8221; dedi.<\/p>\n<p>Ersoy \u015funlar\u0131 s\u00f6yledi: &#8220;\u015eirket yetkilileri ve m\u00fczik sanayisi temsilcilerimizle nas\u0131l ortak ad\u0131mlar at\u0131laca\u011f\u0131n\u0131 masaya yat\u0131raca\u011f\u0131z. Eyl\u00fcl ay\u0131nda \u0130stanbul\u2019da a\u00e7\u0131l\u0131\u015f\u0131n\u0131 yapaca\u011f\u0131m\u0131z M\u00fczik Tepesi&#8217;nden de\u011ferli sonu\u00e7lar bekliyoruz.<\/p>\n<p>T\u00fcrk sanatkarlar\u0131n global ba\u015far\u0131s\u0131, 2024\u2019te 2,8 milyar yeni dinleyiciye ula\u015farak d\u00fcnya listelerinde rekor k\u0131rd\u0131. Art\u0131k telif gelirlerinin yar\u0131s\u0131ndan fazlas\u0131 T\u00fcrkiye d\u0131\u015f\u0131ndaki dinleyicilerden geliyor.<\/p>\n<p>Gen\u00e7 yetenekleri ve bayan sanatkarlar\u0131 da destekleyecek bu g\u00fc\u00e7l\u00fc i\u015f birli\u011fi, k\u00fclt\u00fcrel diplomasimize de yeni bir ivme kazand\u0131racak.<\/p>\n<p>T\u00fcrkiye\u2019nin varl\u0131kl\u0131 m\u00fczik miras\u0131n\u0131 ve k\u00fclt\u00fcr\u00fcn\u00fc d\u00fcnyaya tan\u0131tacak bu ve gibisi ad\u0131mlarda Spotify tak\u0131m\u0131yla yak\u0131n \u00e7al\u0131\u015fmaya devam edece\u011fiz.&#8221;<\/p>\n","protected":false},"excerpt":{"rendered":"<p>K\u00fclt\u00fcr ve Turizm Bakan\u0131 Mehmet Nuri Ersoy, Spotify\u2019\u0131n 2026\u2019da \u0130stanbul\u2019da ofis a\u00e7aca\u011f\u0131n\u0131 duyurdu. Ersoy, bu ad\u0131m\u0131n T\u00fcrk sanatkarlar i\u00e7in global i\u015f birliklerini art\u0131raca\u011f\u0131n\u0131 ve m\u00fczik ekosistemine yeni f\u0131rsatlar sunaca\u011f\u0131n\u0131 s\u00f6yledi.<\/p>\n","protected":false},"author":1,"featured_media":70951,"comment_status":"open","ping_status":"open","sticky":false,"template":"","format":"standard","meta":{"footnotes":""},"categories":[31],"tags":[3183,5850],"class_list":["post-70950","post","type-post","status-publish","format-standard","has-post-thumbnail","hentry","category-teknoloji","tag-muzik","tag-spotify"],"_links":{"self":[{"href":"https:\/\/ikimisli.tr\/index.php\/wp-json\/wp\/v2\/posts\/70950","targetHints":{"allow":["GET"]}}],"collection":[{"href":"https:\/\/ikimisli.tr\/index.php\/wp-json\/wp\/v2\/posts"}],"about":[{"href":"https:\/\/ikimisli.tr\/index.php\/wp-json\/wp\/v2\/types\/post"}],"author":[{"embeddable":true,"href":"https:\/\/ikimisli.tr\/index.php\/wp-json\/wp\/v2\/users\/1"}],"replies":[{"embeddable":true,"href":"https:\/\/ikimisli.tr\/index.php\/wp-json\/wp\/v2\/comments?post=70950"}],"version-history":[{"count":1,"href":"https:\/\/ikimisli.tr\/index.php\/wp-json\/wp\/v2\/posts\/70950\/revisions"}],"predecessor-version":[{"id":70952,"href":"https:\/\/ikimisli.tr\/index.php\/wp-json\/wp\/v2\/posts\/70950\/revisions\/70952"}],"wp:featuredmedia":[{"embeddable":true,"href":"https:\/\/ikimisli.tr\/index.php\/wp-json\/wp\/v2\/media\/70951"}],"wp:attachment":[{"href":"https:\/\/ikimisli.tr\/index.php\/wp-json\/wp\/v2\/media?parent=70950"}],"wp:term":[{"taxonomy":"category","embeddable":true,"href":"https:\/\/ikimisli.tr\/index.php\/wp-json\/wp\/v2\/categories?post=70950"},{"taxonomy":"post_tag","embeddable":true,"href":"https:\/\/ikimisli.tr\/index.php\/wp-json\/wp\/v2\/tags?post=70950"}],"curies":[{"name":"wp","href":"https:\/\/api.w.org\/{rel}","templated":true}]}}