{"id":71085,"date":"2025-08-21T05:32:41","date_gmt":"2025-08-21T05:32:41","guid":{"rendered":"https:\/\/ikimisli.tr\/?p=71085"},"modified":"2025-08-21T05:32:41","modified_gmt":"2025-08-21T05:32:41","slug":"tuik-yurt-disi-uretici-fiyat-endeksi-temmuzda-yillik-yuzde-3006-artti","status":"publish","type":"post","link":"https:\/\/ikimisli.tr\/index.php\/2025\/08\/21\/tuik-yurt-disi-uretici-fiyat-endeksi-temmuzda-yillik-yuzde-3006-artti\/","title":{"rendered":"T\u00dc\u0130K: Yurt D\u0131\u015f\u0131 \u00dcretici Fiyat Endeksi temmuzda y\u0131ll\u0131k y\u00fczde 30,06 artt\u0131"},"content":{"rendered":"<p>T\u00fcrkiye \u0130statistik Kurumu (T\u00dc\u0130K), temmuz ay\u0131na ait YD-\u00dcFE bilgilerini a\u00e7\u0131klad\u0131.<\/p>\n<p>Buna nazaran, YD-\u00dcFE, temmuzda bir evvelki aya k\u0131yasla y\u00fczde 3,03, ge\u00e7en y\u0131l\u0131n aral\u0131k ay\u0131na nazaran y\u00fczde 23,4, ge\u00e7en y\u0131l\u0131n birebir ay\u0131na nazaran y\u00fczde 30,06 ve 12 ayl\u0131k ortalamalara nazaran y\u00fczde 25,46 y\u00fckseldi.<\/p>\n<p>Sanayinin iki b\u00f6l\u00fcm\u00fcn\u00fcn y\u0131ll\u0131k de\u011fi\u015fimlerine bak\u0131ld\u0131\u011f\u0131nda, madencilik ve ta\u015f ocak\u00e7\u0131l\u0131\u011f\u0131nda y\u00fczde 28,3, imalatta y\u00fczde 30,1 art\u0131\u015f g\u00f6r\u00fcld\u00fc.<\/p>\n<p>Ana sanayi k\u00fcmelerinin y\u0131ll\u0131k de\u011fi\u015fimleri dikkate al\u0131nd\u0131\u011f\u0131nda ise orta mallar\u0131nda y\u00fczde 26,47, sa\u011flam t\u00fcketim mallar\u0131nda y\u00fczde 33,74, dayan\u0131ks\u0131z t\u00fcketim mallar\u0131nda y\u00fczde 33,82, sermaye mallar\u0131nda y\u00fczde 34,48 ve g\u00fc\u00e7te y\u00fczde 10,44 art\u0131\u015f ger\u00e7ekle\u015fti.<\/p>\n<p>Sanayinin iki kesiminin ayl\u0131k de\u011fi\u015fimleri, madencilik ve ta\u015f ocak\u00e7\u0131l\u0131\u011f\u0131nda y\u00fczde 4,22, imalatta y\u00fczde 3,01 art\u0131\u015f olarak hesapland\u0131.<\/p>\n<p>Ana sanayi k\u00fcmelerinin ayl\u0131k de\u011fi\u015fimlerine bak\u0131ld\u0131\u011f\u0131nda, orta mallar\u0131nda y\u00fczde 2,57, sa\u011flam t\u00fcketim mallar\u0131nda y\u00fczde 3,26, dayan\u0131ks\u0131z t\u00fcketim mallar\u0131nda y\u00fczde 3,76, sermaye mallar\u0131nda y\u00fczde 2,99 ve g\u00fc\u00e7te y\u00fczde 2,98 art\u0131\u015f g\u00f6r\u00fcld\u00fc.<\/p>\n<p><strong><em>YD-\u00dcFE&#8217;nin ayl\u0131k ve y\u0131ll\u0131k de\u011fi\u015fim oranlar\u0131 \u015f\u00f6yle:<\/em><\/strong><\/p>\n<div>\n<table>\n<tbody>\n<tr>\n<td>YD-\u00dcFE&#8217;nin ayl\u0131k de\u011fi\u015fim oranlar\u0131<\/td>\n<\/tr>\n<tr>\n<td>Y\u0131l\/Ay<\/td>\n<td>Ocak<\/td>\n<td>\u015eubat<\/td>\n<td>Mart<\/td>\n<td>Nisan<\/td>\n<td>May\u0131s<\/td>\n<td>Haziran<\/td>\n<td>Temmuz<\/td>\n<td>A\u011fustos<\/td>\n<td>Eyl\u00fcl<\/td>\n<td>Ekim<\/td>\n<td>Kas\u0131m<\/td>\n<td>Aral\u0131k<\/td>\n<\/tr>\n<tr>\n<td>2021<\/td>\n<td>-1,37<\/td>\n<td>-2,46<\/td>\n<td>7,45<\/td>\n<td>7,14<\/td>\n<td>4,69<\/td>\n<td>3,93<\/td>\n<td>0,34<\/td>\n<td>-0,92<\/td>\n<td>1,55<\/td>\n<td>7,93<\/td>\n<td>13,49<\/td>\n<td>25,92<\/td>\n<\/tr>\n<tr>\n<td>2022<\/td>\n<td>3,25<\/td>\n<td>2,35<\/td>\n<td>7,29<\/td>\n<td>2,61<\/td>\n<td>6,51<\/td>\n<td>9,18<\/td>\n<td>0,66<\/td>\n<td>2,64<\/td>\n<td>0,67<\/td>\n<td>1,34<\/td>\n<td>2,28<\/td>\n<td>2,77<\/td>\n<\/tr>\n<tr>\n<td>2023<\/td>\n<td>4<\/td>\n<td>0,42<\/td>\n<td>1,65<\/td>\n<td>2,43<\/td>\n<td>0,45<\/td>\n<td>15,62<\/td>\n<td>15,34<\/td>\n<td>1,95<\/td>\n<td>-0,59<\/td>\n<td>1,35<\/td>\n<td>3,51<\/td>\n<td>2,28<\/td>\n<\/tr>\n<tr>\n<td>2024<\/td>\n<td>4,57<\/td>\n<td>2,38<\/td>\n<td>4,7<\/td>\n<td>1,37<\/td>\n<td>0,42<\/td>\n<td>0,97<\/td>\n<td>1,7<\/td>\n<td>2,95<\/td>\n<td>2,25<\/td>\n<td>0,09<\/td>\n<td>-0,86<\/td>\n<td>0,91<\/td>\n<\/tr>\n<tr>\n<td>2025<\/td>\n<td>2,01<\/td>\n<td>2,05<\/td>\n<td>4,06<\/td>\n<td>4,41<\/td>\n<td>2,40<\/td>\n<td>3,42<\/td>\n<td>3,03<\/td>\n<\/tr>\n<tr>\n<td>YD-\u00dcFE&#8217;nin y\u0131ll\u0131k de\u011fi\u015fim oranlar\u0131<\/td>\n<\/tr>\n<tr>\n<td>Y\u0131l\/Ay<\/td>\n<td>Ocak<\/td>\n<td>\u015eubat<\/td>\n<td>Mart<\/td>\n<td>Nisan<\/td>\n<td>May\u0131s<\/td>\n<td>Haziran<\/td>\n<td>Temmuz<\/td>\n<td>A\u011fustos<\/td>\n<td>Eyl\u00fcl<\/td>\n<td>Ekim<\/td>\n<td>Kas\u0131m<\/td>\n<td>Aral\u0131k<\/td>\n<\/tr>\n<tr>\n<td>2021<\/td>\n<td>32,51<\/td>\n<td>28,27<\/td>\n<td>33,19<\/td>\n<td>35,31<\/td>\n<td>39,6<\/td>\n<td>43,72<\/td>\n<td>41,89<\/td>\n<td>30,81<\/td>\n<td>28,87<\/td>\n<td>32,96<\/td>\n<td>47,89<\/td>\n<td>87,64<\/td>\n<\/tr>\n<tr>\n<td>2022<\/td>\n<td>96,44<\/td>\n<td>106,13<\/td>\n<td>105,82<\/td>\n<td>97,11<\/td>\n<td>100,54<\/td>\n<td>110,66<\/td>\n<td>111,34<\/td>\n<td>118,94<\/td>\n<td>117,04<\/td>\n<td>103,79<\/td>\n<td>83,66<\/td>\n<td>49,9<\/td>\n<\/tr>\n<tr>\n<td>2023<\/td>\n<td>50,98<\/td>\n<td>48,13<\/td>\n<td>40,35<\/td>\n<td>40,1<\/td>\n<td>32,13<\/td>\n<td>39,92<\/td>\n<td>60,32<\/td>\n<td>59,24<\/td>\n<td>57,25<\/td>\n<td>57,25<\/td>\n<td>59,15<\/td>\n<td>58,4<\/td>\n<\/tr>\n<tr>\n<td>2024<\/td>\n<td>59,27<\/td>\n<td>62,38<\/td>\n<td>67,25<\/td>\n<td>65,53<\/td>\n<td>65,48<\/td>\n<td>44,51<\/td>\n<td>27,41<\/td>\n<td>28,67<\/td>\n<td>32,35<\/td>\n<td>30,7<\/td>\n<td>25,19<\/td>\n<td>23,5<\/td>\n<\/tr>\n<tr>\n<td>2025<\/td>\n<td>20,47<\/td>\n<td>20,08<\/td>\n<td>19,34<\/td>\n<td>22,92<\/td>\n<td>25,34<\/td>\n<td>28,38<\/td>\n<td>30,06<\/td>\n<\/tr>\n<\/tbody>\n<\/table><\/div>\n","protected":false},"excerpt":{"rendered":"<p>T\u00dc\u0130K, Yurt D\u0131\u015f\u0131 \u00dcretici Fiyat Endeksi (YD-\u00dcFE), temmuz datalar\u0131n\u0131 a\u00e7\u0131klad\u0131. A\u00e7\u0131klanan bilgilere nazaran ayl\u0131k art\u0131\u015f y\u00fczde 3,03, y\u0131ll\u0131k art\u0131\u015f ise y\u00fczde 30,06 olarak ger\u00e7ekle\u015fti.<\/p>\n","protected":false},"author":1,"featured_media":71086,"comment_status":"open","ping_status":"open","sticky":false,"template":"","format":"standard","meta":{"footnotes":""},"categories":[24],"tags":[4092,6301,6302],"class_list":["post-71085","post","type-post","status-publish","format-standard","has-post-thumbnail","hentry","category-ekonomi","tag-aylik","tag-degisim","tag-yd-ufe"],"_links":{"self":[{"href":"https:\/\/ikimisli.tr\/index.php\/wp-json\/wp\/v2\/posts\/71085","targetHints":{"allow":["GET"]}}],"collection":[{"href":"https:\/\/ikimisli.tr\/index.php\/wp-json\/wp\/v2\/posts"}],"about":[{"href":"https:\/\/ikimisli.tr\/index.php\/wp-json\/wp\/v2\/types\/post"}],"author":[{"embeddable":true,"href":"https:\/\/ikimisli.tr\/index.php\/wp-json\/wp\/v2\/users\/1"}],"replies":[{"embeddable":true,"href":"https:\/\/ikimisli.tr\/index.php\/wp-json\/wp\/v2\/comments?post=71085"}],"version-history":[{"count":1,"href":"https:\/\/ikimisli.tr\/index.php\/wp-json\/wp\/v2\/posts\/71085\/revisions"}],"predecessor-version":[{"id":71087,"href":"https:\/\/ikimisli.tr\/index.php\/wp-json\/wp\/v2\/posts\/71085\/revisions\/71087"}],"wp:featuredmedia":[{"embeddable":true,"href":"https:\/\/ikimisli.tr\/index.php\/wp-json\/wp\/v2\/media\/71086"}],"wp:attachment":[{"href":"https:\/\/ikimisli.tr\/index.php\/wp-json\/wp\/v2\/media?parent=71085"}],"wp:term":[{"taxonomy":"category","embeddable":true,"href":"https:\/\/ikimisli.tr\/index.php\/wp-json\/wp\/v2\/categories?post=71085"},{"taxonomy":"post_tag","embeddable":true,"href":"https:\/\/ikimisli.tr\/index.php\/wp-json\/wp\/v2\/tags?post=71085"}],"curies":[{"name":"wp","href":"https:\/\/api.w.org\/{rel}","templated":true}]}}