{"id":71158,"date":"2025-08-21T09:20:41","date_gmt":"2025-08-21T09:20:41","guid":{"rendered":"https:\/\/ikimisli.tr\/?p=71158"},"modified":"2025-08-21T09:20:41","modified_gmt":"2025-08-21T09:20:41","slug":"bir-ilk-turuncu-kopek-baligi-goruldu","status":"publish","type":"post","link":"https:\/\/ikimisli.tr\/index.php\/2025\/08\/21\/bir-ilk-turuncu-kopek-baligi-goruldu\/","title":{"rendered":"Bir ilk: Turuncu k\u00f6pek bal\u0131\u011f\u0131 g\u00f6r\u00fcld\u00fc"},"content":{"rendered":"<p>Bilim insanlar\u0131, k\u00f6pek bal\u0131\u011f\u0131n\u0131n &#8220;ksantizm&#8221; ismi verilen az bir renklenme bozuklu\u011funa sahip oldu\u011funu d\u00fc\u015f\u00fcn\u00fcyor. Bu durum ise hayvanlarda sar\u0131 yahut alt\u0131n tonlar\u0131n olu\u015fmas\u0131na neden oluyor. Lakin Karayipler&#8217;de k\u00f6pek bal\u0131klar\u0131 \u00fczere k\u0131k\u0131rdakl\u0131 bal\u0131klarda daha evvel b\u00f6ylesi bir duruma hi\u00e7 rastlanmam\u0131\u015ft\u0131.<\/p>\n<p>Yakalanan t\u0131bb\u0131n ola\u011fanda kahverengi olan hem\u015fire k\u00f6pek bal\u0131\u011f\u0131 oldu\u011fu belirlendi. Turuncu renge ek olarak bal\u0131\u011f\u0131n bembeyaz g\u00f6zleri de dikkat \u00e7ekti. Bu \u00f6zellik ise albinizm ile ili\u015fkilendirildi.<\/p>\n<p><img decoding=\"async\" src=\"https:\/\/ikimisli.tr\/wp-content\/uploads\/2025\/08\/bir-ilk-turuncu-kopek-baligi-goruldu-0-QiCHej1C.jpg\"\/><\/p>\n<p><b>HAYATTA KALMASI DAHA ZOR<\/b><\/p>\n<p>Uzmanlara nazaran ksantizm yahut albinizm ta\u015f\u0131yan hayvanlar tabiatta daha g\u00f6r\u00fcn\u00fcr hale geliyor ve bu da onlar\u0131n hayatta kalma baht\u0131n\u0131 azalt\u0131yor. Ayr\u0131yeten g\u00fcne\u015f \u0131\u015f\u0131\u011f\u0131na hassasiyet ve \u00e7iftle\u015fmede zorluk \u00fczere tesirler de ortaya \u00e7\u0131kabiliyor. Bu nedenle kelam konusu k\u00f6pek bal\u0131\u011f\u0131n\u0131n yeti\u015fkinli\u011fe kadar ula\u015fmas\u0131 bilim d\u00fcnyas\u0131nda k\u0131ymetli bir ke\u015fif olarak bedellendiriliyor.<\/p>\n<p>Federal Rio Grande \u00dcniversitesi&#8217;nden ara\u015ft\u0131rmac\u0131lar, bal\u0131\u011f\u0131n b\u00fcy\u00fckl\u00fc\u011f\u00fcnden yola \u00e7\u0131karak bu harika rengin \u00f6mr\u00fcn\u00fc s\u00fcrd\u00fcrmesine mahzur olmad\u0131\u011f\u0131n\u0131 belirtti.<\/p>\n<p><img decoding=\"async\" src=\"https:\/\/ikimisli.tr\/wp-content\/uploads\/2025\/08\/bir-ilk-turuncu-kopek-baligi-goruldu-1-eVFztxB4.jpg\"\/><\/p>\n<p><b>YEN\u0130 YEN\u0130 SORULARI BERABER\u0130NDE GET\u0130RD\u0130<\/b><\/p>\n<p>Bu ke\u015fif, Karayipler&#8217;deki hem\u015fire k\u00f6pek bal\u0131\u011f\u0131 pop\u00fclasyonunun genetik \u00e7e\u015fitlili\u011fi \u00fczerine yeni sorular do\u011furdu. Bilim insanlar\u0131 bunun tek seferlik bir genetik anormallik mi yoksa yeni bir e\u011filimin ba\u015flang\u0131c\u0131 m\u0131 oldu\u011funu ara\u015ft\u0131r\u0131yor.<\/p>\n<p>Ksantizm, hayvanlar aleminde son derece ender g\u00f6r\u00fcl\u00fcyor. \u015eimdiye kadar s\u0131rf birka\u00e7 bal\u0131k, s\u00fcr\u00fcngen ve ku\u015f cinsinde kaydedildi. \u00d6rne\u011fin lepistes, ciklet ve japon bal\u0131klar\u0131nda parlak sar\u0131 formlar; papa\u011fan ve kanaryalarda alt\u0131n renkli t\u00fcyler g\u00f6r\u00fclebiliyor. Nadiren birtak\u0131m y\u0131lan ve kertenkelelerde de rapor ediliyor.<\/p>\n","protected":false},"excerpt":{"rendered":"<p>Kosta Rika k\u0131y\u0131lar\u0131nda bal\u0131k tutan amat\u00f6r bir k\u00fcme, oltalar\u0131na tak\u0131lan k\u00f6pek bal\u0131\u011f\u0131n\u0131 g\u00f6r\u00fcnce neye u\u011frad\u0131\u011f\u0131n\u0131 \u015fa\u015f\u0131rd\u0131. Parlak turuncu renkteki bal\u0131\u011f\u0131 foto\u011fraflayan k\u00fcme, onu denize geri b\u0131rakt\u0131.<\/p>\n","protected":false},"author":1,"featured_media":71159,"comment_status":"open","ping_status":"open","sticky":false,"template":"","format":"standard","meta":{"footnotes":""},"categories":[31],"tags":[3288,688],"class_list":["post-71158","post","type-post","status-publish","format-standard","has-post-thumbnail","hentry","category-teknoloji","tag-baligi","tag-kopek"],"_links":{"self":[{"href":"https:\/\/ikimisli.tr\/index.php\/wp-json\/wp\/v2\/posts\/71158","targetHints":{"allow":["GET"]}}],"collection":[{"href":"https:\/\/ikimisli.tr\/index.php\/wp-json\/wp\/v2\/posts"}],"about":[{"href":"https:\/\/ikimisli.tr\/index.php\/wp-json\/wp\/v2\/types\/post"}],"author":[{"embeddable":true,"href":"https:\/\/ikimisli.tr\/index.php\/wp-json\/wp\/v2\/users\/1"}],"replies":[{"embeddable":true,"href":"https:\/\/ikimisli.tr\/index.php\/wp-json\/wp\/v2\/comments?post=71158"}],"version-history":[{"count":1,"href":"https:\/\/ikimisli.tr\/index.php\/wp-json\/wp\/v2\/posts\/71158\/revisions"}],"predecessor-version":[{"id":71162,"href":"https:\/\/ikimisli.tr\/index.php\/wp-json\/wp\/v2\/posts\/71158\/revisions\/71162"}],"wp:featuredmedia":[{"embeddable":true,"href":"https:\/\/ikimisli.tr\/index.php\/wp-json\/wp\/v2\/media\/71159"}],"wp:attachment":[{"href":"https:\/\/ikimisli.tr\/index.php\/wp-json\/wp\/v2\/media?parent=71158"}],"wp:term":[{"taxonomy":"category","embeddable":true,"href":"https:\/\/ikimisli.tr\/index.php\/wp-json\/wp\/v2\/categories?post=71158"},{"taxonomy":"post_tag","embeddable":true,"href":"https:\/\/ikimisli.tr\/index.php\/wp-json\/wp\/v2\/tags?post=71158"}],"curies":[{"name":"wp","href":"https:\/\/api.w.org\/{rel}","templated":true}]}}