{"id":71256,"date":"2025-08-21T14:56:42","date_gmt":"2025-08-21T14:56:42","guid":{"rendered":"https:\/\/ikimisli.tr\/?p=71256"},"modified":"2025-08-21T14:56:42","modified_gmt":"2025-08-21T14:56:42","slug":"her-tasin-altinda-o-cikiyor-cem-duman-umitcan-uygunun-avukati-cikti","status":"publish","type":"post","link":"https:\/\/ikimisli.tr\/index.php\/2025\/08\/21\/her-tasin-altinda-o-cikiyor-cem-duman-umitcan-uygunun-avukati-cikti\/","title":{"rendered":"Her ta\u015f\u0131n alt\u0131nda o \u00e7\u0131k\u0131yor! Cem Duman, \u00dcmitcan Uygun\u2019un avukat\u0131 \u00e7\u0131kt\u0131"},"content":{"rendered":"<p>\u201cAziz \u0130hsan Akta\u015f\u2019a suikast haz\u0131rl\u0131\u011f\u0131\u201d sav\u0131yla tutuklanan avukat Cem Duman\u2019\u0131n, daha evvel katil \u00dcmitcan Uygun\u2019un avukatl\u0131\u011f\u0131n\u0131 yapt\u0131\u011f\u0131 ortaya \u00e7\u0131kt\u0131.<\/p>\n<p>Duman\u2019\u0131n, Uygun\u2019la birlikte \u00e7ekilen foto\u011fraflar\u0131n\u0131 toplumsal medya hesab\u0131nda \u201cUzun s\u00fcren t\u00fczel \u00e7abam\u0131z sonucunda \u00f6zg\u00fcrl\u00fc\u011f\u00fcne kavu\u015fan \u00dcmitcan Uygun karde\u015fimin ziyareti ile mesaiye kald\u0131\u011f\u0131m\u0131z yerden devam\u201d notuyla payla\u015ft\u0131\u011f\u0131 belirlendi.<\/p>\n<p>Gazeteci Emrullah Erdin\u00e7, toplumsal medya hesab\u0131ndan \u015fu a\u00e7\u0131klamay\u0131 yapt\u0131:<\/p>\n<p>-\u00dcmitcan Uygun\u2019un ismi birinci kere, Aleyna \u00c7ak\u0131r (Sema Esen)\u2019in ku\u015fkulu vefat\u0131yla g\u00fcndeme geldi.<\/p>\n<p>-\u00d6l\u00fcm\u00fcnden k\u0131sa m\u00fchlet evvel Uygun\u2019un \u00c7ak\u0131r\u2019a \u015fiddet uygulad\u0131\u011f\u0131 manzaralar toplumsal medyaya yans\u0131m\u0131\u015ft\u0131. Bu s\u00fcre\u00e7te Uygun g\u00f6zalt\u0131na al\u0131n\u0131p tutuklan\u0131rken, avukatl\u0131\u011f\u0131n\u0131 Cem Duman \u00fcstlendi.<\/p>\n<p>&#8211; Uygun\u2019un cezaevinden \u00e7\u0131k\u0131\u015f\u0131na kadar hukuk\u00ee dayana\u011f\u0131n\u0131 s\u00fcrd\u00fcrd\u00fc.<\/p>\n<p>-Cem Duman ile \u00dcmitcan Uygun\u2019un m\u00fcnasebeti sadece arkada\u015fl\u0131k boyutunda de\u011fildi; hukuk\u00ee olarak da Duman, Uygun\u2019un dayanak veriyordu.<\/p>\n<p>-Ancak Uygun\u2019un Esra Hankulu cinayeti nedeniyle yine g\u00f6zalt\u0131na al\u0131nmas\u0131n\u0131n akabinde Cem Duman, avukatl\u0131\u011f\u0131n\u0131 b\u0131rakt\u0131.<\/p>\n<p><img decoding=\"async\" src=\"https:\/\/ikimisli.tr\/wp-content\/uploads\/2025\/08\/her-tasin-altinda-o-cikiyor-cem-duman-umitcan-uygunun-avukati-cikti-0-q9aEO7Jh.jpeg\"\/><\/p>\n","protected":false},"excerpt":{"rendered":"<p>Hata \u00f6rg\u00fct\u00fc soru\u015fturmas\u0131nda tutuklanan Cem Duman\u2019\u0131n, Aleyna \u00c7ak\u0131r ve Esra Hankulu\u2019nun vefat\u0131yla g\u00fcndeme gelen \u00dcmitcan Uygun\u2019un avukatl\u0131\u011f\u0131n\u0131 yapt\u0131\u011f\u0131 ortaya \u00e7\u0131kt\u0131.<\/p>\n","protected":false},"author":1,"featured_media":71257,"comment_status":"open","ping_status":"open","sticky":false,"template":"","format":"standard","meta":{"footnotes":""},"categories":[25],"tags":[3256],"class_list":["post-71256","post","type-post","status-publish","format-standard","has-post-thumbnail","hentry","category-gundem","tag-duman"],"_links":{"self":[{"href":"https:\/\/ikimisli.tr\/index.php\/wp-json\/wp\/v2\/posts\/71256","targetHints":{"allow":["GET"]}}],"collection":[{"href":"https:\/\/ikimisli.tr\/index.php\/wp-json\/wp\/v2\/posts"}],"about":[{"href":"https:\/\/ikimisli.tr\/index.php\/wp-json\/wp\/v2\/types\/post"}],"author":[{"embeddable":true,"href":"https:\/\/ikimisli.tr\/index.php\/wp-json\/wp\/v2\/users\/1"}],"replies":[{"embeddable":true,"href":"https:\/\/ikimisli.tr\/index.php\/wp-json\/wp\/v2\/comments?post=71256"}],"version-history":[{"count":1,"href":"https:\/\/ikimisli.tr\/index.php\/wp-json\/wp\/v2\/posts\/71256\/revisions"}],"predecessor-version":[{"id":71259,"href":"https:\/\/ikimisli.tr\/index.php\/wp-json\/wp\/v2\/posts\/71256\/revisions\/71259"}],"wp:featuredmedia":[{"embeddable":true,"href":"https:\/\/ikimisli.tr\/index.php\/wp-json\/wp\/v2\/media\/71257"}],"wp:attachment":[{"href":"https:\/\/ikimisli.tr\/index.php\/wp-json\/wp\/v2\/media?parent=71256"}],"wp:term":[{"taxonomy":"category","embeddable":true,"href":"https:\/\/ikimisli.tr\/index.php\/wp-json\/wp\/v2\/categories?post=71256"},{"taxonomy":"post_tag","embeddable":true,"href":"https:\/\/ikimisli.tr\/index.php\/wp-json\/wp\/v2\/tags?post=71256"}],"curies":[{"name":"wp","href":"https:\/\/api.w.org\/{rel}","templated":true}]}}