{"id":71322,"date":"2025-08-21T18:20:42","date_gmt":"2025-08-21T18:20:42","guid":{"rendered":"https:\/\/ikimisli.tr\/?p=71322"},"modified":"2025-08-21T18:20:42","modified_gmt":"2025-08-21T18:20:42","slug":"arda-gulerli-real-madrid-sezona-uc-puanla-basladi","status":"publish","type":"post","link":"https:\/\/ikimisli.tr\/index.php\/2025\/08\/21\/arda-gulerli-real-madrid-sezona-uc-puanla-basladi\/","title":{"rendered":"Arda G\u00fcler&#8217;li Real Madrid sezona \u00fc\u00e7 puanla ba\u015flad\u0131"},"content":{"rendered":"<p>\u0130spanya 1. Futbol Ligi&#8217;nde (LaLiga) 2025-2026 d\u00f6neminin birinci ma\u00e7\u0131nda Real Madrid, alan\u0131nda Osasuna&#8217;y\u0131 1-0 ma\u011flup etti.<\/p>\n<p>Santiago Bernabeu Stad\u0131&#8217;na 11 y\u0131l sonra, bu kere Real Madrid&#8217;in futbolcusu de\u011fil teknik y\u00f6neticisi olarak d\u00f6nen Xabi Alonso, ligdeki birinci ma\u00e7\u0131nda yeni transferler Trent John Alexander, Dean Donny Huijsen ve Alvaro Carreras ile eflatun beyazl\u0131larda 3. d\u00f6nemine giren ulusal futbolcu Arda G\u00fcler&#8217;e birinci 11&#8217;de f\u0131rsat verdi.<\/p>\n<p>Kar\u015f\u0131la\u015fman\u0131n birinci yar\u0131s\u0131n\u0131n b\u00fcy\u00fck \u00e7o\u011funlu\u011fu Osasuna&#8217;n\u0131n yar\u0131 alan\u0131 i\u00e7inde ge\u00e7se de, son vuru\u015flarda tesirli olamayan Real Madrid arad\u0131\u011f\u0131 gol\u00fc bulamad\u0131 ve ekipler soyunma odas\u0131na 0-0&#8217;l\u0131k skorla gitti.<\/p>\n<p>\u0130kinci yar\u0131n\u0131n \u00e7abucak ba\u015f\u0131nda ceza alan\u0131nda rakibi taraf\u0131ndan d\u00fc\u015f\u00fcr\u00fclmesinden sonra verilen penalt\u0131y\u0131 kullanan Real Madrid&#8217;in Frans\u0131z futbolcusu Kylian Mbappe, kadrosunu 1-0 \u00f6ne ge\u00e7irdi.<\/p>\n<p>Arda ma\u00e7\u0131n 90. dakikas\u0131nda yerini Daniel Ceballos&#8217;a b\u0131rakt\u0131.<\/p>\n<p>S\u0131cak havan\u0131n da tesiriyle futbol kalitesinin d\u00fc\u015f\u00fck oldu\u011fu m\u00fcsabakan\u0131n ilerleyen dakikalar\u0131nda \u00f6b\u00fcr gol olmay\u0131nca Real Madrid alan\u0131nda Osasuna&#8217;y\u0131 1-0 yenerek, lige 3 puanla ba\u015flang\u0131\u00e7 yapt\u0131.<\/p>\n<p><b>Arda G\u00fcler, Xabi Alonso ile birlikte birinci 11&#8217;deki yerini sa\u011flamla\u015ft\u0131rmaya ba\u015flad\u0131<\/b><\/p>\n<p>Real Madrid&#8217;te \u00fc\u00e7\u00fcnc\u00fc d\u00f6nemini ge\u00e7iren Arda G\u00fcler, Xabi Alonso ile birlikte birinci 11&#8217;deki yerini sa\u011flamla\u015ft\u0131rmaya ba\u015flad\u0131.<\/p>\n<p>\u0130spanyol teknik adam, d\u00f6nem \u00f6ncesi oynanan ma\u00e7lar\u0131n 7&#8217;sinde birinci 11&#8217;de alana Arda&#8217;y\u0131 s\u00fcrerken, ulusal futbolcu D\u00fcnya Kul\u00fcpler Kupas\u0131&#8217;ndaki 5 ma\u00e7\u0131n 4&#8217;\u00fcnde birinci dakikadan itibaren alanda yer alm\u0131\u015ft\u0131.<\/p>\n<p>Arda, LaLiga&#8217;da 2023-2024 d\u00f6neminde 10 ma\u00e7ta 6 gol atm\u0131\u015f, ge\u00e7en sezon ise ligde 28 ma\u00e7ta oynam\u0131\u015f ve 3 gol kaydetmi\u015fti.<\/p>\n<p>Ma\u00e7\u0131n de\u011ferli anlar\u0131ndan biri ise Real Madrid&#8217;in hafta i\u00e7inde bas\u0131na tan\u0131t\u0131m\u0131n\u0131 yapt\u0131\u011f\u0131 yeni transferi 18 ya\u015f\u0131ndaki Arjantinli forvet Franco Mastantuono&#8217;nun, 68. dakikada eflatun beyazl\u0131 taraftarlar\u0131n b\u00fcy\u00fck dayana\u011f\u0131yla Brahim Diaz&#8217;\u0131n yerine oyuna girmesi oldu.<\/p>\n<p>Kar\u015f\u0131la\u015fmay\u0131, Arda G\u00fcler&#8217;in babas\u0131 \u00dcmit G\u00fcler ile annesi Serap G\u00fcler de trib\u00fcnden izledi.<\/p>\n","protected":false},"excerpt":{"rendered":"<p>Arda G\u00fcler&#8217;in birinci 11&#8217;de misyon ald\u0131\u011f\u0131 Real Madrid, LaLiga&#8217;da d\u00f6nemin birinci ma\u00e7\u0131nda Osasuna&#8217;y\u0131 ma\u011flup etti.<\/p>\n","protected":false},"author":1,"featured_media":71323,"comment_status":"open","ping_status":"open","sticky":false,"template":"","format":"standard","meta":{"footnotes":""},"categories":[30],"tags":[4253,1052,3770,1194,485],"class_list":["post-71322","post","type-post","status-publish","format-standard","has-post-thumbnail","hentry","category-spor","tag-arda","tag-futbol","tag-guler","tag-real-madrid","tag-sezon"],"_links":{"self":[{"href":"https:\/\/ikimisli.tr\/index.php\/wp-json\/wp\/v2\/posts\/71322","targetHints":{"allow":["GET"]}}],"collection":[{"href":"https:\/\/ikimisli.tr\/index.php\/wp-json\/wp\/v2\/posts"}],"about":[{"href":"https:\/\/ikimisli.tr\/index.php\/wp-json\/wp\/v2\/types\/post"}],"author":[{"embeddable":true,"href":"https:\/\/ikimisli.tr\/index.php\/wp-json\/wp\/v2\/users\/1"}],"replies":[{"embeddable":true,"href":"https:\/\/ikimisli.tr\/index.php\/wp-json\/wp\/v2\/comments?post=71322"}],"version-history":[{"count":1,"href":"https:\/\/ikimisli.tr\/index.php\/wp-json\/wp\/v2\/posts\/71322\/revisions"}],"predecessor-version":[{"id":71324,"href":"https:\/\/ikimisli.tr\/index.php\/wp-json\/wp\/v2\/posts\/71322\/revisions\/71324"}],"wp:featuredmedia":[{"embeddable":true,"href":"https:\/\/ikimisli.tr\/index.php\/wp-json\/wp\/v2\/media\/71323"}],"wp:attachment":[{"href":"https:\/\/ikimisli.tr\/index.php\/wp-json\/wp\/v2\/media?parent=71322"}],"wp:term":[{"taxonomy":"category","embeddable":true,"href":"https:\/\/ikimisli.tr\/index.php\/wp-json\/wp\/v2\/categories?post=71322"},{"taxonomy":"post_tag","embeddable":true,"href":"https:\/\/ikimisli.tr\/index.php\/wp-json\/wp\/v2\/tags?post=71322"}],"curies":[{"name":"wp","href":"https:\/\/api.w.org\/{rel}","templated":true}]}}