{"id":71325,"date":"2025-08-21T18:32:41","date_gmt":"2025-08-21T18:32:41","guid":{"rendered":"https:\/\/ikimisli.tr\/?p=71325"},"modified":"2025-08-21T18:32:41","modified_gmt":"2025-08-21T18:32:41","slug":"alexandru-cicaldau-hala-galatasarayi-takip-ediyorum","status":"publish","type":"post","link":"https:\/\/ikimisli.tr\/index.php\/2025\/08\/21\/alexandru-cicaldau-hala-galatasarayi-takip-ediyorum\/","title":{"rendered":"Alexandru Cicaldau: H\u00e2l\u00e2 Galatasaray&#8217;\u0131 takip ediyorum"},"content":{"rendered":"<p>UEFA Konferans Ligi play-off \u00e7e\u015fidi birinci ma\u00e7\u0131nda \u0130stanbul Ba\u015fak\u015fehir&#8217;e konuk olacak.<\/p>\n<p>Romanya temsilcisi Universitatea Craiova&#8217;n\u0131n Teknik Y\u00f6neticisi Mirel Radoi ve bir periyot T\u00fcrkiye&#8217;de Galatasaray ve Konyaspor&#8217;da top ko\u015fturan Alexandru Cicaldau, m\u00fcsabakan\u0131n yap\u0131laca\u011f\u0131 Ba\u015fak\u015fehir Fatih Terim Stad\u0131&#8217;nda d\u00fczenlenen bas\u0131n toplant\u0131s\u0131nda a\u00e7\u0131klamalarda bulundu.\u00a0<\/p>\n<p>Turuncu-lacivertli kadronun kalitesine de\u011finen Radoi, &#8220;Bizi yar\u0131n \u00e7ok g\u00fc\u00e7 bir ma\u00e7 bekliyor. \u00c7ok g\u00fc\u00e7l\u00fc bir rakip. Ba\u015fak\u015fehir, bu iki ma\u00e7\u0131n favorisi. Yar\u0131n ve gelecek hafta rakibimize h\u00fcrmetimizi ziyadesiyle g\u00f6sterece\u011fiz. Onlara bir h\u00fcrmetimiz var fakat bu yaln\u0131zca ma\u00e7 \u00f6ncesi.&#8221; diye konu\u015ftu.<\/p>\n<p>\u0130stanbul temsilcisinin teknik y\u00f6neticisi \u00c7a\u011fda\u015f Atan&#8217;\u0131 \u00f6ven Radoi, \u015funlar\u0131 kaydetti:<\/p>\n<p>&#8220;\u0130yi ve deneyimli bir teknik y\u00f6neticileri var. Son y\u0131llarda \u00e7al\u0131\u015ft\u0131rd\u0131\u011f\u0131 kadrolarda oynatt\u0131\u011f\u0131 futbolla kendisini muhakkak ediyor. Top rakipteyken \u00e7ok agresif ve kompakt oynayan bir rakip. Top aya\u011f\u0131ndayken ise \u00e7ok ofansif ve bask\u0131l\u0131 oynuyorlar. Nat\u00fcrel ki \u00e7ok g\u00fczel bir kadron yoksa bu i\u015fleri yapamazs\u0131n\u0131z. Yar\u0131n grup olarak \u00e7ok dikkatli ve birlikte oynamam\u0131z gerek. Devaml\u0131 kademe yapmam\u0131z laz\u0131m. Rakibe \u00e7ok fazla aral\u0131k ve alan tan\u0131mamam\u0131z gerek. \u00c7ok k\u0131ymetli futbolcular\u0131 var. Tek dokunu\u015fla bize berbat yakalayabilirler. Benim a\u00e7\u0131mdan Berat \u00d6zdemir \u00e7ok tehlikeli ve rakibin istikrar\u0131n\u0131 bozan bir futbolcu.&#8221;<\/p>\n<p><b>&#8220;En ufak yan\u0131lg\u0131 sonucu de\u011fi\u015ftirebilir&#8221;<\/b><\/p>\n<p>Eleme tiplerinde yanl\u0131\u015fa yer olmad\u0131\u011f\u0131n\u0131 aktaran 44 ya\u015f\u0131ndaki Rumen teknik adam, &#8220;\u015eimdiye kadar d\u00f6nemin en k\u0131ymetli ma\u00e7lar\u0131na \u00e7\u0131kaca\u011f\u0131z. Zira ligdeki ma\u00e7lar\u0131n telafisi var lakin bu eleme m\u00fcsabakas\u0131. Bu iki kar\u015f\u0131la\u015fmada yap\u0131lacak en ufak kusur sonucu de\u011fi\u015ftirebilir. Rakip hakk\u0131nda eski futbolculardan ve T\u00fcrk hocalardan bilgi ald\u0131m. Bana gelen bilgiler Fenerbah\u00e7e&#8217;den sonra Ba\u015fak\u015fehir&#8217;in en ufak yan\u0131lg\u0131y\u0131 de\u011ferlendirdi\u011fi ve kolay gol atabildi\u011fi.&#8221; s\u00f6zlerini kulland\u0131.<\/p>\n<p>T\u00fcrkiye&#8217;deki taraftarlar\u0131n olu\u015fturdu\u011fu atmosferin sorulmas\u0131 \u00fczerine Radoi, &#8220;Sahada ben oynam\u0131yorum. Esasen bu t\u0131p atmosferi seviyorum. Vaktinde futbolcuyken Galatasaray&#8217;a kar\u015f\u0131 oynad\u0131m. \u0130stanbul&#8217;da 2-2 berabere kald\u0131k. Bir futbolcu i\u00e7in bundan daha ho\u015f bir \u015fey olamaz. T\u00fcrkiye&#8217;deki futbol sevgisi ve fanatik taraftarlar var. Seninle yahut sana rakip olsa da k\u0131ymetli de\u011fil. Umar\u0131m yar\u0131n ak\u015fam ho\u015f bir atmosfer olur ve futbolcular\u0131 daha \u00e7ok motive eder.&#8221; halinde g\u00f6r\u00fc\u015f belirtti.<\/p>\n<p><b>Cicaldau: S\u0131k\u0131nt\u0131 bir ma\u00e7a \u00e7\u0131k\u0131yoruz<\/b><\/p>\n<p>Alexandru Cicaldau ise kendilerini s\u0131k\u0131nt\u0131 bir kar\u015f\u0131la\u015fman\u0131n bekledi\u011fini s\u00f6yledi.<\/p>\n<p>\u0130stanbul Ba\u015fak\u015fehir&#8217;in g\u00fc\u00e7l\u00fc bir kadro oldu\u011fundan bahseden Cicaldau, &#8220;Zor bir ma\u00e7a \u00e7\u0131k\u0131yoruz. Rakibi biliyoruz. \u00c7ok \u00e2l\u00e2 bir grup ancak biz de \u00e7ok yeterli haz\u0131rland\u0131k. Bu ma\u00e7a en d\u00fczg\u00fcn bi\u00e7imde \u00e7\u0131k\u0131p kazanmaya \u00e7al\u0131\u015faca\u011f\u0131z. Ba\u015fak\u015fehir \u00e7ok kaliteli bir ekip. \u00c7ok \u00e2l\u00e2 futbolcular\u0131 var. Yar\u0131n galibiyet i\u00e7in alanda elimizden gelenin en d\u00fczg\u00fcn\u00fcn\u00fc yapaca\u011f\u0131z.&#8221; diye konu\u015ftu.<\/p>\n<p>Tecr\u00fcbeli orta saha oyuncusu, bir periyot formas\u0131n\u0131 giydi\u011fi Galatasaray ile ilgili, &#8220;Hala Galatasaray&#8217;\u0131 takip ediyorum. \u00c7ok uygun transferler yapt\u0131lar. Bu da sonu\u00e7lara yans\u0131yor. Her sene \u015fampiyon olmalar\u0131 g\u00fczel transferler yapt\u0131klar\u0131n\u0131 g\u00f6steriyor.&#8221; s\u00f6zlerini kulland\u0131.<\/p>\n<p>\u0130stanbul Ba\u015fak\u015fehir ma\u00e7\u0131na mental olarak haz\u0131r olduklar\u0131n\u0131 vurgulan Cicaldau, iki grup ortas\u0131ndaki b\u00fct\u00e7e fark\u0131n\u0131n hat\u0131rlat\u0131lmas\u0131 \u00fczerine, &#8220;Bu sezonki en s\u0131k\u0131nt\u0131 ma\u00e7lardan birine \u00e7\u0131kaca\u011f\u0131z. Elimizden gelenin en d\u00fczg\u00fcn\u00fcn\u00fc yapmaya \u00e7al\u0131\u015faca\u011f\u0131z. \u015eu anda uygun bir devirden ge\u00e7iyoruz. Elimizden gelen her \u015feyi yaparsak b\u00fct\u00e7e fark\u0131n\u0131 kapat\u0131r\u0131z.&#8221; de\u011ferlendirmesinde bulundu.<\/p>\n","protected":false},"excerpt":{"rendered":"<p>Universitatea Craiova&#8217;da forma giyen Galatasaray&#8217;\u0131n eski futbolcusu Alexandru Cicaldau, Ba\u015fak\u015fehir ma\u00e7\u0131 \u00f6ncesi yapt\u0131\u011f\u0131 a\u00e7\u0131klamada &#8220;H\u00e2l\u00e2 Galatasaray&#8217;\u0131 takip ediyorum. Her sene \u015fampiyon olmalar\u0131 uygun transferler yapt\u0131klar\u0131n\u0131 g\u00f6steriyor&#8221; dedi.<\/p>\n","protected":false},"author":1,"featured_media":71326,"comment_status":"open","ping_status":"open","sticky":false,"template":"","format":"standard","meta":{"footnotes":""},"categories":[30],"tags":[2828,2846,229,343,1130],"class_list":["post-71325","post","type-post","status-publish","format-standard","has-post-thumbnail","hentry","category-spor","tag-basaksehir","tag-futbolcu","tag-mac","tag-takim","tag-zor"],"_links":{"self":[{"href":"https:\/\/ikimisli.tr\/index.php\/wp-json\/wp\/v2\/posts\/71325","targetHints":{"allow":["GET"]}}],"collection":[{"href":"https:\/\/ikimisli.tr\/index.php\/wp-json\/wp\/v2\/posts"}],"about":[{"href":"https:\/\/ikimisli.tr\/index.php\/wp-json\/wp\/v2\/types\/post"}],"author":[{"embeddable":true,"href":"https:\/\/ikimisli.tr\/index.php\/wp-json\/wp\/v2\/users\/1"}],"replies":[{"embeddable":true,"href":"https:\/\/ikimisli.tr\/index.php\/wp-json\/wp\/v2\/comments?post=71325"}],"version-history":[{"count":1,"href":"https:\/\/ikimisli.tr\/index.php\/wp-json\/wp\/v2\/posts\/71325\/revisions"}],"predecessor-version":[{"id":71327,"href":"https:\/\/ikimisli.tr\/index.php\/wp-json\/wp\/v2\/posts\/71325\/revisions\/71327"}],"wp:featuredmedia":[{"embeddable":true,"href":"https:\/\/ikimisli.tr\/index.php\/wp-json\/wp\/v2\/media\/71326"}],"wp:attachment":[{"href":"https:\/\/ikimisli.tr\/index.php\/wp-json\/wp\/v2\/media?parent=71325"}],"wp:term":[{"taxonomy":"category","embeddable":true,"href":"https:\/\/ikimisli.tr\/index.php\/wp-json\/wp\/v2\/categories?post=71325"},{"taxonomy":"post_tag","embeddable":true,"href":"https:\/\/ikimisli.tr\/index.php\/wp-json\/wp\/v2\/tags?post=71325"}],"curies":[{"name":"wp","href":"https:\/\/api.w.org\/{rel}","templated":true}]}}