{"id":71441,"date":"2025-08-22T00:44:39","date_gmt":"2025-08-22T00:44:39","guid":{"rendered":"https:\/\/ikimisli.tr\/?p=71441"},"modified":"2025-08-22T00:44:39","modified_gmt":"2025-08-22T00:44:39","slug":"rektorun-aski-mevzuati-deldi","status":"publish","type":"post","link":"https:\/\/ikimisli.tr\/index.php\/2025\/08\/22\/rektorun-aski-mevzuati-deldi\/","title":{"rendered":"Rekt\u00f6r\u00fcn a\u015fk\u0131 mevzuat\u0131 deldi"},"content":{"rendered":"<p>Son periyotta &#8216;sahte diploma&#8217; skandal\u0131yla sars\u0131lan T\u00fcrkiye&#8217;de art\u0131k de Munzur \u00dcniversitesi&#8217;ndeki &#8216;sahte unvan&#8217; tezi ortal\u0131\u011f\u0131 kar\u0131\u015ft\u0131rd\u0131.<\/p>\n<p>\u0130ddiaya nazaran Munzur \u00dcniversitesi Rekt\u00f6r\u00fc Prof. Dr. Kenan Peker&#8217;in, F\u0131rat \u00dcniversitesi tak\u0131m\u0131nda misyon yapan e\u015fini Munzur \u00dcniversitesi&#8217;nde &#8220;Sosyal Tesisler Koordinat\u00f6r\u00fc&#8221; olarak g\u00f6revlendirdi\u011fi ileri s\u00fcr\u00fcld\u00fc.<\/p>\n<p>Y\u00d6K kay\u0131tlar\u0131nda, \u00fcniversite te\u015fkilat \u015femas\u0131nda ve tak\u0131m sisteminde olmayan bu unvan\u0131n misyon tarifi, imza yetkisi, t\u00fczel, mali ve idari sorumlulu\u011fu da bulunmad\u0131\u011f\u0131 da ortaya \u00e7\u0131kt\u0131.<\/p>\n<p>Bununla birlikte toplumsal tesislerin yasal olarak tan\u0131mlanm\u0131\u015f yetki ve sorumlulu\u011fu bulunan bir i\u015fletme m\u00fcd\u00fcr\u00fc varken bunun \u00fczerine paralel bir koordinat\u00f6rl\u00fck kurulmas\u0131 da t\u00fcrel olmad\u0131\u011f\u0131 da belirtildi.<\/p>\n<p>Ay\u015fe Esra Peker&#8217;in g\u00f6revlendirildi\u011fi \u00fcnitenin direkt nakit ak\u0131\u015f\u0131n\u0131n, konaklama gelirlerinin ve al\u0131m s\u00fcre\u00e7lerinin y\u00fcr\u00fct\u00fcld\u00fc\u011f\u00fc bir alan oldu\u011fu \u00f6\u011frenildi.<\/p>\n<p><b>&#8216;WHATSAPP DURUMU&#8217; D\u0130KKAT \u00c7EKT\u0130<\/b><\/p>\n<p>Ay\u015fe Esra Peker&#8217;in iletile\u015fme uygulamas\u0131 WhatsApp&#8217;\u0131n &#8220;durum&#8221; k\u0131sm\u0131nda Athena\u2019n\u0131n &#8220;Yorulmak Olmaz&#8221; m\u00fczi\u011fi e\u015fli\u011finde de bir g\u00f6r\u00fcnt\u00fc payla\u015ft\u0131\u011f\u0131 g\u00f6r\u00fcld\u00fc.<\/p>\n<p>&#8220;D\u00fczen bizden sorulur&#8221; notuyla payla\u015f\u0131lan g\u00f6r\u00fcnt\u00fcde \u00fcniversiteye ili\u015fkin evraklar\u0131n masa, yaz\u0131c\u0131 ve dolap \u00fczerlerine serildi\u011fi g\u00f6r\u00fcld\u00fc.<\/p>\n<p><b><span>&#8220;REKT\u00d6R\u00dcN A\u015eKI&#8221; SAVLARI YANITLADI, S\u00d6ZC\u00dc\u2019YE ANLATTI<\/span><\/b><\/p>\n<p>Ay\u015fe Esra Peker bug\u00fcn ak\u015fam saatlerinde S\u00f6zc\u00fc muhabirine a\u00e7\u0131klamalarda bulundu. Peker \u201cHerhangi bir resmi tak\u0131m atamam, y\u00f6netimsel konumum, harcama yetkim ya da maa\u015f\/ek \u00f6deme hakk\u0131m bulunmamaktad\u0131r.\u201d dedi.<\/p>\n<p><strong>Peker\u2019in a\u00e7\u0131klamalar\u0131 motamot \u015f\u00f6yle:<\/strong><\/p>\n<p>&#8220;Kamuoyunda yer alan kimi savlar do\u011frultusunda, Munzur \u00dcniversitesi b\u00fcnyesinde taraf\u0131ma atfedilen \u201cSosyal Tesisler Koordinat\u00f6rl\u00fc\u011f\u00fc\u201d misyonu ve \u00fcniversitedeki pozisyonum hakk\u0131nda a\u00e7\u0131klama yapma gere\u011fi do\u011fmu\u015ftur.<\/p>\n<p><strong>1. G\u00f6revlendirme Deste\u011fi:<\/strong><\/p>\n<p>2547 say\u0131l\u0131 Y\u00fcksek\u00f6\u011fretim Kanunu\u2019nun 40\/b unsuru uyar\u0131nca, as\u0131l vazife yerim olan F\u0131rat \u00dcniversitesi\u2019nden Munzur \u00dcniversitesi\u2019ne s\u00fcreksiz g\u00f6revlendirmem yap\u0131lm\u0131\u015ft\u0131r. Bu husus kapsam\u0131nda yap\u0131lan g\u00f6revlendirmeler sadece \u201cders verme ve akademik katk\u0131 sa\u011flama\u201d gayesini ta\u015f\u0131makta olup, bu \u00e7er\u00e7evenin d\u0131\u015f\u0131nda rastgele bir idari ya da y\u00f6netimsel vazife \u00fcstlenilmesi m\u00fcmk\u00fcn de\u011fildir.<\/p>\n<p><b>G\u00d6REVLEND\u0130RME YALNIZCA AKADEM\u0130K N\u0130TEL\u0130KL\u0130D\u0130R<\/b><\/p>\n<p>Dolay\u0131s\u0131yla kelam konusu g\u00f6revlendirme sadece akademik niteliklidir ve idari bir g\u00f6revlendirme i\u00e7ermemektedir. Bu ba\u011flamda, \u00fcniversite b\u00fcnyesinde rastgele bir karar verici, y\u00fcr\u00fct\u00fcc\u00fc ya da idari konumda vazife almam kelam konusu de\u011fildir.<\/p>\n<p><b>\u201cSOSYAL TES\u0130SLER KOORD\u0130NAT\u00d6R\u00dc\u201d YOKTUR<\/b><\/p>\n<p><strong>2. Hukuken Tan\u0131nmayan Unvan Kullan\u0131m\u0131:<\/strong><\/p>\n<p>Taraf\u0131ma fiilen atfedilen \u201cSosyal Tesisler Koordinat\u00f6r\u00fc\u201d unvan\u0131, Y\u00fcksek\u00f6\u011fretim Kurulu Ba\u015fkanl\u0131\u011f\u0131\u2019n\u0131n (Y\u00d6K) tak\u0131m sisteminde yer almamakta; ayr\u0131yeten Munzur \u00dcniversitesi\u2019nin te\u015fkilat \u015femas\u0131, idari tak\u0131m planlamas\u0131 yahut resm\u00ee misyon tarifleri ortas\u0131nda da bulunmamaktad\u0131r.<\/p>\n<p>Bu nedenle, kelam konusu unvan kapsam\u0131nda taraf\u0131ma rastgele bir idari yetki, mali sorumluluk, b\u00fct\u00e7e tasarrufu yahut resm\u00ee imza yetkisi verilmemi\u015ftir. \u201cKoordinat\u00f6rl\u00fck\u201d tabiri, sadece kurumsal bir dayanak s\u00f6z\u00fc olarak kullan\u0131lm\u0131\u015f olup, t\u00fczel bir ba\u011flay\u0131c\u0131l\u0131\u011f\u0131 bulunmamaktad\u0131r.<\/p>\n<p>Ayr\u0131ca, ge\u00e7mi\u015f devirlerde de emsal formda, bu misyonda bir \u00f6b\u00fcr akademik i\u015f\u00e7inin yer ald\u0131\u011f\u0131 ve onun da rastgele bir mali s\u00fcrece dahil olmad\u0131\u011f\u0131 bilinmektedir.<\/p>\n<p><strong>3. Yetki, Sorumluluk ve Mali Haklarla \u0130lgili A\u00e7\u0131klamalar:<\/strong><\/p>\n<p>Munzur \u00dcniversitesi Sosyal Tesisler \u0130\u015fletme M\u00fcd\u00fcrl\u00fc\u011f\u00fc, direkt mevzuatla tan\u0131mlanm\u0131\u015f ve misyon tarifi belirlenmi\u015f bir \u00fcnitedir. \u00dcniversiteye ili\u015fkin t\u00fcm mali ve idari s\u00fcre\u00e7ler sadece bu m\u00fcd\u00fcrl\u00fc\u011f\u00fcn yetki alan\u0131nda, 5018 say\u0131l\u0131 Kamu Mali Y\u00f6netimi ve Kontrol Kanunu, 4734 say\u0131l\u0131 Kamu \u0130hale Kanunu ve ilgili \u00fcniversite y\u00f6nergeleri do\u011frultusunda y\u00fcr\u00fct\u00fclmektedir.<\/p>\n<p><b>&#8220;SATIN ALMA \u0130LE \u0130LG\u0130L\u0130 B\u0130R YETK\u0130M YOK&#8221;<\/b><\/p>\n<p>Bu \u00e7er\u00e7evede bilhassa vurgulamak isterim ki:<\/p>\n<p>Sat\u0131n alma, hizmet al\u0131m\u0131, \u00f6deme, muhasebe ve vergi s\u00fcre\u00e7lerine ait hi\u00e7bir vazife, yetki ya da sorumlulu\u011fum bulunmamaktad\u0131r.<\/p>\n<p>T\u00fcm bu s\u00fcre\u00e7ler sadece yetkili \u00fcniteler ve g\u00f6revlendirilmi\u015f i\u015f\u00e7i taraf\u0131ndan y\u00fcr\u00fct\u00fclmektedir.<\/p>\n<p>Taraf\u0131ma, kelam konusu \u201ckoordine\u201d durumu nedeniyle rastgele bir maa\u015f, ek ders fiyat\u0131, koordinat\u00f6rl\u00fck \u00f6demesi yahut \u00f6teki bir mali hak tahakkuk ettirilmemi\u015ftir.<\/p>\n<p>G\u00f6rev tarifim d\u0131\u015f\u0131nda rastgele bir y\u00f6netimsel s\u00fcre\u00e7 y\u00fcr\u00fctmem yahut yetki kullanmam kelam konusu de\u011fildir.<\/p>\n<p>Bu do\u011frultuda, Toplumsal Tesisler kapsam\u0131nda y\u00fcr\u00fct\u00fclen hi\u00e7bir mali yahut idari i\u015fleyi\u015fe resm\u00ee, fiil\u00ee ya da z\u0131mn\u00ee olarak m\u00fcdahil olunmam\u0131\u015ft\u0131r.<\/p>\n<p><b>&#8220;SOSYAL MEDYA PAYLA\u015eIMI FERD\u00ce VE M\u0130ZAH\u0130 B\u0130R N\u0130TEL\u0130K TA\u015eIMAKTADIR&#8221;<\/b><\/p>\n<p><strong>4. Toplumsal Medya Payla\u015f\u0131m\u0131 Hakk\u0131nda:<\/strong><\/p>\n<p>S\u00f6z konusu toplumsal medya payla\u015f\u0131m\u0131, b\u00fcsb\u00fct\u00fcn \u015fahs\u00ee ve mizahi bir nitelik ta\u015f\u0131makta olup, herhangi bir kamu kurumu ismine yap\u0131lmam\u0131\u015ft\u0131r. Payla\u015f\u0131ma mevzu olan dok\u00fcmanlar, \u00fcniversiteye ili\u015fkin a\u00e7\u0131k kaynakl\u0131 ve genel kullan\u0131ma a\u00e7\u0131k dok\u00fcmanlardan ibarettir. Rastgele bir z\u0131mnilik derecesi ta\u015f\u0131mamaktad\u0131r.<\/p>\n<p>Payla\u015f\u0131m\u0131n maksad\u0131, ofis ortam\u0131nda yap\u0131lan d\u00fczenlemeyi esprili bir lisanla aktarmakt\u0131r; resm\u00ee bir beyan ya da yetki tezi kelam konusu de\u011fildir.<\/p>\n<p><strong>SONU\u00c7:<\/strong><\/p>\n<p>2547 say\u0131l\u0131 Kanun\u2019un 40\/b unsuru kapsam\u0131nda sadece akademik katk\u0131 sa\u011flamak gayesiyle Munzur \u00dcniversitesi\u2019ne s\u00fcreksiz olarak g\u00f6revlendirilmi\u015f bulunmaktay\u0131m. Bu g\u00f6revlendirme \u00e7er\u00e7evesinde:<\/p>\n<p>Hukuken ge\u00e7erli olmayan bir unvan\u0131n taraf\u0131ma fiilen y\u00fcklenmi\u015f olmas\u0131, bana rastgele bir idari yetki, mali sorumluluk yahut karar alma yetkisi kazand\u0131rmamaktad\u0131r.<\/p>\n<p>Herhangi bir resmi tak\u0131m atamam, y\u00f6netimsel konumum, harcama yetkim ya da maa\u015f\/ek \u00f6deme hakk\u0131m bulunmamaktad\u0131r.Taraf\u0131mdan y\u00fcr\u00fct\u00fclen t\u00fcm faaliyetler, s\u0131rf destekleyici ve istekli niteliktedir; \u00fcniversitenin hukuksal, idari ve mali i\u015fleyi\u015fine muhalif hi\u00e7bir s\u00fcre\u00e7 ger\u00e7ekle\u015ftirilmemi\u015ftir.<\/p>\n<p><b>&#8220;AMACIMIZ KURUMA KATKI SA\u011eLAMAKTIR&#8221;<\/b><\/p>\n<p>Bunlara ek olarak, kamuoyunda yer alan haberlerin hi\u00e7birinin ger\u00e7ekle \u00f6rt\u00fc\u015fmedi\u011fini belirtmek isterim. Kamu Tasarruf \u00d6nlemleri kapsam\u0131nda, at\u0131l durumda bulunan misafirhanenin yine kullan\u0131ma a\u00e7\u0131lmas\u0131, daha verimli hizmet verilmesi emeliyle yap\u0131lan bir d\u00fczenlemedir. Bu s\u00fcre\u00e7te tek gayemiz, kuruma katk\u0131 sa\u011flamakt\u0131r.<\/p>\n<p>Ne yaz\u0131k ki bu haberlerin, Tunceli\u2019de ya\u015fanan olumlu geli\u015fmelerden rahats\u0131z olan kimi \u00e7evrelerce servis edildi\u011fi kanaatindeyim. Bu do\u011frultuda ilgili haber kurulu\u015funa y\u00f6nelik gerekli t\u00fcrel m\u00fcracaatlar da yap\u0131lm\u0131\u015ft\u0131r.&#8221;<\/p>\n","protected":false},"excerpt":{"rendered":"<p>Munzur \u00dcniversitesi Rekt\u00f6r\u00fc Prof. Dr. Kenan Peker&#8217;in e\u015fi Ay\u015fe Esra Peker&#8217;i F\u0131rat \u00dcniversitesi&#8217;nden kendi \u00fcniversitesine mevzuatta yeri olmayan &#8220;Sosyal Tesisler Koordinat\u00f6r\u00fc&#8221; olarak atad\u0131\u011f\u0131 tez edildi.<\/p>\n","protected":false},"author":1,"featured_media":71442,"comment_status":"open","ping_status":"open","sticky":false,"template":"","format":"standard","meta":{"footnotes":""},"categories":[25],"tags":[7160,763,8579,576,2045],"class_list":["post-71441","post","type-post","status-publish","format-standard","has-post-thumbnail","hentry","category-gundem","tag-herhangi-bir","tag-idari","tag-munzur-universitesi","tag-universite","tag-yetki"],"_links":{"self":[{"href":"https:\/\/ikimisli.tr\/index.php\/wp-json\/wp\/v2\/posts\/71441","targetHints":{"allow":["GET"]}}],"collection":[{"href":"https:\/\/ikimisli.tr\/index.php\/wp-json\/wp\/v2\/posts"}],"about":[{"href":"https:\/\/ikimisli.tr\/index.php\/wp-json\/wp\/v2\/types\/post"}],"author":[{"embeddable":true,"href":"https:\/\/ikimisli.tr\/index.php\/wp-json\/wp\/v2\/users\/1"}],"replies":[{"embeddable":true,"href":"https:\/\/ikimisli.tr\/index.php\/wp-json\/wp\/v2\/comments?post=71441"}],"version-history":[{"count":1,"href":"https:\/\/ikimisli.tr\/index.php\/wp-json\/wp\/v2\/posts\/71441\/revisions"}],"predecessor-version":[{"id":71443,"href":"https:\/\/ikimisli.tr\/index.php\/wp-json\/wp\/v2\/posts\/71441\/revisions\/71443"}],"wp:featuredmedia":[{"embeddable":true,"href":"https:\/\/ikimisli.tr\/index.php\/wp-json\/wp\/v2\/media\/71442"}],"wp:attachment":[{"href":"https:\/\/ikimisli.tr\/index.php\/wp-json\/wp\/v2\/media?parent=71441"}],"wp:term":[{"taxonomy":"category","embeddable":true,"href":"https:\/\/ikimisli.tr\/index.php\/wp-json\/wp\/v2\/categories?post=71441"},{"taxonomy":"post_tag","embeddable":true,"href":"https:\/\/ikimisli.tr\/index.php\/wp-json\/wp\/v2\/tags?post=71441"}],"curies":[{"name":"wp","href":"https:\/\/api.w.org\/{rel}","templated":true}]}}