{"id":71573,"date":"2025-08-22T08:08:40","date_gmt":"2025-08-22T08:08:40","guid":{"rendered":"https:\/\/ikimisli.tr\/?p=71573"},"modified":"2025-08-22T08:08:40","modified_gmt":"2025-08-22T08:08:40","slug":"tarih-verildi-istanbul-37-dereceyi-gorecek","status":"publish","type":"post","link":"https:\/\/ikimisli.tr\/index.php\/2025\/08\/22\/tarih-verildi-istanbul-37-dereceyi-gorecek\/","title":{"rendered":"Tarih verildi: \u0130stanbul 37 dereceyi g\u00f6recek!"},"content":{"rendered":"<p>Ge\u00e7ti\u011fimiz haftadan bu yana \u0130stanbul ve Marmara B\u00f6lgesi\u2019ni tesiri alt\u0131na alan poyraz, art\u0131k yava\u015f yava\u015f tesirini kaybetmeye ba\u015flad\u0131. S\u0131cak havalara k\u0131sa bir mola verilmi\u015fti\u00a0fakat bu serin g\u00fcnler art\u0131k sona eriyor. S\u0131cakl\u0131k bilhassa cuma g\u00fcn\u00fc birtak\u0131m kentlerde 45 derecelere kadar \u00e7\u0131kacak. \u0130stanbul\u2019da ise s\u0131cakl\u0131k pahalar\u0131 35-37 derecelere kadar \u00e7\u0131kacak.<\/p>\n<p>Pazartesi g\u00fcn\u00fcnden itibaren tesirini kaybeden poyraz yerini s\u0131cak hava dalgalar\u0131na b\u0131rakt\u0131. Bilhassa \u0130stanbul\u2019da tesirli olan r\u00fczgar, s\u0131cakl\u0131klar\u0131n y\u00fckselmesini bir m\u00fchlet engelledi.<\/p>\n<p><b>&#8220;NEM TA\u015eINIMI DA H\u0130SSED\u0130LEN SICAKLI\u011eI VE BUNALTICILI\u011eI ARTIRDI&#8221;<\/b><\/p>\n<p>H\u00fcrriyet&#8217;te yer alan habere nazaran; S\u0131cakl\u0131klar\u0131n \u0130stanbul\u2019da ge\u00e7ti\u011fimiz hafta poyraz\u0131n tesiriyle mevsim normallerinde seyretti\u011fini a\u00e7\u0131klayan Meteoroloji M\u00fchendisi Adil Tek, &#8220;Poyraz ile Karadeniz \u00fczerinden \u0130stanbul\u2019a bir nem ta\u015f\u0131nma durumu oldu. Nem ta\u015f\u0131n\u0131m\u0131 da hissedilen s\u0131cakl\u0131\u011f\u0131 ve bunalt\u0131c\u0131l\u0131\u011f\u0131 art\u0131rd\u0131&#8221; dedi.<\/p>\n<p>Tek, poyraz\u0131n ne kadar rahatlatm\u0131\u015f g\u00f6r\u00fcnse de ta\u015f\u0131na nemden \u00f6t\u00fcr\u00fc tekrar bunalt\u0131c\u0131 havalar\u0131n ya\u015fand\u0131\u011f\u0131n\u0131 s\u00f6z etti.<\/p>\n<p>22 kentte s\u0131cakl\u0131k 40 dereceyi a\u015ft\u0131 22 kentte s\u0131cakl\u0131k 40 dereceyi a\u015ft\u0131<\/p>\n<p><b>HAFTA SONU 37 DERECEY\u0130 G\u00d6RECEK<\/b><\/p>\n<p>Adil Tek, \u201c\u0130stanbul\u2019da s\u0131cakl\u0131k bedelleri 35-37 derecelere kadar \u00e7\u0131kacak. Bu da bir s\u0131cak hava dalgas\u0131 lakin sevindiren haber \u015fu; temmuz ay\u0131nda ya\u015fad\u0131\u011f\u0131m\u0131z o pikleri g\u00f6rmeyece\u011fiz.<\/p>\n<p>*\u00c7ok bunalt\u0131c\u0131 bir s\u0131cak hava dalgas\u0131 olmayacak. 23 A\u011fustos Cumartesi g\u00fcn\u00fc ise s\u0131cakl\u0131k tesirini kaybedecek, 28-29 dereceye d\u00fc\u015fecek\u201d tabirlerini kulland\u0131.<\/p>\n","protected":false},"excerpt":{"rendered":"<p>\u0130stanbul ve Marmara&#8217;da tesirli olan serin havalar yerini tekrar s\u0131caklara b\u0131rakacak. \u00d6n\u00fcm\u00fczdeki hafta pazartesiden itibaren \u0130stanbul&#8217;da s\u0131cakl\u0131\u011f\u0131n 37 dereceye kadar \u00e7\u0131kmas\u0131 bekleniyor.<\/p>\n","protected":false},"author":1,"featured_media":71574,"comment_status":"open","ping_status":"open","sticky":false,"template":"","format":"standard","meta":{"footnotes":""},"categories":[25],"tags":[5669,161,380,2175,278],"class_list":["post-71573","post","type-post","status-publish","format-standard","has-post-thumbnail","hentry","category-gundem","tag-etkisi","tag-hava","tag-istanbul","tag-poyraz","tag-sicak"],"_links":{"self":[{"href":"https:\/\/ikimisli.tr\/index.php\/wp-json\/wp\/v2\/posts\/71573","targetHints":{"allow":["GET"]}}],"collection":[{"href":"https:\/\/ikimisli.tr\/index.php\/wp-json\/wp\/v2\/posts"}],"about":[{"href":"https:\/\/ikimisli.tr\/index.php\/wp-json\/wp\/v2\/types\/post"}],"author":[{"embeddable":true,"href":"https:\/\/ikimisli.tr\/index.php\/wp-json\/wp\/v2\/users\/1"}],"replies":[{"embeddable":true,"href":"https:\/\/ikimisli.tr\/index.php\/wp-json\/wp\/v2\/comments?post=71573"}],"version-history":[{"count":1,"href":"https:\/\/ikimisli.tr\/index.php\/wp-json\/wp\/v2\/posts\/71573\/revisions"}],"predecessor-version":[{"id":71575,"href":"https:\/\/ikimisli.tr\/index.php\/wp-json\/wp\/v2\/posts\/71573\/revisions\/71575"}],"wp:featuredmedia":[{"embeddable":true,"href":"https:\/\/ikimisli.tr\/index.php\/wp-json\/wp\/v2\/media\/71574"}],"wp:attachment":[{"href":"https:\/\/ikimisli.tr\/index.php\/wp-json\/wp\/v2\/media?parent=71573"}],"wp:term":[{"taxonomy":"category","embeddable":true,"href":"https:\/\/ikimisli.tr\/index.php\/wp-json\/wp\/v2\/categories?post=71573"},{"taxonomy":"post_tag","embeddable":true,"href":"https:\/\/ikimisli.tr\/index.php\/wp-json\/wp\/v2\/tags?post=71573"}],"curies":[{"name":"wp","href":"https:\/\/api.w.org\/{rel}","templated":true}]}}