{"id":71579,"date":"2025-08-22T08:32:39","date_gmt":"2025-08-22T08:32:39","guid":{"rendered":"https:\/\/ikimisli.tr\/?p=71579"},"modified":"2025-08-22T08:32:39","modified_gmt":"2025-08-22T08:32:39","slug":"funda-arar-yeni-imajiyla-bambaska-birine-donustu","status":"publish","type":"post","link":"https:\/\/ikimisli.tr\/index.php\/2025\/08\/22\/funda-arar-yeni-imajiyla-bambaska-birine-donustu\/","title":{"rendered":"Funda Arar yeni imaj\u0131yla bamba\u015fka birine d\u00f6n\u00fc\u015ft\u00fc"},"content":{"rendered":"<p>Funda Arar&#8217;\u0131n uzun bir ortadan sonra \u00e7\u0131kard\u0131\u011f\u0131 yeni m\u00fczi\u011fi &#8216;Unutulmuyor&#8217; yar\u0131n t\u00fcm dijital platformlarda yerini alacak. M\u00fczik i\u00e7in imaj de\u011fi\u015ftiren Arar, sa\u00e7lar\u0131n\u0131 kestirip sar\u0131ya boyatt\u0131. K\u00fc\u00e7\u00fck jean \u015fortu ve \u00fcslubuyla dikkat \u00e7ekti. M\u00fczik i\u00e7in de konu\u015fan Arar, &#8220;Ger\u00e7ek a\u015fk o denli kolay unutulmaz. Ancak o ger\u00e7ek a\u015fklardan da g\u00fcn\u00fcm\u00fczde pek kald\u0131\u011f\u0131 s\u00f6ylenemez&#8221; dedi.<\/p>\n<p>M\u00fczik seyahatine 2000 y\u0131l\u0131nda \u00e7\u0131kard\u0131\u011f\u0131 &#8216;Sevgilerde&#8217; alb\u00fcm\u00fcyle ba\u015flayan m\u00fczik\u00e7i Funda Arar, 2003&#8217;te Tarkan&#8217;\u0131n da imzas\u0131n\u0131 ta\u015f\u0131yan &#8216;Seni D\u00fc\u015f\u00fcn\u00fcr\u00fcm&#8217; m\u00fczi\u011fiyle b\u00fcy\u00fck bir \u00e7\u0131k\u0131\u015f yakalad\u0131, &#8216;Yak Gel&#8217;, &#8216;Senden \u00d6\u011frendim&#8217; ve &#8216;Ba\u011f\u0131\u015fla&#8217; \u00fczere m\u00fcziklerle haf\u0131zalara kaz\u0131nd\u0131.<\/p>\n<p><b>YEN\u0130 M\u00dcZ\u0130K YEN\u0130 \u0130MAJ<\/b><\/p>\n<p>\u00dcnl\u00fc m\u00fczik\u00e7inin uzun bir ortadan sonra \u00e7\u0131kard\u0131\u011f\u0131 yeni m\u00fczi\u011fi &#8216;Unutulmuyor&#8217; da yar\u0131n t\u00fcm dijital platformlarda yerini alacak.<\/p>\n<p>Funda Arar bu m\u00fczik i\u00e7in imaj\u0131n\u0131 de\u011fi\u015ftirdi, sa\u00e7lar\u0131n\u0131 kestirip sar\u0131ya boyatt\u0131. Arar, yeni imaj\u0131yla resmen farkl\u0131 birine d\u00f6n\u00fc\u015ft\u00fc.<\/p>\n<p><img decoding=\"async\" src=\"https:\/\/ikimisli.tr\/wp-content\/uploads\/2025\/08\/funda-arar-yeni-imajiyla-bambaska-birine-donustu-0-J9GDy72b.jpeg\"\/><\/p>\n","protected":false},"excerpt":{"rendered":"<p>Funda Arar&#8217;\u0131n uzun bir ortadan sonra \u00e7\u0131kard\u0131\u011f\u0131 yeni m\u00fczi\u011fi &#8216;Unutulmuyor&#8217; yar\u0131n t\u00fcm dijital platformlarda yerini alacak. M\u00fczik i\u00e7in imaj de\u011fi\u015ftiren Arar, sa\u00e7lar\u0131n\u0131 kestirip sar\u0131ya boyatt\u0131.<\/p>\n","protected":false},"author":1,"featured_media":71580,"comment_status":"open","ping_status":"open","sticky":false,"template":"","format":"standard","meta":{"footnotes":""},"categories":[27],"tags":[8589,1429],"class_list":["post-71579","post","type-post","status-publish","format-standard","has-post-thumbnail","hentry","category-magazin","tag-arar","tag-sarki"],"_links":{"self":[{"href":"https:\/\/ikimisli.tr\/index.php\/wp-json\/wp\/v2\/posts\/71579","targetHints":{"allow":["GET"]}}],"collection":[{"href":"https:\/\/ikimisli.tr\/index.php\/wp-json\/wp\/v2\/posts"}],"about":[{"href":"https:\/\/ikimisli.tr\/index.php\/wp-json\/wp\/v2\/types\/post"}],"author":[{"embeddable":true,"href":"https:\/\/ikimisli.tr\/index.php\/wp-json\/wp\/v2\/users\/1"}],"replies":[{"embeddable":true,"href":"https:\/\/ikimisli.tr\/index.php\/wp-json\/wp\/v2\/comments?post=71579"}],"version-history":[{"count":1,"href":"https:\/\/ikimisli.tr\/index.php\/wp-json\/wp\/v2\/posts\/71579\/revisions"}],"predecessor-version":[{"id":71582,"href":"https:\/\/ikimisli.tr\/index.php\/wp-json\/wp\/v2\/posts\/71579\/revisions\/71582"}],"wp:featuredmedia":[{"embeddable":true,"href":"https:\/\/ikimisli.tr\/index.php\/wp-json\/wp\/v2\/media\/71580"}],"wp:attachment":[{"href":"https:\/\/ikimisli.tr\/index.php\/wp-json\/wp\/v2\/media?parent=71579"}],"wp:term":[{"taxonomy":"category","embeddable":true,"href":"https:\/\/ikimisli.tr\/index.php\/wp-json\/wp\/v2\/categories?post=71579"},{"taxonomy":"post_tag","embeddable":true,"href":"https:\/\/ikimisli.tr\/index.php\/wp-json\/wp\/v2\/tags?post=71579"}],"curies":[{"name":"wp","href":"https:\/\/api.w.org\/{rel}","templated":true}]}}